{"id":259542,"date":"2021-11-22T20:43:39","date_gmt":"2021-11-22T20:43:39","guid":{"rendered":"https:\/\/www.ecuadortimes.net\/es\/?p=259542"},"modified":"2021-11-22T20:43:39","modified_gmt":"2021-11-22T20:43:39","slug":"sector-cafetalero-ecuatoriano-esta-desabastecido-por-problemas-con-contenedores-y-elevados-costos-de-insumos","status":"publish","type":"post","link":"https:\/\/www.ecuadortimes.net\/es\/sector-cafetalero-ecuatoriano-esta-desabastecido-por-problemas-con-contenedores-y-elevados-costos-de-insumos\/","title":{"rendered":"Sector cafetalero ecuatoriano est\u00e1 desabastecido por problemas con contenedores y elevados costos de insumos"},"content":{"rendered":"<section class=\"article-body prose prose-lg md:prose mx-auto space-y-3 font-primary\">\n<p class=\"prose-text\"><b>MANTA, Manab\u00ed<\/b><\/p>\n<p class=\"prose-text\">El sector productor e industrializador de caf\u00e9 para exportaci\u00f3n no cuenta, en estos d\u00edas, con materia prima, debido a que el grano que se importa para complementar la cifra que permita exportar caf\u00e9 tiene retrasos por la crisis de los contenedores.<\/p>\n<div id=\"attachment_259544\" style=\"width: 1500px\" class=\"wp-caption alignnone\"><img aria-describedby=\"caption-attachment-259544\" loading=\"lazy\" class=\"size-full wp-image-259544\" src=\"https:\/\/www.ecuadortimes.net\/es\/wp-content\/uploads\/2021\/11\/ecuador-times-ecuador-news-ecuadorian-coffee-sector-is-undersupplied-due-to-problems-with-containers-and-high-input-costs.jpg\" alt=\"\" width=\"1490\" height=\"670\" \/><p id=\"caption-attachment-259544\" class=\"wp-caption-text\">MANTA, Manab\u00ed. Ecuador debe contar anualmente con 300.000 quintales de caf\u00e9 como materia prima para exportar.<\/p><\/div>\n<p class=\"prose-text\">Anualmente en los campos productores de Ecuador se cultivan unos 250.000 quintales de caf\u00e9, tanto robusta como ar\u00e1bigo, pero se requieren unos 300.000 quintales, por lo que se necesitan importar unos 50.000 de varios pa\u00edses, <b>seg\u00fan Pablo Pinargote, gerente general de la Asociaci\u00f3n Nacional Ecuatoriana del Caf\u00e9 (Anecaf\u00e9)<\/b>.<\/p>\n<p class=\"prose-text\">El crecimiento de consumo de caf\u00e9 en Ecuador anualmente es del 5 %, reconoci\u00f3 Pinargote; pero, pese a ese incremento, no ha existido una mejor producci\u00f3n en los campos caficultores, que anualmente comienzan a cosechar el producto desde julio.<\/p>\n<p class=\"prose-text\">\u201cLas industrias para poder sobrevivir necesitan importar caf\u00e9 en grano de otros or\u00edgenes, porque no pueden encontrar el caf\u00e9 internamente. Ah\u00ed entra esta gran problem\u00e1tica; primero, el tema de los contenedores: tienen muchos or\u00edgenes para llegar a un destino como el nuestro, se ha incrementado el costo hasta en un 500 %, entonces, eso hace que la materia prima actualmente sea supercara para la industria ecuatoriana\u201d, se\u00f1al\u00f3 el directivo de Anecaf\u00e9.<\/p>\n<p class=\"prose-text\">Y a eso se suman los tiempos, recalca Pinargote, porque la industria ecuatoriana no est\u00e1 trabajando con los que anteriormente se ten\u00edan para contar con la materia prima, los cuales no exced\u00edan en el mayor de los casos los dos o dos meses y medio que tardaba en llegar el caf\u00e9 al puerto; pero, ahora, \u201ccon los cuellos de botella que hay con la crisis de contenedores en todas partes del mundo, se demora mucho m\u00e1s tiempo el arribo del caf\u00e9 importado\u201d.<\/p>\n<p class=\"prose-text\">Para agregar inconvenientes en el sector productor del caf\u00e9: el costo de los complementos que se necesitan, como el aluminio y los cartones, se ha encarecido, lo que tambi\u00e9n genera el crecimiento de la inversi\u00f3n para la elaboraci\u00f3n de caf\u00e9 industrializado.<\/p>\n<p class=\"prose-text\"><b>Hasta septiembre de este a\u00f1o, Ecuador ya hab\u00eda exportado 319.609 sacos de 60 kilos de caf\u00e9, tanto ar\u00e1bigo y robusta como industrializado, lo que le ha significado al pa\u00eds un ingreso de $ 45,8 millones por la venta al exterior de esta gram\u00ednea, de acuerdo con las estad\u00edsticas de Anecaf\u00e9<\/b>.<\/p>\n<p class=\"prose-text\">De las \u00faltimas tres d\u00e9cadas, el mejor a\u00f1o para la exportaci\u00f3n del caf\u00e9 ecuatoriano fue 1994, cuando se exportaron 2\u2032495.586 sacos de 60 kilogramos, lo que signific\u00f3 un ingreso al erario nacional de $ 411,2 millones; el segundo mejor a\u00f1o para exportar fue el 2012, cuando se vendieron al exterior 1\u2032570.944 sacos de 60 kilos, que significaron al pa\u00eds $ 273,8 millones. <b>(I)<\/b><\/p>\n<\/section>\n<p><a href=\"https:\/\/www.eluniverso.com\/noticias\/economia\/sector-cafetalero-ecuatoriano-esta-desabastecido-por-problemas-con-contenedores-y-elevados-costos-de-insumos-nota\/\">https:\/\/www.eluniverso.com\/noticias\/economia\/sector-cafetalero-ecuatoriano-esta-desabastecido-por-problemas-con-contenedores-y-elevados-costos-de-insumos-nota\/<\/a><\/p>\n","protected":false},"excerpt":{"rendered":"<p>MANTA, Manab\u00ed El sector productor e industrializador de caf\u00e9 para exportaci\u00f3n no cuenta, en estos d\u00edas, con materia prima, debido a que el grano que se importa para complementar la cifra que permita exportar caf\u00e9 tiene retrasos por la crisis de los contenedores. Anualmente en los campos productores de Ecuador se cultivan unos 250.000 quintales de caf\u00e9, tanto robusta como ar\u00e1bigo, pero se requieren unos 300.000 quintales, por lo que se necesitan importar unos 50.000 de varios pa\u00edses, seg\u00fan Pablo Pinargote, gerente general de la Asociaci\u00f3n Nacional Ecuatoriana del Caf\u00e9 (Anecaf\u00e9). El crecimiento de consumo de caf\u00e9 en Ecuador anualmente es del 5 %, reconoci\u00f3 Pinargote; pero, pese a ese incremento, no ha existido una mejor producci\u00f3n en los campos caficultores, que anualmente comienzan a cosechar el producto desde julio. \u201cLas industrias para poder sobrevivir necesitan importar caf\u00e9 en grano de otros or\u00edgenes, porque no pueden encontrar el caf\u00e9 internamente. Ah\u00ed entra esta gran problem\u00e1tica; primero, el tema de los contenedores: tienen muchos or\u00edgenes para llegar a un destino como el nuestro, se ha incrementado el costo hasta en un 500 %, entonces, eso hace que la materia prima actualmente sea supercara para la industria ecuatoriana\u201d, se\u00f1al\u00f3 el directivo de Anecaf\u00e9. Y a eso se suman los tiempos, recalca Pinargote, porque la industria ecuatoriana no est\u00e1 trabajando con los que anteriormente se ten\u00edan para contar con la materia prima, los cuales no exced\u00edan en el mayor de los casos los dos o dos meses y medio que tardaba en llegar el caf\u00e9 al puerto; pero, ahora, \u201ccon los cuellos de botella que hay con la crisis de contenedores en todas partes del mundo, se demora mucho m\u00e1s tiempo el arribo del caf\u00e9 importado\u201d. Para agregar inconvenientes en el sector productor del caf\u00e9: el costo de los complementos que se necesitan, como el aluminio y los cartones, se ha encarecido, lo que tambi\u00e9n genera el crecimiento de la inversi\u00f3n para la elaboraci\u00f3n de caf\u00e9 industrializado. Hasta septiembre de este a\u00f1o, Ecuador ya hab\u00eda exportado 319.609 sacos de 60 kilos de caf\u00e9, tanto ar\u00e1bigo y robusta como industrializado, lo que le ha significado al pa\u00eds un ingreso de $ 45,8 millones por la venta al exterior de esta gram\u00ednea, de acuerdo con las estad\u00edsticas de Anecaf\u00e9. De las \u00faltimas tres d\u00e9cadas, el mejor a\u00f1o para la exportaci\u00f3n del caf\u00e9 ecuatoriano fue 1994, cuando se exportaron 2\u2032495.586 sacos de 60 kilogramos, lo que signific\u00f3 un ingreso al erario nacional de $ 411,2 millones; el segundo mejor a\u00f1o para exportar fue el 2012, cuando se vendieron al exterior 1\u2032570.944 sacos de 60 kilos, que significaron al pa\u00eds $ 273,8 millones. (I) https:\/\/www.eluniverso.com\/noticias\/economia\/sector-cafetalero-ecuatoriano-esta-desabastecido-por-problemas-con-contenedores-y-elevados-costos-de-insumos-nota\/<\/p>\n","protected":false},"author":1,"featured_media":259544,"comment_status":"closed","ping_status":"closed","sticky":false,"template":"","format":"standard","meta":[],"categories":[43,23],"tags":[],"_links":{"self":[{"href":"https:\/\/www.ecuadortimes.net\/es\/wp-json\/wp\/v2\/posts\/259542"}],"collection":[{"href":"https:\/\/www.ecuadortimes.net\/es\/wp-json\/wp\/v2\/posts"}],"about":[{"href":"https:\/\/www.ecuadortimes.net\/es\/wp-json\/wp\/v2\/types\/post"}],"author":[{"embeddable":true,"href":"https:\/\/www.ecuadortimes.net\/es\/wp-json\/wp\/v2\/users\/1"}],"replies":[{"embeddable":true,"href":"https:\/\/www.ecuadortimes.net\/es\/wp-json\/wp\/v2\/comments?post=259542"}],"version-history":[{"count":2,"href":"https:\/\/www.ecuadortimes.net\/es\/wp-json\/wp\/v2\/posts\/259542\/revisions"}],"predecessor-version":[{"id":259545,"href":"https:\/\/www.ecuadortimes.net\/es\/wp-json\/wp\/v2\/posts\/259542\/revisions\/259545"}],"wp:featuredmedia":[{"embeddable":true,"href":"https:\/\/www.ecuadortimes.net\/es\/wp-json\/wp\/v2\/media\/259544"}],"wp:attachment":[{"href":"https:\/\/www.ecuadortimes.net\/es\/wp-json\/wp\/v2\/media?parent=259542"}],"wp:term":[{"taxonomy":"category","embeddable":true,"href":"https:\/\/www.ecuadortimes.net\/es\/wp-json\/wp\/v2\/categories?post=259542"},{"taxonomy":"post_tag","embeddable":true,"href":"https:\/\/www.ecuadortimes.net\/es\/wp-json\/wp\/v2\/tags?post=259542"}],"curies":[{"name":"wp","href":"https:\/\/api.w.org\/{rel}","templated":true}]}}