{"id":259549,"date":"2021-11-22T22:14:51","date_gmt":"2021-11-22T22:14:51","guid":{"rendered":"https:\/\/www.ecuadortimes.net\/es\/?p=259549"},"modified":"2021-11-22T22:14:51","modified_gmt":"2021-11-22T22:14:51","slug":"la-comic-con-ecuador-de-vuelta-a-la-presencialidad","status":"publish","type":"post","link":"https:\/\/www.ecuadortimes.net\/es\/la-comic-con-ecuador-de-vuelta-a-la-presencialidad\/","title":{"rendered":"La Comic Con Ecuador de vuelta a la presencialidad"},"content":{"rendered":"<div class=\"content-modules-container\">\n<p id=\"m103-102-104\" class=\"paragraph \">Acompa\u00f1ados del famoso <strong>Ecto-1<\/strong>, el veh\u00edculo de los <strong>cazafantasmas<\/strong>, <strong>Gloria Gallardo<\/strong>, presidenta de la Empresa P\u00fablica Municipal de Turismo, junto a diversos <strong>cosplayers <\/strong>presentaron un peque\u00f1o adelanto de lo que introducir\u00e1 la <strong>sexta edici\u00f3n de la Comic Con<\/strong> Ecuador en su retorno a la presencialidad.<\/p>\n<div id=\"attachment_259550\" style=\"width: 710px\" class=\"wp-caption alignnone\"><img aria-describedby=\"caption-attachment-259550\" loading=\"lazy\" class=\"size-full wp-image-259550\" src=\"https:\/\/www.ecuadortimes.net\/es\/wp-content\/uploads\/2021\/11\/ecuador-times-ecuador-news-comic-con-ecuador-back-to-presence.jpeg\" alt=\"\" width=\"700\" height=\"402\" \/><p id=\"caption-attachment-259550\" class=\"wp-caption-text\">Los precios de las entradas de la Comic Con van desde $12 a $150.<\/p><\/div>\n<p id=\"m108-107-109\" class=\"paragraph \">El <strong>Centro de Convenciones de Guayaquil <\/strong>acoger\u00e1 a los fan\u00e1ticos de los <strong>c\u00f3mics<\/strong>, pel\u00edculas de <strong>ficci\u00f3n<\/strong>, los <strong>videojuegos<\/strong>, los <strong>cosplayers<\/strong>, y todo lo relacionado con la <strong>cultura pop <\/strong>el s<strong>\u00e1bado 4 domingo 5 de diciembre <\/strong>de 09:00 a 21:00, y los fans ya pueden adquirir las entradas anticipadas a trav\u00e9s de la p\u00e1gina de <strong>Ticket Show<\/strong>.<\/p>\n<p id=\"m145-144-146\" class=\"paragraph \">Hasta el momento se ha anunciado la presencia de tres actores internacionales: <strong>Ray Fisher<\/strong>, quien es conocido por interpretar a <strong>Cyborg <\/strong>en las pel\u00edculas del Universo extendido de DC; <strong>Austin St. John<\/strong>, conocido por su papel en la serie de televisi\u00f3n Mighty Morphin Power Rangers como Jason Lee Scott, el primer <strong>Power Ranger rojo<\/strong>; y <strong>Daniel Pesina<\/strong>, conocido como el actor que interpret\u00f3 a Johnny Cage y los ninjas Sub-Zero en <strong>Mortal Kombat<\/strong>.<\/p>\n<p id=\"m150-149-151\" class=\"paragraph \">El evento contar\u00e1 con la presencia de varios artistas gr\u00e1ficos nacionales e internacionales, entre los que destaca <strong>German Peralta<\/strong>, <strong>ilustrador de Marvel<\/strong>, que ha trabajado en comics como Agents of S.H.I.E.L.D., Suicide Squad: Rebirth, Green Arrow, entre otros.<\/p>\n<div id=\"m155-154-156\" class=\"media-container content-free-html \">\n<div class=\"twitter-tweet twitter-tweet-rendered\" style=\"display: flex; max-width: 550px; width: 100%; margin-top: 10px; margin-bottom: 10px;\"><iframe id=\"twitter-widget-0\" class=\"\" style=\"position: static; visibility: visible; width: 550px; height: 600px; display: block; flex-grow: 1;\" title=\"Twitter Tweet\" src=\"https:\/\/platform.twitter.com\/embed\/Tweet.html?creatorScreenName=expresoec&amp;dnt=false&amp;embedId=twitter-widget-0&amp;features=eyJ0ZndfZXhwZXJpbWVudHNfY29va2llX2V4cGlyYXRpb24iOnsiYnVja2V0IjoxMjA5NjAwLCJ2ZXJzaW9uIjpudWxsfSwidGZ3X2hvcml6b25fdHdlZXRfZW1iZWRfOTU1NSI6eyJidWNrZXQiOiJodGUiLCJ2ZXJzaW9uIjpudWxsfSwidGZ3X3NwYWNlX2NhcmQiOnsiYnVja2V0Ijoib2ZmIiwidmVyc2lvbiI6bnVsbH19&amp;frame=false&amp;hideCard=false&amp;hideThread=false&amp;id=1462512357079494657&amp;lang=en&amp;origin=https%3A%2F%2Fwww.expreso.ec%2Fguayaquil%2Fcomic-ecuador-vuelta-presencialidad-116017.html&amp;sessionId=234f6a8b00cfe1610dbaf96edf80bb7dc9b75f22&amp;siteScreenName=expresoec&amp;theme=light&amp;widgetsVersion=f001879%3A1634581029404&amp;width=550px\" frameborder=\"0\" scrolling=\"no\" allowfullscreen=\"allowfullscreen\" data-tweet-id=\"1462512357079494657\"><\/iframe><\/div>\n<p><script async=\"\" src=\"https:\/\/platform.twitter.com\/widgets.js\" charset=\"utf-8\"><\/script><\/p>\n<\/div>\n<p id=\"m160-159-161\" class=\"paragraph \">Asimismo, Comic Con Ecuador reapertura su tradicional<strong> concurso de cosplayer<\/strong> que premiar\u00e1 a la mejor caracterizaci\u00f3n, tomando en cuenta la confecci\u00f3n y presentaci\u00f3n de los participantes, quienes hasta el 16 de Octubre se inscribieron en la convocatoria realizada en su p\u00e1gina web, y el <strong>premio al primer lugar <\/strong>ser\u00e1 otorgado por <strong>PlayStation<\/strong>.<\/p>\n<\/div>\n<p><a href=\"https:\/\/www.expreso.ec\/guayaquil\/comic-ecuador-vuelta-presencialidad-116017.html\">https:\/\/www.expreso.ec\/guayaquil\/comic-ecuador-vuelta-presencialidad-116017.html<\/a><\/p>\n","protected":false},"excerpt":{"rendered":"<p>Acompa\u00f1ados del famoso Ecto-1, el veh\u00edculo de los cazafantasmas, Gloria Gallardo, presidenta de la Empresa P\u00fablica Municipal de Turismo, junto a diversos cosplayers presentaron un peque\u00f1o adelanto de lo que introducir\u00e1 la sexta edici\u00f3n de la Comic Con Ecuador en su retorno a la presencialidad. El Centro de Convenciones de Guayaquil acoger\u00e1 a los fan\u00e1ticos de los c\u00f3mics, pel\u00edculas de ficci\u00f3n, los videojuegos, los cosplayers, y todo lo relacionado con la cultura pop el s\u00e1bado 4 domingo 5 de diciembre de 09:00 a 21:00, y los fans ya pueden adquirir las entradas anticipadas a trav\u00e9s de la p\u00e1gina de Ticket Show. Hasta el momento se ha anunciado la presencia de tres actores internacionales: Ray Fisher, quien es conocido por interpretar a Cyborg en las pel\u00edculas del Universo extendido de DC; Austin St. John, conocido por su papel en la serie de televisi\u00f3n Mighty Morphin Power Rangers como Jason Lee Scott, el primer Power Ranger rojo; y Daniel Pesina, conocido como el actor que interpret\u00f3 a Johnny Cage y los ninjas Sub-Zero en Mortal Kombat. El evento contar\u00e1 con la presencia de varios artistas gr\u00e1ficos nacionales e internacionales, entre los que destaca German Peralta, ilustrador de Marvel, que ha trabajado en comics como Agents of S.H.I.E.L.D., Suicide Squad: Rebirth, Green Arrow, entre otros. Asimismo, Comic Con Ecuador reapertura su tradicional concurso de cosplayer que premiar\u00e1 a la mejor caracterizaci\u00f3n, tomando en cuenta la confecci\u00f3n y presentaci\u00f3n de los participantes, quienes hasta el 16 de Octubre se inscribieron en la convocatoria realizada en su p\u00e1gina web, y el premio al primer lugar ser\u00e1 otorgado por PlayStation. https:\/\/www.expreso.ec\/guayaquil\/comic-ecuador-vuelta-presencialidad-116017.html<\/p>\n","protected":false},"author":1,"featured_media":259550,"comment_status":"closed","ping_status":"closed","sticky":false,"template":"","format":"standard","meta":[],"categories":[35,24],"tags":[],"_links":{"self":[{"href":"https:\/\/www.ecuadortimes.net\/es\/wp-json\/wp\/v2\/posts\/259549"}],"collection":[{"href":"https:\/\/www.ecuadortimes.net\/es\/wp-json\/wp\/v2\/posts"}],"about":[{"href":"https:\/\/www.ecuadortimes.net\/es\/wp-json\/wp\/v2\/types\/post"}],"author":[{"embeddable":true,"href":"https:\/\/www.ecuadortimes.net\/es\/wp-json\/wp\/v2\/users\/1"}],"replies":[{"embeddable":true,"href":"https:\/\/www.ecuadortimes.net\/es\/wp-json\/wp\/v2\/comments?post=259549"}],"version-history":[{"count":1,"href":"https:\/\/www.ecuadortimes.net\/es\/wp-json\/wp\/v2\/posts\/259549\/revisions"}],"predecessor-version":[{"id":259551,"href":"https:\/\/www.ecuadortimes.net\/es\/wp-json\/wp\/v2\/posts\/259549\/revisions\/259551"}],"wp:featuredmedia":[{"embeddable":true,"href":"https:\/\/www.ecuadortimes.net\/es\/wp-json\/wp\/v2\/media\/259550"}],"wp:attachment":[{"href":"https:\/\/www.ecuadortimes.net\/es\/wp-json\/wp\/v2\/media?parent=259549"}],"wp:term":[{"taxonomy":"category","embeddable":true,"href":"https:\/\/www.ecuadortimes.net\/es\/wp-json\/wp\/v2\/categories?post=259549"},{"taxonomy":"post_tag","embeddable":true,"href":"https:\/\/www.ecuadortimes.net\/es\/wp-json\/wp\/v2\/tags?post=259549"}],"curies":[{"name":"wp","href":"https:\/\/api.w.org\/{rel}","templated":true}]}}