{"id":259558,"date":"2021-11-24T20:31:36","date_gmt":"2021-11-24T20:31:36","guid":{"rendered":"https:\/\/www.ecuadortimes.net\/es\/?p=259558"},"modified":"2021-11-24T20:31:36","modified_gmt":"2021-11-24T20:31:36","slug":"vacunacion-de-refuerzo-a-la-poblacion-en-general-comienza-en-enero-en-ecuador","status":"publish","type":"post","link":"https:\/\/www.ecuadortimes.net\/es\/vacunacion-de-refuerzo-a-la-poblacion-en-general-comienza-en-enero-en-ecuador\/","title":{"rendered":"Vacunaci\u00f3n de refuerzo a la poblaci\u00f3n en general comienza en enero en Ecuador"},"content":{"rendered":"<div class=\"content-modules-container\">\n<p id=\"m103-102-104\" class=\"paragraph \">La Ministra de Salud acentu\u00f3 que la <strong>vacunaci\u00f3n <\/strong>aplicada desde mayo pasado, cuando comenz\u00f3 el Gobierno liderado por <strong>Guillermo Lasso<\/strong>, &#8220;ha sido <strong>extremadamente efectiva<\/strong> para evitar muertes y cuadros complicados&#8221;.<\/p>\n<div id=\"attachment_259559\" style=\"width: 710px\" class=\"wp-caption alignnone\"><img aria-describedby=\"caption-attachment-259559\" loading=\"lazy\" class=\"size-full wp-image-259559\" src=\"https:\/\/www.ecuadortimes.net\/es\/wp-content\/uploads\/2021\/11\/ecuador-times-ecuador-news-booster-vaccination-to-the-general-population-begins-in-january-in-ecuador.jpeg\" alt=\"\" width=\"700\" height=\"402\" \/><p id=\"caption-attachment-259559\" class=\"wp-caption-text\">Al momento se aplica ya la tercera dosis a personas de la tercera edad y con alguna vulnerabilidad.<\/p><\/div>\n<p id=\"m108-107-109\" class=\"paragraph \">&#8220;Siguiendo ese mismo plan estrat\u00e9gico, desde enero iremos anunciando cu\u00e1les son las personas que deben acercarse a los <strong>centros de vacunaci\u00f3n <\/strong>para recibir sus <strong>dosis de refuerzo<\/strong>&#8220;, subray\u00f3.<\/p>\n<p id=\"m113-112-114\" class=\"paragraph \">Seg\u00fan Garz\u00f3n, Ecuador lograr\u00e1 vacunar al <strong>85% de la poblaci\u00f3n <\/strong>objetivo hasta <strong>finales de a\u00f1o<\/strong> pues hasta el martes se hab\u00eda vacunado ya a m\u00e1s de <strong>13 millones de personas<\/strong> con primera dosis, lo que &#8220;de por s\u00ed es un logro&#8221;.<\/p>\n<p id=\"m118-117-119\" class=\"paragraph \">&#8220;En este momento, tenemos el <strong>81% de la poblaci\u00f3n vacunada con una dosis<\/strong> y el <strong>68% de la poblaci\u00f3n vacunada con dos dosis<\/strong>. Hasta finales de noviembre vacunaremos al menos al 85% de la poblaci\u00f3n con una dosis, de tal manera que en diciembre nos vamos a enfocar en vacunar con segundas dosis&#8221;, explic\u00f3.<\/p>\n<p id=\"m123-122-124\" class=\"paragraph \">Seg\u00fan la funcionaria, el Gobierno cuenta con suficientes vacunas para avanzar en el proceso de inoculaci\u00f3n y entre<strong> enero y febrero de 2022<\/strong> llegar\u00e1n<strong> tres millones de vacunas<\/strong> m\u00e1s.<\/p>\n<p id=\"m160-159-161\" class=\"paragraph \">Si se cumple la meta, <strong>Ecuador <\/strong>se convertir\u00e1 en <strong>&#8220;uno de los primeros pa\u00edses en el mundo que haya cubierto el 85 % de la poblaci\u00f3n&#8221;<\/strong> vacunada, pero esto depende tambi\u00e9n de que la ciudadan\u00eda comprenda la importancia de estar protegidos, m\u00e1s a\u00fan con la cercan\u00eda de las fiestas de Navidad y Fin de A\u00f1o, se\u00f1al\u00f3.<\/p>\n<p id=\"m165-164-166\" class=\"paragraph \"><strong>LEVE REPUNTE<\/strong><\/p>\n<p id=\"m170-169-171\" class=\"paragraph \">Tras el <strong>festivo de cinco d\u00edas<\/strong>, a comienzos de mes se registr\u00f3 un <strong>repunte de los casos <\/strong>y se increment\u00f3 la cantidad de <strong>pacientes hospitalizados <\/strong>y que requirieron unidades de cuidado intensivo.<\/p>\n<p id=\"m175-174-176\" class=\"paragraph \">&#8220;Fue un <strong>repunte leve<\/strong>, de hecho, los contagios han <strong>aumentado <\/strong>de <strong>un promedio de 4% de positividad viral<\/strong> que hab\u00edamos sostenido por varias semanas -lo cual nos demostraba que estaba controlada la pandemia en el territorio nacional- <strong>subi\u00f3 al 9 %<\/strong>, es decir se duplic\u00f3&#8221;, precis\u00f3.<\/p>\n<p id=\"m180-179-181\" class=\"paragraph \">Hay <strong>trece personas en listas de espera para hospitalizaci\u00f3n<\/strong>, cuidados intermedios y cuidados intensivos en la red de hospitales del Ministerio de Salud, del Instituto Ecuatoriano de Seguridad Social, de las Fuerzas Armadas y la Polic\u00eda.<\/p>\n<p id=\"m185-184-186\" class=\"paragraph \">Garz\u00f3n detall\u00f3 que<strong> 85 de las 540 camas <\/strong>asignadas por el Ministerio para atenci\u00f3n de <strong>pacientes covid est\u00e1n ocupadas<\/strong>, as\u00ed como <strong>12 de las 45 camas<\/strong> dispuestas en <strong>cuidados intermedios <\/strong>y<strong> 71 de las 150 <\/strong>para <strong>cuidados intensivos<\/strong>.<\/p>\n<p id=\"m190-189-191\" class=\"paragraph \">Seg\u00fan la ministra, al momento hay <strong>problemas de cobertura en la zona amaz\u00f3nica<\/strong>: las provincias de Sucumb\u00edos (fronteriza con Colombia), en Pastaza, en Morona Santiago y Zamora Chinchipe.<\/p>\n<p id=\"m195-194-196\" class=\"paragraph \">&#8220;Esta falta de cobertura se traduce en un<strong> aumento de casos<\/strong>&#8220;, dijo al hablar de un rebrote en esas zonas.<\/p>\n<p id=\"m231-230-232\" class=\"paragraph \"><strong>FRONTERA CON COLOMBIA<\/strong><\/p>\n<p id=\"m236-235-237\" class=\"paragraph \">El pasado domingo, los Gobiernos de <strong>Ecuador <\/strong>y <strong>Colombia <\/strong>acordaron la <strong>reapertura de su frontera terrestre<\/strong> a partir del <strong>1 de diciembre<\/strong> con el fin de impulsar la actividad comercial y los lazos bilaterales, tras un cierre de a\u00f1o y medio por la pandemia de la covid-19.<\/p>\n<p id=\"m241-240-242\" class=\"paragraph \">&#8220;Realizaremos un <strong>evento bilateral de vacunaci\u00f3n<\/strong> el 1 de diciembre&#8221;, dijo la ministra al asegurar que trabajan &#8220;desde hace ya algunos meses&#8221; con el <strong>Ministerio de Salud P\u00fablica de Colombia<\/strong> para logran una <strong>&#8220;reapertura segura de las fronteras&#8221;<\/strong>.<\/p>\n<p id=\"m246-245-247\" class=\"paragraph \">Las personas podr\u00e1n pasar con el <strong>carn\u00e9 de vacunaci\u00f3n <\/strong>que certifique las dos dosis contra la covid-19, y quienes no deseen vacunarse deber\u00e1n presentar un <strong>certificado de PCR<\/strong>.<\/p>\n<p id=\"m251-250-252\" class=\"paragraph \">A partir del 1 de diciembre se desarrollar\u00e1n <strong>brigadas de vacunaci\u00f3n<\/strong> en ambos lados de la frontera, indic\u00f3 al asegurar que han reforzado el<strong> plan para determinaci\u00f3n de brotes y control<\/strong> inmediato para evitar su expansi\u00f3n.<\/p>\n<\/div>\n<p><a href=\"https:\/\/www.expreso.ec\/actualidad\/vacunacion-refuerzo-poblacion-general-comienza-enero-ecuador-116150.html\">https:\/\/www.expreso.ec\/actualidad\/vacunacion-refuerzo-poblacion-general-comienza-enero-ecuador-116150.html<\/a><\/p>\n","protected":false},"excerpt":{"rendered":"<p>La Ministra de Salud acentu\u00f3 que la vacunaci\u00f3n aplicada desde mayo pasado, cuando comenz\u00f3 el Gobierno liderado por Guillermo Lasso, &#8220;ha sido extremadamente efectiva para evitar muertes y cuadros complicados&#8221;. &#8220;Siguiendo ese mismo plan estrat\u00e9gico, desde enero iremos anunciando cu\u00e1les son las personas que deben acercarse a los centros de vacunaci\u00f3n para recibir sus dosis de refuerzo&#8220;, subray\u00f3. Seg\u00fan Garz\u00f3n, Ecuador lograr\u00e1 vacunar al 85% de la poblaci\u00f3n objetivo hasta finales de a\u00f1o pues hasta el martes se hab\u00eda vacunado ya a m\u00e1s de 13 millones de personas con primera dosis, lo que &#8220;de por s\u00ed es un logro&#8221;. &#8220;En este momento, tenemos el 81% de la poblaci\u00f3n vacunada con una dosis y el 68% de la poblaci\u00f3n vacunada con dos dosis. Hasta finales de noviembre vacunaremos al menos al 85% de la poblaci\u00f3n con una dosis, de tal manera que en diciembre nos vamos a enfocar en vacunar con segundas dosis&#8221;, explic\u00f3. Seg\u00fan la funcionaria, el Gobierno cuenta con suficientes vacunas para avanzar en el proceso de inoculaci\u00f3n y entre enero y febrero de 2022 llegar\u00e1n tres millones de vacunas m\u00e1s. Si se cumple la meta, Ecuador se convertir\u00e1 en &#8220;uno de los primeros pa\u00edses en el mundo que haya cubierto el 85 % de la poblaci\u00f3n&#8221; vacunada, pero esto depende tambi\u00e9n de que la ciudadan\u00eda comprenda la importancia de estar protegidos, m\u00e1s a\u00fan con la cercan\u00eda de las fiestas de Navidad y Fin de A\u00f1o, se\u00f1al\u00f3. LEVE REPUNTE Tras el festivo de cinco d\u00edas, a comienzos de mes se registr\u00f3 un repunte de los casos y se increment\u00f3 la cantidad de pacientes hospitalizados y que requirieron unidades de cuidado intensivo. &#8220;Fue un repunte leve, de hecho, los contagios han aumentado de un promedio de 4% de positividad viral que hab\u00edamos sostenido por varias semanas -lo cual nos demostraba que estaba controlada la pandemia en el territorio nacional- subi\u00f3 al 9 %, es decir se duplic\u00f3&#8221;, precis\u00f3. Hay trece personas en listas de espera para hospitalizaci\u00f3n, cuidados intermedios y cuidados intensivos en la red de hospitales del Ministerio de Salud, del Instituto Ecuatoriano de Seguridad Social, de las Fuerzas Armadas y la Polic\u00eda. Garz\u00f3n detall\u00f3 que 85 de las 540 camas asignadas por el Ministerio para atenci\u00f3n de pacientes covid est\u00e1n ocupadas, as\u00ed como 12 de las 45 camas dispuestas en cuidados intermedios y 71 de las 150 para cuidados intensivos. Seg\u00fan la ministra, al momento hay problemas de cobertura en la zona amaz\u00f3nica: las provincias de Sucumb\u00edos (fronteriza con Colombia), en Pastaza, en Morona Santiago y Zamora Chinchipe. &#8220;Esta falta de cobertura se traduce en un aumento de casos&#8220;, dijo al hablar de un rebrote en esas zonas. FRONTERA CON COLOMBIA El pasado domingo, los Gobiernos de Ecuador y Colombia acordaron la reapertura de su frontera terrestre a partir del 1 de diciembre con el fin de impulsar la actividad comercial y los lazos bilaterales, tras un cierre de a\u00f1o y medio por la pandemia de la covid-19. &#8220;Realizaremos un evento bilateral de vacunaci\u00f3n el 1 de diciembre&#8221;, dijo la ministra al asegurar que trabajan &#8220;desde hace ya algunos meses&#8221; con el Ministerio de Salud P\u00fablica de Colombia para logran una &#8220;reapertura segura de las fronteras&#8221;. Las personas podr\u00e1n pasar con el carn\u00e9 de vacunaci\u00f3n que certifique las dos dosis contra la covid-19, y quienes no deseen vacunarse deber\u00e1n presentar un certificado de PCR. A partir del 1 de diciembre se desarrollar\u00e1n brigadas de vacunaci\u00f3n en ambos lados de la frontera, indic\u00f3 al asegurar que han reforzado el plan para determinaci\u00f3n de brotes y control inmediato para evitar su expansi\u00f3n. https:\/\/www.expreso.ec\/actualidad\/vacunacion-refuerzo-poblacion-general-comienza-enero-ecuador-116150.html<\/p>\n","protected":false},"author":1,"featured_media":259559,"comment_status":"closed","ping_status":"closed","sticky":false,"template":"","format":"standard","meta":[],"categories":[35,24],"tags":[],"_links":{"self":[{"href":"https:\/\/www.ecuadortimes.net\/es\/wp-json\/wp\/v2\/posts\/259558"}],"collection":[{"href":"https:\/\/www.ecuadortimes.net\/es\/wp-json\/wp\/v2\/posts"}],"about":[{"href":"https:\/\/www.ecuadortimes.net\/es\/wp-json\/wp\/v2\/types\/post"}],"author":[{"embeddable":true,"href":"https:\/\/www.ecuadortimes.net\/es\/wp-json\/wp\/v2\/users\/1"}],"replies":[{"embeddable":true,"href":"https:\/\/www.ecuadortimes.net\/es\/wp-json\/wp\/v2\/comments?post=259558"}],"version-history":[{"count":1,"href":"https:\/\/www.ecuadortimes.net\/es\/wp-json\/wp\/v2\/posts\/259558\/revisions"}],"predecessor-version":[{"id":259560,"href":"https:\/\/www.ecuadortimes.net\/es\/wp-json\/wp\/v2\/posts\/259558\/revisions\/259560"}],"wp:featuredmedia":[{"embeddable":true,"href":"https:\/\/www.ecuadortimes.net\/es\/wp-json\/wp\/v2\/media\/259559"}],"wp:attachment":[{"href":"https:\/\/www.ecuadortimes.net\/es\/wp-json\/wp\/v2\/media?parent=259558"}],"wp:term":[{"taxonomy":"category","embeddable":true,"href":"https:\/\/www.ecuadortimes.net\/es\/wp-json\/wp\/v2\/categories?post=259558"},{"taxonomy":"post_tag","embeddable":true,"href":"https:\/\/www.ecuadortimes.net\/es\/wp-json\/wp\/v2\/tags?post=259558"}],"curies":[{"name":"wp","href":"https:\/\/api.w.org\/{rel}","templated":true}]}}