{"id":259562,"date":"2021-11-26T12:02:20","date_gmt":"2021-11-26T12:02:20","guid":{"rendered":"https:\/\/www.ecuadortimes.net\/es\/?p=259562"},"modified":"2021-11-26T12:02:20","modified_gmt":"2021-11-26T12:02:20","slug":"el-megaevento-expominas-y-ecuador-oil-power-arranca-mostrando-el-rostro-de-la-responsabilidad-social","status":"publish","type":"post","link":"https:\/\/www.ecuadortimes.net\/es\/el-megaevento-expominas-y-ecuador-oil-power-arranca-mostrando-el-rostro-de-la-responsabilidad-social\/","title":{"rendered":"El megaevento Expominas y Ecuador Oil &#038; Power arranca mostrando el rostro de la responsabilidad social"},"content":{"rendered":"<section class=\"article-body prose prose-lg md:prose mx-auto space-y-3 font-primary\">\n<p class=\"prose-text\"><b>Magdalena Tsuink, una ind\u00edgena <\/b><i><b>shuar <\/b><\/i><b>de la comunidad Warints,<\/b> muestra una serie de productos artesanales, como coloridos collares y termos de barro que realizan las mujeres de su comunidad. Magdalena realizaba su exposici\u00f3n en uno de los estands del <b>Megaevento Energ\u00e9tico XIII Expominas y XXI Expo Ecuador Oil &amp; Power 2021<\/b>,<b> <\/b>que se realiza, desde hoy hasta el 26 de noviembre, en el Centro de Convenciones Metropolitano de Quito.<\/p>\n<div id=\"attachment_259563\" style=\"width: 903px\" class=\"wp-caption alignnone\"><img aria-describedby=\"caption-attachment-259563\" loading=\"lazy\" class=\"size-full wp-image-259563\" src=\"https:\/\/www.ecuadortimes.net\/es\/wp-content\/uploads\/2021\/11\/ecuador-times-ecuador-news-The-mega-event-Expominas-and-Ecuador-Oil-Power-kicks-off-showing-the-face-of-social-responsibility.jpg\" alt=\"\" width=\"893\" height=\"670\" srcset=\"https:\/\/www.ecuadortimes.net\/es\/wp-content\/uploads\/2021\/11\/ecuador-times-ecuador-news-The-mega-event-Expominas-and-Ecuador-Oil-Power-kicks-off-showing-the-face-of-social-responsibility.jpg 893w, https:\/\/www.ecuadortimes.net\/es\/wp-content\/uploads\/2021\/11\/ecuador-times-ecuador-news-The-mega-event-Expominas-and-Ecuador-Oil-Power-kicks-off-showing-the-face-of-social-responsibility-75x55.jpg 75w\" sizes=\"(max-width: 893px) 100vw, 893px\" \/><p id=\"caption-attachment-259563\" class=\"wp-caption-text\">El megaevento Expominas y Ecuador Oil &amp; Power arranca mostrando el rostro de la responsabilidad social<\/p><\/div>\n<p class=\"prose-text\">Ella explicaba que estas artesan\u00edas son producto de las capacitaciones que han recibido de la empresa minera Lowell, subsidiaria de Solaris. La empresa lleva adelante el proyecto minero Warintza en Morona Santiago.<b> <\/b>\u201c<b>Hemos tenido una capacitaci\u00f3n de Lowell y nuestras madres han hecho estas manillas de mullos, collares para hombre, para mujer, carteras<\/b>\u201d, asegura.<\/p>\n<p class=\"prose-text\">En otro de los puestos de la feria se divisa a <b>Cecilia Tempam, del Azuay. Ella es representante de doce comunidades de mujeres emprendedoras de esa provincia<\/b>, que tambi\u00e9n han recibido capacitaci\u00f3n para realizar emprendimientos auspiciados por<b> Dundee Precious Metals (DPN)<\/b>,<b> <\/b>empresa que ha comprado acciones de INV Metal y que ahora maneja el proyecto Loma Larga. Cecilia explica que todas las socias (la mayor parte, cabezas de familia por la migraci\u00f3n) han podido realizar una serie de proyectos, como la elaboraci\u00f3n de champ\u00faes, chocolates, conservas, horchatas, cremas, que poco a poco se colocan en locales comerciales y que se venden en ferias.<\/p>\n<div class=\"embeded-image mb-6 bg-grey-100\">\n<figure>\n<div class=\"sc-ursye9 edFFub w-full h-full mx-auto\">\n<picture><source srcset=\"https:\/\/www.eluniverso.com\/resizer\/JsrUZEYJrDNREO-X4_-rI-D9GLg=\/223x167\/smart\/filters:quality(70)\/cloudfront-us-east-1.images.arcpublishing.com\/eluniverso\/H6THPTBTPBBM5KZVHDGE3PYESY.JPG 223w, https:\/\/www.eluniverso.com\/resizer\/JYU479cjXbVD2IAM_TTKhoMqmZs=\/447x335\/smart\/filters:quality(70)\/cloudfront-us-east-1.images.arcpublishing.com\/eluniverso\/H6THPTBTPBBM5KZVHDGE3PYESY.JPG 447w, https:\/\/www.eluniverso.com\/resizer\/DfjRYu0OVsBsqGvuB10ItGQye3c=\/893x670\/smart\/filters:quality(70)\/cloudfront-us-east-1.images.arcpublishing.com\/eluniverso\/H6THPTBTPBBM5KZVHDGE3PYESY.JPG 893w, https:\/\/www.eluniverso.com\/resizer\/F29NlVFXBpJoXnh-xkCNg0IAjLs=\/1340x1005\/smart\/filters:quality(70)\/cloudfront-us-east-1.images.arcpublishing.com\/eluniverso\/H6THPTBTPBBM5KZVHDGE3PYESY.JPG 1340w, https:\/\/www.eluniverso.com\/resizer\/7oo2MZa1I-WJeXCA50oEs_1hTig=\/1632x1224\/smart\/filters:quality(70)\/cloudfront-us-east-1.images.arcpublishing.com\/eluniverso\/H6THPTBTPBBM5KZVHDGE3PYESY.JPG 1632w\" sizes=\"(max-width: 893px) 100vw, 893px\" \/><img class=\"sc-i5xb18 jDSBIt h-auto m-0\" src=\"https:\/\/www.eluniverso.com\/resizer\/DfjRYu0OVsBsqGvuB10ItGQye3c=\/893x670\/smart\/filters:quality(70)\/cloudfront-us-east-1.images.arcpublishing.com\/eluniverso\/H6THPTBTPBBM5KZVHDGE3PYESY.JPG\" sizes=\"(max-width: 893px) 100vw, 893px\" srcset=\"https:\/\/www.eluniverso.com\/resizer\/JsrUZEYJrDNREO-X4_-rI-D9GLg=\/223x167\/smart\/filters:quality(70)\/cloudfront-us-east-1.images.arcpublishing.com\/eluniverso\/H6THPTBTPBBM5KZVHDGE3PYESY.JPG 223w, https:\/\/www.eluniverso.com\/resizer\/JYU479cjXbVD2IAM_TTKhoMqmZs=\/447x335\/smart\/filters:quality(70)\/cloudfront-us-east-1.images.arcpublishing.com\/eluniverso\/H6THPTBTPBBM5KZVHDGE3PYESY.JPG 447w, https:\/\/www.eluniverso.com\/resizer\/DfjRYu0OVsBsqGvuB10ItGQye3c=\/893x670\/smart\/filters:quality(70)\/cloudfront-us-east-1.images.arcpublishing.com\/eluniverso\/H6THPTBTPBBM5KZVHDGE3PYESY.JPG 893w, https:\/\/www.eluniverso.com\/resizer\/F29NlVFXBpJoXnh-xkCNg0IAjLs=\/1340x1005\/smart\/filters:quality(70)\/cloudfront-us-east-1.images.arcpublishing.com\/eluniverso\/H6THPTBTPBBM5KZVHDGE3PYESY.JPG 1340w, https:\/\/www.eluniverso.com\/resizer\/7oo2MZa1I-WJeXCA50oEs_1hTig=\/1632x1224\/smart\/filters:quality(70)\/cloudfront-us-east-1.images.arcpublishing.com\/eluniverso\/H6THPTBTPBBM5KZVHDGE3PYESY.JPG 1632w\" alt=\"\" \/><\/picture>\n<\/div><figcaption class=\"sc-pye9px krKtPB text-grey-700 p-2\">Cecilia Tempe, representante de mujeres emprendedoras del Azuay, estuvo presente en la XIII Expominas promocionando productos que elaboran con apoyo de la empresaria DPM. <strong class=\"text-grey-700\">Foto: CORTES\u00cdA<\/strong><\/figcaption><\/figure>\n<\/div>\n<p class=\"prose-text\">Ambos proyectos son muestra de la responsabilidad social de las empresas mineras. Justamente el tema de la responsabilidad social fue tratado en uno de los siete paneles del evento organizado por HJ Becdach, que espera recibir <b>a 5.000 visitantes y contar con la participaci\u00f3n de 230 empresas nacionales e internacionales, y brindar 70 conferencias magistrales y celebrar 4 mesas redondas en estos d\u00edas de evento<\/b>.<\/p>\n<div class=\"inline-element table m-auto px-2 pb-2 bg-white text-center border border-grey-100 text-xs\">\n<div id=\"Ampliada\" class=\"m-auto pubg-ad\" style=\"text-align: center;\">\n<div id=\"slot-4-Ampliada\"><\/div>\n<\/div>\n<\/div>\n<div class=\"embeded-image mb-6 bg-grey-100\">\n<figure>\n<div class=\"sc-ursye9 chLWPr w-full h-full mx-auto\">\n<picture><source srcset=\"https:\/\/www.eluniverso.com\/resizer\/NzwvJFng2rcNc4QyE25haHMgN3A=\/251x167\/smart\/filters:quality(70)\/cloudfront-us-east-1.images.arcpublishing.com\/eluniverso\/F5J7EEBJN5D3LITIWVHQZOCROE.jpg 251w, https:\/\/www.eluniverso.com\/resizer\/y80uJ_PNFaA-WyCDdFMGfBcNmOk=\/503x335\/smart\/filters:quality(70)\/cloudfront-us-east-1.images.arcpublishing.com\/eluniverso\/F5J7EEBJN5D3LITIWVHQZOCROE.jpg 503w, https:\/\/www.eluniverso.com\/resizer\/as6uSxm35m-_J1KMWNzLwQV_Qjk=\/1005x670\/smart\/filters:quality(70)\/cloudfront-us-east-1.images.arcpublishing.com\/eluniverso\/F5J7EEBJN5D3LITIWVHQZOCROE.jpg 1005w, https:\/\/www.eluniverso.com\/resizer\/qnAnBqjW1_8tcSWEMnkysO5Nwow=\/1508x1005\/smart\/filters:quality(70)\/cloudfront-us-east-1.images.arcpublishing.com\/eluniverso\/F5J7EEBJN5D3LITIWVHQZOCROE.jpg 1508w, https:\/\/www.eluniverso.com\/resizer\/qkmMfwxxwuqaacpUq9knLiEdWHk=\/2010x1340\/smart\/filters:quality(70)\/cloudfront-us-east-1.images.arcpublishing.com\/eluniverso\/F5J7EEBJN5D3LITIWVHQZOCROE.jpg 2010w, https:\/\/www.eluniverso.com\/resizer\/jbReNrpe6KfPwyRdk7mbtZpa5xs=\/5568x3712\/smart\/filters:quality(70)\/cloudfront-us-east-1.images.arcpublishing.com\/eluniverso\/F5J7EEBJN5D3LITIWVHQZOCROE.jpg 5568w\" sizes=\"(max-width: 1005px) 100vw, 1005px\" \/><img class=\"sc-i5xb18 jDSBIt h-auto m-0\" src=\"https:\/\/www.eluniverso.com\/resizer\/as6uSxm35m-_J1KMWNzLwQV_Qjk=\/1005x670\/smart\/filters:quality(70)\/cloudfront-us-east-1.images.arcpublishing.com\/eluniverso\/F5J7EEBJN5D3LITIWVHQZOCROE.jpg\" sizes=\"(max-width: 1005px) 100vw, 1005px\" srcset=\"https:\/\/www.eluniverso.com\/resizer\/NzwvJFng2rcNc4QyE25haHMgN3A=\/251x167\/smart\/filters:quality(70)\/cloudfront-us-east-1.images.arcpublishing.com\/eluniverso\/F5J7EEBJN5D3LITIWVHQZOCROE.jpg 251w, https:\/\/www.eluniverso.com\/resizer\/y80uJ_PNFaA-WyCDdFMGfBcNmOk=\/503x335\/smart\/filters:quality(70)\/cloudfront-us-east-1.images.arcpublishing.com\/eluniverso\/F5J7EEBJN5D3LITIWVHQZOCROE.jpg 503w, https:\/\/www.eluniverso.com\/resizer\/as6uSxm35m-_J1KMWNzLwQV_Qjk=\/1005x670\/smart\/filters:quality(70)\/cloudfront-us-east-1.images.arcpublishing.com\/eluniverso\/F5J7EEBJN5D3LITIWVHQZOCROE.jpg 1005w, https:\/\/www.eluniverso.com\/resizer\/qnAnBqjW1_8tcSWEMnkysO5Nwow=\/1508x1005\/smart\/filters:quality(70)\/cloudfront-us-east-1.images.arcpublishing.com\/eluniverso\/F5J7EEBJN5D3LITIWVHQZOCROE.jpg 1508w, https:\/\/www.eluniverso.com\/resizer\/qkmMfwxxwuqaacpUq9knLiEdWHk=\/2010x1340\/smart\/filters:quality(70)\/cloudfront-us-east-1.images.arcpublishing.com\/eluniverso\/F5J7EEBJN5D3LITIWVHQZOCROE.jpg 2010w, https:\/\/www.eluniverso.com\/resizer\/jbReNrpe6KfPwyRdk7mbtZpa5xs=\/5568x3712\/smart\/filters:quality(70)\/cloudfront-us-east-1.images.arcpublishing.com\/eluniverso\/F5J7EEBJN5D3LITIWVHQZOCROE.jpg 5568w\" alt=\"\" \/><\/picture>\n<\/div><figcaption class=\"sc-pye9px krKtPB text-grey-700 p-2\">En el Centro de Convenciones Metropolitano de Quito, se realiza desde hoy el mega evento Expominas 2021. Carlos Granja Medranda. <strong class=\"text-grey-700\">Foto: El Universo<\/strong><\/figcaption><\/figure>\n<\/div>\n<p class=\"prose-text\">Durante la ma\u00f1ana se desarroll\u00f3 el panel \u201cMiner\u00eda ambiental y socialmente responsable\u201d. <b>Jos\u00e9 L\u00f3pez, gerente de Responsabilidad de Solgold, que maneja, entre otros proyectos, uno de los m\u00e1s importantes, que es Cascabel<\/b>, coment\u00f3 que se llevan adelante al menos 16 proyectos agroproductivos, entre los cuales nombr\u00f3 proyectos con pollos camperos y cerdos, viveros de plantas y semillas, producci\u00f3n de flor de jamaica, entre otros.<\/p>\n<p class=\"prose-text\">Entre tanto, el proyecto <b>Warintza, manejado por Lowell y Solaris, remarca que mantiene varios programas con la comunidad, como parte de su alianza estrat\u00e9gica. As\u00ed est\u00e1n los programas:<\/b><\/p>\n<div class=\"inline-element\">\n<div>\n<div id=\"active-campaing-form\"><\/div>\n<\/div>\n<\/div>\n<ul class=\"prose-list\">\n<li>Warintza Verde &#8211; Responsabilidad y administraci\u00f3n ambiental<\/li>\n<li>Warintza Educa \u2013 Inversi\u00f3n en educaci\u00f3n financiera<\/li>\n<li>Warintza Mujeres \u2013 Compromiso con la equidad de g\u00e9nero y el empoderamiento femenino<\/li>\n<li>Warintza Emprende e Innova<\/li>\n<li>Warintza Construye<\/li>\n<li>Warintza Salud<\/li>\n<li>Warintza Miner\u00eda Artesanal<\/li>\n<\/ul>\n<p class=\"prose-text\"><b>La empresa dijo que como impactos directos en la comunidad tienen 453 <\/b>colaboradores directos. De ellos, 409, que representan el 90 %, son provenientes de la Amazon\u00eda, y el 42,60 % de las comunidades de Warints y Yawi. La empresa genera de manera indirecta 526 plazas de trabajo, a trav\u00e9s de sus contratistas, de los cuales 309 personas son provenientes del cant\u00f3n Lim\u00f3n Indanza.<\/p>\n<p class=\"prose-text\">Entre tanto,<b> Santiago Chamorro, de la Empresa Nacional Minera (Enami)<\/b>, mencion\u00f3 que la entidad <b>no tiene muchos recursos para realizar proyectos de responsabilidad social.<\/b><\/p>\n<p class=\"prose-text\"><b>Sin embargo, dijo que sus socios -que tienen mejor m\u00fasculo financiero-<\/b> s\u00ed han trabajando en este campo. Adicionalmente, mencion\u00f3 que la empresa p\u00fablica procura el bienestar de las comunidades brindando servicios que el propio Estado puede proveer, y puso como ejemplo la cedulaci\u00f3n de sectores remotos. Tambi\u00e9n remarc\u00f3 que siempre aplican buenas pr\u00e1cticas laborales y medioambientales.<\/p>\n<p class=\"prose-text\">Esta noche ser\u00e1 la inauguraci\u00f3n, y durante los tres d\u00edas de la exposici\u00f3n se abordar\u00e1n varios temas: \u201cEstrategias para incremento de la producci\u00f3n petrolera del Ecuador\u201d. \u201cUn modelo exitoso de relacionamiento con las comunidades\u201d. \u201cSituaci\u00f3n actual y futura de proyectos mineros del Ecuador\u201d. \u201cEncadenamiento productivo\u201d. \u201cProducci\u00f3n y proyectos en el sector petrolero\u201d. \u201cMiner\u00eda ambiental y socialmente responsable\u201d. \u201cProyecto Warintza, cobre para el futuro del Ecuador\u201d. (I)<\/p>\n<\/section>\n<p><a href=\"https:\/\/www.eluniverso.com\/noticias\/economia\/el-megaevento-expominas-y-ecuador-oil-power-arranca-mostrando-el-rostro-de-la-responsabilidad-social-nota\/\">https:\/\/www.eluniverso.com\/noticias\/economia\/el-megaevento-expominas-y-ecuador-oil-power-arranca-mostrando-el-rostro-de-la-responsabilidad-social-nota\/<\/a><\/p>\n","protected":false},"excerpt":{"rendered":"<p>Magdalena Tsuink, una ind\u00edgena shuar de la comunidad Warints, muestra una serie de productos artesanales, como coloridos collares y termos de barro que realizan las mujeres de su comunidad. Magdalena realizaba su exposici\u00f3n en uno de los estands del Megaevento Energ\u00e9tico XIII Expominas y XXI Expo Ecuador Oil &amp; Power 2021, que se realiza, desde hoy hasta el 26 de noviembre, en el Centro de Convenciones Metropolitano de Quito. Ella explicaba que estas artesan\u00edas son producto de las capacitaciones que han recibido de la empresa minera Lowell, subsidiaria de Solaris. La empresa lleva adelante el proyecto minero Warintza en Morona Santiago. \u201cHemos tenido una capacitaci\u00f3n de Lowell y nuestras madres han hecho estas manillas de mullos, collares para hombre, para mujer, carteras\u201d, asegura. En otro de los puestos de la feria se divisa a Cecilia Tempam, del Azuay. Ella es representante de doce comunidades de mujeres emprendedoras de esa provincia, que tambi\u00e9n han recibido capacitaci\u00f3n para realizar emprendimientos auspiciados por Dundee Precious Metals (DPN), empresa que ha comprado acciones de INV Metal y que ahora maneja el proyecto Loma Larga. Cecilia explica que todas las socias (la mayor parte, cabezas de familia por la migraci\u00f3n) han podido realizar una serie de proyectos, como la elaboraci\u00f3n de champ\u00faes, chocolates, conservas, horchatas, cremas, que poco a poco se colocan en locales comerciales y que se venden en ferias. Cecilia Tempe, representante de mujeres emprendedoras del Azuay, estuvo presente en la XIII Expominas promocionando productos que elaboran con apoyo de la empresaria DPM. Foto: CORTES\u00cdA Ambos proyectos son muestra de la responsabilidad social de las empresas mineras. Justamente el tema de la responsabilidad social fue tratado en uno de los siete paneles del evento organizado por HJ Becdach, que espera recibir a 5.000 visitantes y contar con la participaci\u00f3n de 230 empresas nacionales e internacionales, y brindar 70 conferencias magistrales y celebrar 4 mesas redondas en estos d\u00edas de evento. En el Centro de Convenciones Metropolitano de Quito, se realiza desde hoy el mega evento Expominas 2021. Carlos Granja Medranda. Foto: El Universo Durante la ma\u00f1ana se desarroll\u00f3 el panel \u201cMiner\u00eda ambiental y socialmente responsable\u201d. Jos\u00e9 L\u00f3pez, gerente de Responsabilidad de Solgold, que maneja, entre otros proyectos, uno de los m\u00e1s importantes, que es Cascabel, coment\u00f3 que se llevan adelante al menos 16 proyectos agroproductivos, entre los cuales nombr\u00f3 proyectos con pollos camperos y cerdos, viveros de plantas y semillas, producci\u00f3n de flor de jamaica, entre otros. Entre tanto, el proyecto Warintza, manejado por Lowell y Solaris, remarca que mantiene varios programas con la comunidad, como parte de su alianza estrat\u00e9gica. As\u00ed est\u00e1n los programas: Warintza Verde &#8211; Responsabilidad y administraci\u00f3n ambiental Warintza Educa \u2013 Inversi\u00f3n en educaci\u00f3n financiera Warintza Mujeres \u2013 Compromiso con la equidad de g\u00e9nero y el empoderamiento femenino Warintza Emprende e Innova Warintza Construye Warintza Salud Warintza Miner\u00eda Artesanal La empresa dijo que como impactos directos en la comunidad tienen 453 colaboradores directos. De ellos, 409, que representan el 90 %, son provenientes de la Amazon\u00eda, y el 42,60 % de las comunidades de Warints y Yawi. La empresa genera de manera indirecta 526 plazas de trabajo, a trav\u00e9s de sus contratistas, de los cuales 309 personas son provenientes del cant\u00f3n Lim\u00f3n Indanza. Entre tanto, Santiago Chamorro, de la Empresa Nacional Minera (Enami), mencion\u00f3 que la entidad no tiene muchos recursos para realizar proyectos de responsabilidad social. Sin embargo, dijo que sus socios -que tienen mejor m\u00fasculo financiero- s\u00ed han trabajando en este campo. Adicionalmente, mencion\u00f3 que la empresa p\u00fablica procura el bienestar de las comunidades brindando servicios que el propio Estado puede proveer, y puso como ejemplo la cedulaci\u00f3n de sectores remotos. Tambi\u00e9n remarc\u00f3 que siempre aplican buenas pr\u00e1cticas laborales y medioambientales. Esta noche ser\u00e1 la inauguraci\u00f3n, y durante los tres d\u00edas de la exposici\u00f3n se abordar\u00e1n varios temas: \u201cEstrategias para incremento de la producci\u00f3n petrolera del Ecuador\u201d. \u201cUn modelo exitoso de relacionamiento con las comunidades\u201d. \u201cSituaci\u00f3n actual y futura de proyectos mineros del Ecuador\u201d. \u201cEncadenamiento productivo\u201d. \u201cProducci\u00f3n y proyectos en el sector petrolero\u201d. \u201cMiner\u00eda ambiental y socialmente responsable\u201d. \u201cProyecto Warintza, cobre para el futuro del Ecuador\u201d. (I) https:\/\/www.eluniverso.com\/noticias\/economia\/el-megaevento-expominas-y-ecuador-oil-power-arranca-mostrando-el-rostro-de-la-responsabilidad-social-nota\/<\/p>\n","protected":false},"author":1,"featured_media":259563,"comment_status":"closed","ping_status":"closed","sticky":false,"template":"","format":"standard","meta":[],"categories":[35,23],"tags":[],"_links":{"self":[{"href":"https:\/\/www.ecuadortimes.net\/es\/wp-json\/wp\/v2\/posts\/259562"}],"collection":[{"href":"https:\/\/www.ecuadortimes.net\/es\/wp-json\/wp\/v2\/posts"}],"about":[{"href":"https:\/\/www.ecuadortimes.net\/es\/wp-json\/wp\/v2\/types\/post"}],"author":[{"embeddable":true,"href":"https:\/\/www.ecuadortimes.net\/es\/wp-json\/wp\/v2\/users\/1"}],"replies":[{"embeddable":true,"href":"https:\/\/www.ecuadortimes.net\/es\/wp-json\/wp\/v2\/comments?post=259562"}],"version-history":[{"count":1,"href":"https:\/\/www.ecuadortimes.net\/es\/wp-json\/wp\/v2\/posts\/259562\/revisions"}],"predecessor-version":[{"id":259564,"href":"https:\/\/www.ecuadortimes.net\/es\/wp-json\/wp\/v2\/posts\/259562\/revisions\/259564"}],"wp:featuredmedia":[{"embeddable":true,"href":"https:\/\/www.ecuadortimes.net\/es\/wp-json\/wp\/v2\/media\/259563"}],"wp:attachment":[{"href":"https:\/\/www.ecuadortimes.net\/es\/wp-json\/wp\/v2\/media?parent=259562"}],"wp:term":[{"taxonomy":"category","embeddable":true,"href":"https:\/\/www.ecuadortimes.net\/es\/wp-json\/wp\/v2\/categories?post=259562"},{"taxonomy":"post_tag","embeddable":true,"href":"https:\/\/www.ecuadortimes.net\/es\/wp-json\/wp\/v2\/tags?post=259562"}],"curies":[{"name":"wp","href":"https:\/\/api.w.org\/{rel}","templated":true}]}}