{"id":259569,"date":"2021-11-26T12:20:02","date_gmt":"2021-11-26T12:20:02","guid":{"rendered":"https:\/\/www.ecuadortimes.net\/es\/?p=259569"},"modified":"2021-11-26T12:20:02","modified_gmt":"2021-11-26T12:20:02","slug":"eugenio-derbez-y-enchufetv-firmaron-una-alianza","status":"publish","type":"post","link":"https:\/\/www.ecuadortimes.net\/es\/eugenio-derbez-y-enchufetv-firmaron-una-alianza\/","title":{"rendered":"Eugenio Derbez y EnchufeTV firmaron una alianza"},"content":{"rendered":"<p>Eugenio Derbez, es uno de los actores y productores m\u00e1s reconocidos a nivel mundial y particip\u00f3 en audiovisuales como: Derbez en cuando, XHDRBZ y La familia P. Luche. Su fuerte es la comedia y es por ello que en la \u00faltima pel\u00edcula que estren\u00f3 EnchufeTV con Touche Films, Misfit, apareci\u00f3 el mexicano para ponerle un tinte diferente y darle un realce al filme.<\/p>\n<div id=\"attachment_259570\" style=\"width: 1210px\" class=\"wp-caption alignnone\"><img aria-describedby=\"caption-attachment-259570\" loading=\"lazy\" class=\"size-full wp-image-259570\" src=\"https:\/\/www.ecuadortimes.net\/es\/wp-content\/uploads\/2021\/11\/ecuador-times-ecuador-news-Eugenio-Derbez-and-EnchufeTV-signed-an-alliance.jpg\" alt=\"\" width=\"1200\" height=\"810\" srcset=\"https:\/\/www.ecuadortimes.net\/es\/wp-content\/uploads\/2021\/11\/ecuador-times-ecuador-news-Eugenio-Derbez-and-EnchufeTV-signed-an-alliance.jpg 1200w, https:\/\/www.ecuadortimes.net\/es\/wp-content\/uploads\/2021\/11\/ecuador-times-ecuador-news-Eugenio-Derbez-and-EnchufeTV-signed-an-alliance-75x52.jpg 75w\" sizes=\"(max-width: 1200px) 100vw, 1200px\" \/><p id=\"caption-attachment-259570\" class=\"wp-caption-text\">Eugenio Derbez y EnchufeTV firmaron una alianza<\/p><\/div>\n<p>Para promocionarlo lo hicieron de forma particular, ya que Derbez sali\u00f3 &#8216;denunciando&#8217; a EnchufeTV por usar su imagen sin autorizaci\u00f3n, sin embargo era una forma de llamar la atenci\u00f3n del p\u00fablico para recomendarles la pel\u00edcula y que la vayan a ver lo m\u00e1s pronto posible. Despu\u00e9s de todo esto y de varias negociaciones Derbez y EnchufeTV llegaron a un acuerdo formal de seguir generando contenido humor\u00edstico para la plataforma del canal ecuatoriano.<\/p>\n<p>Derbez y el productor estadounidense Ben Odell, como representantes de la productora 3Pas Studios firmaron un acuerdo de colaboraci\u00f3n con Touch\u00e9 Films (EnchufeTv), que a partir de ahora se proyectar\u00e1 internacionalmente como 2bOriginals.<\/p>\n<p>El acuerdo se dio por los 10 a\u00f1os de EnchufeTv, uno de los canales de sketches de comedia m\u00e1s exitosos del mundo con m\u00e1s de 25 millones de suscriptores y m\u00e1s de 50 millones de seguidores en redes sociales.<\/p>\n<p>2bOriginals y 3pas Studios colaborar\u00e1n en varios proyectos audiovisuales a partir del 2022, combinando la experticia de ambas empresas en el audiovisual de comedia y su llegada a audiencias masivas con historias \u00fanicas sobre personajes latinos.<\/p>\n<p><a href=\"https:\/\/www.eltelegrafo.com.ec\/noticias\/actualidad\/44\/eugenio-derbez-y-enchufe-tv-firmaron-una-alianza\">https:\/\/www.eltelegrafo.com.ec\/noticias\/actualidad\/44\/eugenio-derbez-y-enchufe-tv-firmaron-una-alianza<\/a><\/p>\n","protected":false},"excerpt":{"rendered":"<p>Eugenio Derbez, es uno de los actores y productores m\u00e1s reconocidos a nivel mundial y particip\u00f3 en audiovisuales como: Derbez en cuando, XHDRBZ y La familia P. Luche. Su fuerte es la comedia y es por ello que en la \u00faltima pel\u00edcula que estren\u00f3 EnchufeTV con Touche Films, Misfit, apareci\u00f3 el mexicano para ponerle un tinte diferente y darle un realce al filme. Para promocionarlo lo hicieron de forma particular, ya que Derbez sali\u00f3 &#8216;denunciando&#8217; a EnchufeTV por usar su imagen sin autorizaci\u00f3n, sin embargo era una forma de llamar la atenci\u00f3n del p\u00fablico para recomendarles la pel\u00edcula y que la vayan a ver lo m\u00e1s pronto posible. Despu\u00e9s de todo esto y de varias negociaciones Derbez y EnchufeTV llegaron a un acuerdo formal de seguir generando contenido humor\u00edstico para la plataforma del canal ecuatoriano. Derbez y el productor estadounidense Ben Odell, como representantes de la productora 3Pas Studios firmaron un acuerdo de colaboraci\u00f3n con Touch\u00e9 Films (EnchufeTv), que a partir de ahora se proyectar\u00e1 internacionalmente como 2bOriginals. El acuerdo se dio por los 10 a\u00f1os de EnchufeTv, uno de los canales de sketches de comedia m\u00e1s exitosos del mundo con m\u00e1s de 25 millones de suscriptores y m\u00e1s de 50 millones de seguidores en redes sociales. 2bOriginals y 3pas Studios colaborar\u00e1n en varios proyectos audiovisuales a partir del 2022, combinando la experticia de ambas empresas en el audiovisual de comedia y su llegada a audiencias masivas con historias \u00fanicas sobre personajes latinos. https:\/\/www.eltelegrafo.com.ec\/noticias\/actualidad\/44\/eugenio-derbez-y-enchufe-tv-firmaron-una-alianza<\/p>\n","protected":false},"author":1,"featured_media":259570,"comment_status":"closed","ping_status":"closed","sticky":false,"template":"","format":"standard","meta":[],"categories":[42,24],"tags":[],"_links":{"self":[{"href":"https:\/\/www.ecuadortimes.net\/es\/wp-json\/wp\/v2\/posts\/259569"}],"collection":[{"href":"https:\/\/www.ecuadortimes.net\/es\/wp-json\/wp\/v2\/posts"}],"about":[{"href":"https:\/\/www.ecuadortimes.net\/es\/wp-json\/wp\/v2\/types\/post"}],"author":[{"embeddable":true,"href":"https:\/\/www.ecuadortimes.net\/es\/wp-json\/wp\/v2\/users\/1"}],"replies":[{"embeddable":true,"href":"https:\/\/www.ecuadortimes.net\/es\/wp-json\/wp\/v2\/comments?post=259569"}],"version-history":[{"count":1,"href":"https:\/\/www.ecuadortimes.net\/es\/wp-json\/wp\/v2\/posts\/259569\/revisions"}],"predecessor-version":[{"id":259571,"href":"https:\/\/www.ecuadortimes.net\/es\/wp-json\/wp\/v2\/posts\/259569\/revisions\/259571"}],"wp:featuredmedia":[{"embeddable":true,"href":"https:\/\/www.ecuadortimes.net\/es\/wp-json\/wp\/v2\/media\/259570"}],"wp:attachment":[{"href":"https:\/\/www.ecuadortimes.net\/es\/wp-json\/wp\/v2\/media?parent=259569"}],"wp:term":[{"taxonomy":"category","embeddable":true,"href":"https:\/\/www.ecuadortimes.net\/es\/wp-json\/wp\/v2\/categories?post=259569"},{"taxonomy":"post_tag","embeddable":true,"href":"https:\/\/www.ecuadortimes.net\/es\/wp-json\/wp\/v2\/tags?post=259569"}],"curies":[{"name":"wp","href":"https:\/\/api.w.org\/{rel}","templated":true}]}}