{"id":259581,"date":"2021-11-30T22:27:41","date_gmt":"2021-11-30T22:27:41","guid":{"rendered":"https:\/\/www.ecuadortimes.net\/es\/?p=259581"},"modified":"2021-11-30T22:27:41","modified_gmt":"2021-11-30T22:27:41","slug":"coe-suspende-regreso-a-clases-presenciales-para-alumnos-que-debian-entrar-en-diciembre-y-enero-ante-amenaza-de-la-variante-omicron","status":"publish","type":"post","link":"https:\/\/www.ecuadortimes.net\/es\/coe-suspende-regreso-a-clases-presenciales-para-alumnos-que-debian-entrar-en-diciembre-y-enero-ante-amenaza-de-la-variante-omicron\/","title":{"rendered":"COE suspende regreso a clases presenciales para alumnos que deb\u00edan entrar en diciembre y enero ante amenaza de la variante \u00f3micron"},"content":{"rendered":"<section class=\"article-body prose prose-lg md:prose mx-auto space-y-3 font-primary\">\n<p class=\"prose-text\">Ante la amenaza de la variante del coronavirus, \u00f3micron, el Gobierno<b> modific\u00f3 las fechas<\/b> para el retorno a las clases presenciales de manera obligatoria en instituciones educativas fiscales, fiscomisionales, municipales y particulares.<\/p>\n<div id=\"attachment_259582\" style=\"width: 1015px\" class=\"wp-caption alignnone\"><img aria-describedby=\"caption-attachment-259582\" loading=\"lazy\" class=\"size-full wp-image-259582\" src=\"https:\/\/www.ecuadortimes.net\/es\/wp-content\/uploads\/2021\/11\/ecuador-times-ecuador-news-coe-suspends-return-to-classes-for-students-in-december-and-january-due-to-omicron-variant.jpg\" alt=\"\" width=\"1005\" height=\"670\" \/><p id=\"caption-attachment-259582\" class=\"wp-caption-text\">La Escuela Fiscal, Teodoro Wolf de Alangas\u00ed, ha delimitado cada una de sus \u00e1reas con la finalidad de mantener el distanciamiento f\u00edsico.<\/p><\/div>\n<p class=\"prose-text\">El pasado<b> 22 de noviembre <\/b> volvieron el <b>bachillerato t\u00e9cnico y rural<\/b> (15 a 17 a\u00f1os).<\/p>\n<p class=\"prose-text\">En total habr\u00eda <b>402.309 estudiantes<\/b> de bachillerato (t\u00e9cnico y rural).<\/p>\n<p class=\"prose-text\">Un segundo grupo deb\u00eda integrarse<b> el 6-7 de diciembre<\/b>, el resto del bachillerato, <b>octavo, noveno y d\u00e9cimo<\/b> (12 a 17 a\u00f1os) y un tercer grupo, el <b>17 de enero de 2022,<\/b> la <b>educaci\u00f3n b\u00e1sica elemental<\/b> (6 a 12 a\u00f1os).<\/p>\n<p class=\"prose-text\">Se estima que hay <b>1\u2032469.802 adolescentes de bachillerato y b\u00e1sica superior<\/b> (de octavo a d\u00e9cimo).<\/p>\n<p class=\"prose-text\">El retorno de este segundo grupo estaba supeditado a que en cada cant\u00f3n se haya alcanzado al menos el <b>85 % del \u00edndice de vacunaci\u00f3n<\/b> en la poblaci\u00f3n entre 12 y 17 a\u00f1os.<\/p>\n<p class=\"prose-text\"><b>Juan Zapata, presidente del Comit\u00e9 de Operaciones de Emergencia (COE) nacional<\/b>, tras una reuni\u00f3n con autoridades gubernamentales, indic\u00f3 que los <b>estudiantes del bachillerato t\u00e9cnico y rural, <\/b>que incluye unos 400.000 alumnos, se mantendr\u00e1n, pero se realizar\u00e1 un monitoreo constante.<\/p>\n<p class=\"prose-text\">Agreg\u00f3 que hay <b>bachilleratos t\u00e9cnicos <\/b>que vuelven a la virtualidad como la inform\u00e1tica y contabilidad.<\/p>\n<p class=\"prose-text\">\u201cY ser\u00e1n presenciales aquellos que, por ejemplo, los (bachilleratos) <b>agr\u00edcolas<\/b> que no pueden hacerse virtual\u201d, agreg\u00f3.<\/p>\n<p class=\"prose-text\">En una primera evaluaci\u00f3n hecha por el Gobierno, un <b>70%<\/b> de alumnos de los <b>bachilleratos t\u00e9cnicos y rurales<\/b> se habr\u00eda integrado a las aulas entre el lunes 22 y martes 23 de noviembre.<\/p>\n<p class=\"prose-text\">Seg\u00fan inform\u00f3 <b>la ministra de Educaci\u00f3n, Mar\u00eda Brown P\u00e9rez<\/b>, eran <b>1.731 instituciones educativas <\/b>que hab\u00edan retornado a clases en el formato del 100% de aforo en los bachilleratos t\u00e9cnicos y bachilleratos rurales, lo que correspond\u00eda a<b> 281.855 estudiantes<\/b><\/p>\n<p class=\"prose-text\">La funcionaria agreg\u00f3 que ese retorno del 100% del aforo en bachilleratos se hab\u00eda dado <b>de manera muy normal <\/b>sin ning\u00fan inconveniente.<\/p>\n<h3 class=\"\">R\u00e9gimen educativo<\/h3>\n<p class=\"prose-text\">Debido a las nuevas fechas decididas por el COE nacional, en el caso del <b>r\u00e9gimen Costa, <\/b>terminar\u00e1n las actividades estudiantiles de manera virtual y el retorno a las aulas con 100% de aforo ser\u00e1 el 3 de mayo (a\u00f1o lectivo 2022-2023).<\/p>\n<p class=\"prose-text\">En la <b>Sierra y Amazon\u00eda<\/b>, los grupos dos y tres, <b>retornar\u00edan el 7 de febrero<\/b> del 2022 (segundo quimestre 2021-2022), si es que la situaci\u00f3n epidemiol\u00f3gica as\u00ed lo permite.<\/p>\n<p class=\"prose-text\">Esas disposiciones, seg\u00fan un comunicado del Ministerio de Educaci\u00f3n, son para los cantones con 85% de <b>vacunaci\u00f3n completa<\/b> en la poblaci\u00f3n de 5 a 17 a\u00f1os.<\/p>\n<p class=\"prose-text\">El pasado 16 de noviembre, el <b>COE nacional <\/b>hab\u00eda anunciado el regreso obligatorio y progresivo a las aulas de clases en el pa\u00eds.<\/p>\n<h3 class=\"\">Final del campeonato<\/h3>\n<p class=\"prose-text\">Zapata indic\u00f3 que el <b>COE nacional <\/b>neg\u00f3 el pedido de la LigaPro de aumentar la presencia de p\u00fablico en los estadios y las dos <b>finales <\/b>del <b>campeonato nacional <\/b>se mantendr\u00e1n con aforo del <b>50 %.<\/b><\/p>\n<\/section>\n<p><a href=\"https:\/\/www.eluniverso.com\/noticias\/ecuador\/hay-nuevas-disposiciones-para-el-retorno-obligatorio-a-clases-presenciales-ya-no-sera-en-diciembre-ni-en-enero-nota\/?modulo=destacadas-uno&amp;plantilla=home\">https:\/\/www.eluniverso.com\/noticias\/ecuador\/hay-nuevas-disposiciones-para-el-retorno-obligatorio-a-clases-presenciales-ya-no-sera-en-diciembre-ni-en-enero-nota\/?modulo=destacadas-uno&amp;plantilla=home<\/a><\/p>\n","protected":false},"excerpt":{"rendered":"<p>Ante la amenaza de la variante del coronavirus, \u00f3micron, el Gobierno modific\u00f3 las fechas para el retorno a las clases presenciales de manera obligatoria en instituciones educativas fiscales, fiscomisionales, municipales y particulares. El pasado 22 de noviembre volvieron el bachillerato t\u00e9cnico y rural (15 a 17 a\u00f1os). En total habr\u00eda 402.309 estudiantes de bachillerato (t\u00e9cnico y rural). Un segundo grupo deb\u00eda integrarse el 6-7 de diciembre, el resto del bachillerato, octavo, noveno y d\u00e9cimo (12 a 17 a\u00f1os) y un tercer grupo, el 17 de enero de 2022, la educaci\u00f3n b\u00e1sica elemental (6 a 12 a\u00f1os). Se estima que hay 1\u2032469.802 adolescentes de bachillerato y b\u00e1sica superior (de octavo a d\u00e9cimo). El retorno de este segundo grupo estaba supeditado a que en cada cant\u00f3n se haya alcanzado al menos el 85 % del \u00edndice de vacunaci\u00f3n en la poblaci\u00f3n entre 12 y 17 a\u00f1os. Juan Zapata, presidente del Comit\u00e9 de Operaciones de Emergencia (COE) nacional, tras una reuni\u00f3n con autoridades gubernamentales, indic\u00f3 que los estudiantes del bachillerato t\u00e9cnico y rural, que incluye unos 400.000 alumnos, se mantendr\u00e1n, pero se realizar\u00e1 un monitoreo constante. Agreg\u00f3 que hay bachilleratos t\u00e9cnicos que vuelven a la virtualidad como la inform\u00e1tica y contabilidad. \u201cY ser\u00e1n presenciales aquellos que, por ejemplo, los (bachilleratos) agr\u00edcolas que no pueden hacerse virtual\u201d, agreg\u00f3. En una primera evaluaci\u00f3n hecha por el Gobierno, un 70% de alumnos de los bachilleratos t\u00e9cnicos y rurales se habr\u00eda integrado a las aulas entre el lunes 22 y martes 23 de noviembre. Seg\u00fan inform\u00f3 la ministra de Educaci\u00f3n, Mar\u00eda Brown P\u00e9rez, eran 1.731 instituciones educativas que hab\u00edan retornado a clases en el formato del 100% de aforo en los bachilleratos t\u00e9cnicos y bachilleratos rurales, lo que correspond\u00eda a 281.855 estudiantes La funcionaria agreg\u00f3 que ese retorno del 100% del aforo en bachilleratos se hab\u00eda dado de manera muy normal sin ning\u00fan inconveniente. R\u00e9gimen educativo Debido a las nuevas fechas decididas por el COE nacional, en el caso del r\u00e9gimen Costa, terminar\u00e1n las actividades estudiantiles de manera virtual y el retorno a las aulas con 100% de aforo ser\u00e1 el 3 de mayo (a\u00f1o lectivo 2022-2023). En la Sierra y Amazon\u00eda, los grupos dos y tres, retornar\u00edan el 7 de febrero del 2022 (segundo quimestre 2021-2022), si es que la situaci\u00f3n epidemiol\u00f3gica as\u00ed lo permite. Esas disposiciones, seg\u00fan un comunicado del Ministerio de Educaci\u00f3n, son para los cantones con 85% de vacunaci\u00f3n completa en la poblaci\u00f3n de 5 a 17 a\u00f1os. El pasado 16 de noviembre, el COE nacional hab\u00eda anunciado el regreso obligatorio y progresivo a las aulas de clases en el pa\u00eds. Final del campeonato Zapata indic\u00f3 que el COE nacional neg\u00f3 el pedido de la LigaPro de aumentar la presencia de p\u00fablico en los estadios y las dos finales del campeonato nacional se mantendr\u00e1n con aforo del 50 %. https:\/\/www.eluniverso.com\/noticias\/ecuador\/hay-nuevas-disposiciones-para-el-retorno-obligatorio-a-clases-presenciales-ya-no-sera-en-diciembre-ni-en-enero-nota\/?modulo=destacadas-uno&amp;plantilla=home<\/p>\n","protected":false},"author":1,"featured_media":259582,"comment_status":"closed","ping_status":"closed","sticky":false,"template":"","format":"standard","meta":[],"categories":[35,23],"tags":[],"_links":{"self":[{"href":"https:\/\/www.ecuadortimes.net\/es\/wp-json\/wp\/v2\/posts\/259581"}],"collection":[{"href":"https:\/\/www.ecuadortimes.net\/es\/wp-json\/wp\/v2\/posts"}],"about":[{"href":"https:\/\/www.ecuadortimes.net\/es\/wp-json\/wp\/v2\/types\/post"}],"author":[{"embeddable":true,"href":"https:\/\/www.ecuadortimes.net\/es\/wp-json\/wp\/v2\/users\/1"}],"replies":[{"embeddable":true,"href":"https:\/\/www.ecuadortimes.net\/es\/wp-json\/wp\/v2\/comments?post=259581"}],"version-history":[{"count":1,"href":"https:\/\/www.ecuadortimes.net\/es\/wp-json\/wp\/v2\/posts\/259581\/revisions"}],"predecessor-version":[{"id":259583,"href":"https:\/\/www.ecuadortimes.net\/es\/wp-json\/wp\/v2\/posts\/259581\/revisions\/259583"}],"wp:featuredmedia":[{"embeddable":true,"href":"https:\/\/www.ecuadortimes.net\/es\/wp-json\/wp\/v2\/media\/259582"}],"wp:attachment":[{"href":"https:\/\/www.ecuadortimes.net\/es\/wp-json\/wp\/v2\/media?parent=259581"}],"wp:term":[{"taxonomy":"category","embeddable":true,"href":"https:\/\/www.ecuadortimes.net\/es\/wp-json\/wp\/v2\/categories?post=259581"},{"taxonomy":"post_tag","embeddable":true,"href":"https:\/\/www.ecuadortimes.net\/es\/wp-json\/wp\/v2\/tags?post=259581"}],"curies":[{"name":"wp","href":"https:\/\/api.w.org\/{rel}","templated":true}]}}