{"id":260148,"date":"2022-04-07T23:20:25","date_gmt":"2022-04-07T23:20:25","guid":{"rendered":"https:\/\/www.ecuadortimes.net\/es\/?p=260148"},"modified":"2022-04-07T23:20:25","modified_gmt":"2022-04-07T23:20:25","slug":"ecuador-recibira-4-600-plantas-de-banano-tolerantes-al-fusarium","status":"publish","type":"post","link":"https:\/\/www.ecuadortimes.net\/es\/ecuador-recibira-4-600-plantas-de-banano-tolerantes-al-fusarium\/","title":{"rendered":"Ecuador recibir\u00e1 4.600 plantas de banano tolerantes al fusarium"},"content":{"rendered":"<div class=\"content-modules-container\">\n<p id=\"m103-102-104\" class=\"paragraph \">Ecuador recibir\u00e1 este jueves 7 de abril, 4.600 plantas de banano denominada Formosana GCTCV-218, variedad tipo Cavendish, tolerante al<strong> Fusarium Raza 4<\/strong> Tropical (Foc R4T), inform\u00f3 este mi\u00e9rcoles el ministro de Agricultura y Ganader\u00eda, Pedro \u00c1lava.<\/p>\n<div id=\"attachment_260149\" style=\"width: 710px\" class=\"wp-caption alignnone\"><img aria-describedby=\"caption-attachment-260149\" loading=\"lazy\" class=\"size-full wp-image-260149\" src=\"https:\/\/www.ecuadortimes.net\/es\/wp-content\/uploads\/2022\/04\/ecuador-times-ecuador-news-ecuador-will-receive-4600-fusarium-tolerant-banana-plants.png\" alt=\"\" width=\"700\" height=\"402\" \/><p id=\"caption-attachment-260149\" class=\"wp-caption-text\">La variedad es tipo Cavendish.<\/p><\/div>\n<p id=\"m140-139-141\" class=\"paragraph \">Los dos bultos con las plantas llegar\u00e1n desde Sud\u00e1frica en un vuelo de la<strong> aerol\u00ednea KLM <\/strong>al aeropuerto Jos\u00e9 Joaqu\u00edn de Olmedo, de la ciudad costera de Guayaquil, capital de la provincia del Guayas, ubicada en el suroeste del pa\u00eds.<\/p>\n<p id=\"m145-144-146\" class=\"paragraph \">&#8220;Como pa\u00eds estamos libres de <strong>fusarium<\/strong> y vamos a ver cu\u00e1l es la adaptabilidad de esta variedad en t\u00e9rminos agroecol\u00f3gicos. No lo conoceremos hasta que la planta crezca y produzca frutos&#8221;, dijo el ministro.<\/p>\n<p id=\"m150-149-151\" class=\"paragraph \">\u00c1lava anot\u00f3 que &#8220;no todo es color de rosas y hay que adaptar las plantas, pues el temor es que estas lleguen con un c\u00f3ctel de plagas y enfermedades&#8221; inexistentes hasta ahora en el pa\u00eds.<\/p>\n<p id=\"m155-154-156\" class=\"paragraph \">Por ello aplicar\u00e1n un protocolo &#8220;muy estricto&#8221; de revisi\u00f3n de las plantas que ser\u00e1n recibidas, entre otros, por representantes de la Agencia de Regulaci\u00f3n y Control Fito y Zoosanitario (Agrocalidad) y del<strong> Instituto Nacional de Investigaciones Agropecuarias<\/strong> (INIAP).<\/p>\n<p id=\"m191-190-192\" class=\"paragraph \">Las plantas saldr\u00e1n del aeropuerto el pr\u00f3ximo viernes, luego de los tr\u00e1mites de aduanas a la <strong>finca Gallitec<\/strong>, en la provincia de Santa Elena, vecina de Guayas.<\/p>\n<p id=\"m196-195-197\" class=\"paragraph \">El combate al<strong> fusarium<\/strong> fue uno de los temas tratados en enero pasado en la Cumbre Latinoamericana por la Unidad del Banano de enero pasado, convocada por \u00c1lava.<\/p>\n<p id=\"m201-200-202\" class=\"paragraph \">En ella, los ministros de <strong>Agricultura de Colombia<\/strong>, Costa Rica, Guatemala, Honduras, Panam\u00e1 y Rep\u00fablica Dominicana decidieron exhortar a las organizaciones internacionales europeas a que se comprometan como pa\u00edses a formar una alianza para la gesti\u00f3n de recursos internacionales para combatir el fusarium con medidas de investigaci\u00f3n fitosanitarias, capacitaci\u00f3n y difusi\u00f3n.<\/p>\n<p id=\"m206-205-207\" class=\"paragraph \">En ese encuentro tambi\u00e9n se les hizo un llamado a que entiendan el impacto social, <strong>ambiental y econ\u00f3mico<\/strong> que sufrir\u00edan los pa\u00edses al no protegerse de este hongo.<\/p>\n<\/div>\n<p><a href=\"https:\/\/www.expreso.ec\/actualidad\/ecuador-recibira-4-600-plantas-banano-tolerantes-fusarium-125008.html\">https:\/\/www.expreso.ec\/actualidad\/ecuador-recibira-4-600-plantas-banano-tolerantes-fusarium-125008.html<\/a><\/p>\n","protected":false},"excerpt":{"rendered":"<p>Ecuador recibir\u00e1 este jueves 7 de abril, 4.600 plantas de banano denominada Formosana GCTCV-218, variedad tipo Cavendish, tolerante al Fusarium Raza 4 Tropical (Foc R4T), inform\u00f3 este mi\u00e9rcoles el ministro de Agricultura y Ganader\u00eda, Pedro \u00c1lava. Los dos bultos con las plantas llegar\u00e1n desde Sud\u00e1frica en un vuelo de la aerol\u00ednea KLM al aeropuerto Jos\u00e9 Joaqu\u00edn de Olmedo, de la ciudad costera de Guayaquil, capital de la provincia del Guayas, ubicada en el suroeste del pa\u00eds. &#8220;Como pa\u00eds estamos libres de fusarium y vamos a ver cu\u00e1l es la adaptabilidad de esta variedad en t\u00e9rminos agroecol\u00f3gicos. No lo conoceremos hasta que la planta crezca y produzca frutos&#8221;, dijo el ministro. \u00c1lava anot\u00f3 que &#8220;no todo es color de rosas y hay que adaptar las plantas, pues el temor es que estas lleguen con un c\u00f3ctel de plagas y enfermedades&#8221; inexistentes hasta ahora en el pa\u00eds. Por ello aplicar\u00e1n un protocolo &#8220;muy estricto&#8221; de revisi\u00f3n de las plantas que ser\u00e1n recibidas, entre otros, por representantes de la Agencia de Regulaci\u00f3n y Control Fito y Zoosanitario (Agrocalidad) y del Instituto Nacional de Investigaciones Agropecuarias (INIAP). Las plantas saldr\u00e1n del aeropuerto el pr\u00f3ximo viernes, luego de los tr\u00e1mites de aduanas a la finca Gallitec, en la provincia de Santa Elena, vecina de Guayas. El combate al fusarium fue uno de los temas tratados en enero pasado en la Cumbre Latinoamericana por la Unidad del Banano de enero pasado, convocada por \u00c1lava. En ella, los ministros de Agricultura de Colombia, Costa Rica, Guatemala, Honduras, Panam\u00e1 y Rep\u00fablica Dominicana decidieron exhortar a las organizaciones internacionales europeas a que se comprometan como pa\u00edses a formar una alianza para la gesti\u00f3n de recursos internacionales para combatir el fusarium con medidas de investigaci\u00f3n fitosanitarias, capacitaci\u00f3n y difusi\u00f3n. En ese encuentro tambi\u00e9n se les hizo un llamado a que entiendan el impacto social, ambiental y econ\u00f3mico que sufrir\u00edan los pa\u00edses al no protegerse de este hongo. https:\/\/www.expreso.ec\/actualidad\/ecuador-recibira-4-600-plantas-banano-tolerantes-fusarium-125008.html<\/p>\n","protected":false},"author":1,"featured_media":260149,"comment_status":"closed","ping_status":"closed","sticky":false,"template":"","format":"standard","meta":[],"categories":[43,24],"tags":[],"_links":{"self":[{"href":"https:\/\/www.ecuadortimes.net\/es\/wp-json\/wp\/v2\/posts\/260148"}],"collection":[{"href":"https:\/\/www.ecuadortimes.net\/es\/wp-json\/wp\/v2\/posts"}],"about":[{"href":"https:\/\/www.ecuadortimes.net\/es\/wp-json\/wp\/v2\/types\/post"}],"author":[{"embeddable":true,"href":"https:\/\/www.ecuadortimes.net\/es\/wp-json\/wp\/v2\/users\/1"}],"replies":[{"embeddable":true,"href":"https:\/\/www.ecuadortimes.net\/es\/wp-json\/wp\/v2\/comments?post=260148"}],"version-history":[{"count":1,"href":"https:\/\/www.ecuadortimes.net\/es\/wp-json\/wp\/v2\/posts\/260148\/revisions"}],"predecessor-version":[{"id":260150,"href":"https:\/\/www.ecuadortimes.net\/es\/wp-json\/wp\/v2\/posts\/260148\/revisions\/260150"}],"wp:featuredmedia":[{"embeddable":true,"href":"https:\/\/www.ecuadortimes.net\/es\/wp-json\/wp\/v2\/media\/260149"}],"wp:attachment":[{"href":"https:\/\/www.ecuadortimes.net\/es\/wp-json\/wp\/v2\/media?parent=260148"}],"wp:term":[{"taxonomy":"category","embeddable":true,"href":"https:\/\/www.ecuadortimes.net\/es\/wp-json\/wp\/v2\/categories?post=260148"},{"taxonomy":"post_tag","embeddable":true,"href":"https:\/\/www.ecuadortimes.net\/es\/wp-json\/wp\/v2\/tags?post=260148"}],"curies":[{"name":"wp","href":"https:\/\/api.w.org\/{rel}","templated":true}]}}