{"id":260155,"date":"2022-04-08T17:15:00","date_gmt":"2022-04-08T17:15:00","guid":{"rendered":"https:\/\/www.ecuadortimes.net\/es\/?p=260155"},"modified":"2022-04-08T17:15:00","modified_gmt":"2022-04-08T17:15:00","slug":"el-banano-ecuatoriano-usa-vitrina-alemana-para-promocionarse","status":"publish","type":"post","link":"https:\/\/www.ecuadortimes.net\/es\/el-banano-ecuatoriano-usa-vitrina-alemana-para-promocionarse\/","title":{"rendered":"El banano ecuatoriano usa vitrina alemana para promocionarse"},"content":{"rendered":"<div class=\"content-modules-container\">\n<p id=\"m103-102-104\" class=\"paragraph \">Diez empresas ecuatorianas participan, hasta este jueves 7 de abril de 2022, en\u00a0 Fruit Log\u00edstica, una feria que se desarrolla en Berl\u00edn (Alemania) y que es una de las m\u00e1s emblem\u00e1ticas para conocer la <strong>oferta global de frutas y hortalizas frescas<\/strong>.<\/p>\n<div id=\"attachment_260156\" style=\"width: 710px\" class=\"wp-caption alignnone\"><img aria-describedby=\"caption-attachment-260156\" loading=\"lazy\" class=\"size-full wp-image-260156\" src=\"https:\/\/www.ecuadortimes.net\/es\/wp-content\/uploads\/2022\/04\/ecuador-times-ecuador-news-ecuadorian-banana-uses-german-showcase-to-promote-itself.jpeg\" alt=\"\" width=\"700\" height=\"402\" \/><p id=\"caption-attachment-260156\" class=\"wp-caption-text\">La Feria reuni\u00f3 a m\u00e1s de 2.000 expositores de m\u00e1s de 80 pa\u00edses.<\/p><\/div>\n<p id=\"m140-139-141\" class=\"paragraph \">En el hall 23, del recinto ferial, est\u00e1 el pabell\u00f3n de Ecuador, que fue coordinado y liderado por Corpei, la agencia que promueve por m\u00e1s de\u00a016 a\u00f1os la participaci\u00f3n del pa\u00eds en este evento que, en este a\u00f1o, logr\u00f3 hallar espacio a varias empresas de la cadena: seis bananeras <strong>Donatella, Corporaci\u00f3n Palmar-Ecuador; Export Fruit Cadena, Export Jaime; Ginafruit, Marplantis<\/strong>; una que a m\u00e1s de banano ofrece otros productos como pl\u00e1tano y pi\u00f1a, Terrasol; y tres empresas de servicio, en log\u00edstica, seguros y maduraci\u00f3n de la fruta: Alianza Log\u00edstica TDGE S.A, Seguros Confianza y Cold Energy.<\/p>\n<p id=\"m145-144-146\" class=\"paragraph \">La apuesta de Ecuador por estar en esta feria, se da en un momento complicado para el banano. No solo ha tenido que enfrentar una reducci\u00f3n en sus ventas, debido al conflicto entre Rusia y Ucrania <strong>(en 5 semanas se ha dejado de vender $ 27.52 millones)<\/strong>, sino que batalla porque los pa\u00edses europeos mejoren la paga por cada caja adquirida, en un momento en que el alza de materias primas ha venido encareciendo los costos de producci\u00f3n y procesamiento de la fruta.<\/p>\n<p id=\"m150-149-151\" class=\"paragraph \">Richard Salazar, presidente de Acorbanec (Asociaci\u00f3n de Comercializaci\u00f3n y Exportaci\u00f3n de Banano), destac\u00f3 en redes sociales que estos d\u00edas de feria han servido para que los exportadores puedan mantener reuniones con los<strong> principales representantes de los supermercados<\/strong>, las navieras e importadores, para promover, entre ellos &#8220;una responsabilidad compartida&#8221;. Este \u00faltimo es el eslogan que usa la industria, en alusi\u00f3n al apoyo que, en precios, esperan recibir de Europa. A cambio, Ecuador no solo ofrece calidad, sino su compromiso de seguir adoptando las <strong>pr\u00e1cticas sostenibles<\/strong> que exige la Uni\u00f3n Europea.<\/p>\n<p id=\"m155-154-156\" class=\"paragraph \">En la edici\u00f3n de este a\u00f1o de Fruit Log\u00edstica participaron unos 2.000 expositores, procedentes de 80 pa\u00edses.\u00a0<strong>La delegaci\u00f3n de Corpei <\/strong>la integran el gerente de Corpei Capital, economista Luis Montoya Vega y la planificadora de la presencia ecuatoriana en este pabell\u00f3n, Mary Francis Andrade.<\/p>\n<p id=\"m160-159-161\" class=\"paragraph \">Andrade se\u00f1ala que, pese a que algunos <strong>exportadores decidieron no viajar<\/strong>, por el rebrote de COVID que afect\u00f3 a Europa a inicios de a\u00f1o y por el conflicto armado entre Rusia y Ucrania, la presencia ecuatoriana ha sido exitosa y que quienes si se animaron a ir han podido mostrar sus productos.<\/p>\n<p id=\"m165-164-166\" class=\"paragraph \">Sara Aguirre acude a Fruit Log\u00edstica por primera vez para exponer los productos de su firma, Export Jaime. \u201cNos va bien\u201d, dice con optimismo. \u201cEs mi primer a\u00f1o como expositor y nos ha servido para establecer reuniones con clientes nuevos\u201d. Su empresa env\u00eda banano a China, Oriente Medio y Argentina.\u00a0Como efecto del Covid y ahora del conflicto b\u00e9lico, Aguirre cree que el comercio del banano se ha deprimido, pero<strong> no se ha dejado de vender.<\/strong> \u201cHemos bajado un poco el volumen, pero no hemos dejado de vender&#8221;.<\/p>\n<\/div>\n<p><a href=\"https:\/\/www.expreso.ec\/actualidad\/economia\/banano-ecuatoriano-vitrina-alemana-promocionarse-125089.html\">https:\/\/www.expreso.ec\/actualidad\/economia\/banano-ecuatoriano-vitrina-alemana-promocionarse-125089.html<\/a><\/p>\n","protected":false},"excerpt":{"rendered":"<p>Diez empresas ecuatorianas participan, hasta este jueves 7 de abril de 2022, en\u00a0 Fruit Log\u00edstica, una feria que se desarrolla en Berl\u00edn (Alemania) y que es una de las m\u00e1s emblem\u00e1ticas para conocer la oferta global de frutas y hortalizas frescas. En el hall 23, del recinto ferial, est\u00e1 el pabell\u00f3n de Ecuador, que fue coordinado y liderado por Corpei, la agencia que promueve por m\u00e1s de\u00a016 a\u00f1os la participaci\u00f3n del pa\u00eds en este evento que, en este a\u00f1o, logr\u00f3 hallar espacio a varias empresas de la cadena: seis bananeras Donatella, Corporaci\u00f3n Palmar-Ecuador; Export Fruit Cadena, Export Jaime; Ginafruit, Marplantis; una que a m\u00e1s de banano ofrece otros productos como pl\u00e1tano y pi\u00f1a, Terrasol; y tres empresas de servicio, en log\u00edstica, seguros y maduraci\u00f3n de la fruta: Alianza Log\u00edstica TDGE S.A, Seguros Confianza y Cold Energy. La apuesta de Ecuador por estar en esta feria, se da en un momento complicado para el banano. No solo ha tenido que enfrentar una reducci\u00f3n en sus ventas, debido al conflicto entre Rusia y Ucrania (en 5 semanas se ha dejado de vender $ 27.52 millones), sino que batalla porque los pa\u00edses europeos mejoren la paga por cada caja adquirida, en un momento en que el alza de materias primas ha venido encareciendo los costos de producci\u00f3n y procesamiento de la fruta. Richard Salazar, presidente de Acorbanec (Asociaci\u00f3n de Comercializaci\u00f3n y Exportaci\u00f3n de Banano), destac\u00f3 en redes sociales que estos d\u00edas de feria han servido para que los exportadores puedan mantener reuniones con los principales representantes de los supermercados, las navieras e importadores, para promover, entre ellos &#8220;una responsabilidad compartida&#8221;. Este \u00faltimo es el eslogan que usa la industria, en alusi\u00f3n al apoyo que, en precios, esperan recibir de Europa. A cambio, Ecuador no solo ofrece calidad, sino su compromiso de seguir adoptando las pr\u00e1cticas sostenibles que exige la Uni\u00f3n Europea. En la edici\u00f3n de este a\u00f1o de Fruit Log\u00edstica participaron unos 2.000 expositores, procedentes de 80 pa\u00edses.\u00a0La delegaci\u00f3n de Corpei la integran el gerente de Corpei Capital, economista Luis Montoya Vega y la planificadora de la presencia ecuatoriana en este pabell\u00f3n, Mary Francis Andrade. Andrade se\u00f1ala que, pese a que algunos exportadores decidieron no viajar, por el rebrote de COVID que afect\u00f3 a Europa a inicios de a\u00f1o y por el conflicto armado entre Rusia y Ucrania, la presencia ecuatoriana ha sido exitosa y que quienes si se animaron a ir han podido mostrar sus productos. Sara Aguirre acude a Fruit Log\u00edstica por primera vez para exponer los productos de su firma, Export Jaime. \u201cNos va bien\u201d, dice con optimismo. \u201cEs mi primer a\u00f1o como expositor y nos ha servido para establecer reuniones con clientes nuevos\u201d. Su empresa env\u00eda banano a China, Oriente Medio y Argentina.\u00a0Como efecto del Covid y ahora del conflicto b\u00e9lico, Aguirre cree que el comercio del banano se ha deprimido, pero no se ha dejado de vender. \u201cHemos bajado un poco el volumen, pero no hemos dejado de vender&#8221;. https:\/\/www.expreso.ec\/actualidad\/economia\/banano-ecuatoriano-vitrina-alemana-promocionarse-125089.html<\/p>\n","protected":false},"author":1,"featured_media":260156,"comment_status":"closed","ping_status":"closed","sticky":false,"template":"","format":"standard","meta":[],"categories":[43,24],"tags":[],"_links":{"self":[{"href":"https:\/\/www.ecuadortimes.net\/es\/wp-json\/wp\/v2\/posts\/260155"}],"collection":[{"href":"https:\/\/www.ecuadortimes.net\/es\/wp-json\/wp\/v2\/posts"}],"about":[{"href":"https:\/\/www.ecuadortimes.net\/es\/wp-json\/wp\/v2\/types\/post"}],"author":[{"embeddable":true,"href":"https:\/\/www.ecuadortimes.net\/es\/wp-json\/wp\/v2\/users\/1"}],"replies":[{"embeddable":true,"href":"https:\/\/www.ecuadortimes.net\/es\/wp-json\/wp\/v2\/comments?post=260155"}],"version-history":[{"count":2,"href":"https:\/\/www.ecuadortimes.net\/es\/wp-json\/wp\/v2\/posts\/260155\/revisions"}],"predecessor-version":[{"id":260158,"href":"https:\/\/www.ecuadortimes.net\/es\/wp-json\/wp\/v2\/posts\/260155\/revisions\/260158"}],"wp:featuredmedia":[{"embeddable":true,"href":"https:\/\/www.ecuadortimes.net\/es\/wp-json\/wp\/v2\/media\/260156"}],"wp:attachment":[{"href":"https:\/\/www.ecuadortimes.net\/es\/wp-json\/wp\/v2\/media?parent=260155"}],"wp:term":[{"taxonomy":"category","embeddable":true,"href":"https:\/\/www.ecuadortimes.net\/es\/wp-json\/wp\/v2\/categories?post=260155"},{"taxonomy":"post_tag","embeddable":true,"href":"https:\/\/www.ecuadortimes.net\/es\/wp-json\/wp\/v2\/tags?post=260155"}],"curies":[{"name":"wp","href":"https:\/\/api.w.org\/{rel}","templated":true}]}}