{"id":260999,"date":"2022-10-31T21:56:20","date_gmt":"2022-10-31T21:56:20","guid":{"rendered":"https:\/\/www.ecuadortimes.net\/es\/?p=260999"},"modified":"2022-10-31T21:56:20","modified_gmt":"2022-10-31T21:56:20","slug":"pronostican-niveles-extremadamente-altos-de-radiacion-uv-en-la-sierra-ecuatoriana","status":"publish","type":"post","link":"https:\/\/www.ecuadortimes.net\/es\/pronostican-niveles-extremadamente-altos-de-radiacion-uv-en-la-sierra-ecuatoriana\/","title":{"rendered":"Pronostican niveles extremadamente altos de radiaci\u00f3n UV en la Sierra ecuatoriana"},"content":{"rendered":"<div class=\"itemFullText\">\n<p>El Instituto Nacional de Meteorolog\u00eda e Hidrolog\u00eda (Inamhi) report\u00f3 que ese lunes 31 de octubre se registrar\u00e1n niveles extremadamente altos de radiaci\u00f3n UV en provincias de la Sierra del Ecuador como Pichincha, Azuay, Chimborazo, Ca\u00f1ar, Tungurahua y Cotopaxi.<\/p>\n<div id=\"attachment_261000\" style=\"width: 1210px\" class=\"wp-caption alignnone\"><img aria-describedby=\"caption-attachment-261000\" loading=\"lazy\" class=\"size-full wp-image-261000\" src=\"https:\/\/www.ecuadortimes.net\/es\/wp-content\/uploads\/2022\/10\/ecuador-times-ecuador-news-extremely-high-levels-of-uv-radiation-predicted-in-the-ecuadorian-sierra.jpg\" alt=\"\" width=\"1200\" height=\"810\" srcset=\"https:\/\/www.ecuadortimes.net\/es\/wp-content\/uploads\/2022\/10\/ecuador-times-ecuador-news-extremely-high-levels-of-uv-radiation-predicted-in-the-ecuadorian-sierra.jpg 1200w, https:\/\/www.ecuadortimes.net\/es\/wp-content\/uploads\/2022\/10\/ecuador-times-ecuador-news-extremely-high-levels-of-uv-radiation-predicted-in-the-ecuadorian-sierra-75x52.jpg 75w\" sizes=\"(max-width: 1200px) 100vw, 1200px\" \/><p id=\"caption-attachment-261000\" class=\"wp-caption-text\">Pronostican niveles extremadamente altos de radiaci\u00f3n UV en la Sierra ecuatoriana.<\/p><\/div>\n<p>El Inamhi pronostica que los niveles altos de radiaci\u00f3n se presentar\u00e1n entre las 10:00 y las 16:00 del lunes y recomiendan tomar las precauciones necesarias como el uso de prendas que cubran la mayor parte del cuerpo, as\u00ed como gorras o sombrero, gafas con protecci\u00f3n UV, sombrillas y protector solar.<\/p>\n<p>Estas medidas de precauci\u00f3n tambi\u00e9n aplican para varias zonas de la Amazon\u00eda y de la Costa del Ecuador, regiones en donde se registrar\u00e1n niveles altos de radiaci\u00f3n solar, como por ejemplo Orellana, Sucumb\u00edos, Morona Santiago, Zamora Chinchipe, as\u00ed como tambi\u00e9n Guayas, Esmeraldas, Santo Domingo y otras.<\/p>\n<div class=\"twitter-tweet twitter-tweet-rendered\" style=\"display: flex; max-width: 550px; width: 100%; margin-top: 10px; margin-bottom: 10px;\"><iframe id=\"twitter-widget-1\" class=\"\" style=\"position: static; visibility: visible; width: 550px; height: 922px; display: block; flex-grow: 1;\" title=\"Twitter Tweet\" src=\"https:\/\/platform.twitter.com\/embed\/Tweet.html?creatorScreenName=el_telegrafo&amp;dnt=false&amp;embedId=twitter-widget-1&amp;features=eyJ0ZndfdGltZWxpbmVfbGlzdCI6eyJidWNrZXQiOlsibGlua3RyLmVlIiwidHIuZWUiLCJ0ZXJyYS5jb20uYnIiLCJ3d3cubGlua3RyLmVlIiwid3d3LnRyLmVlIiwid3d3LnRlcnJhLmNvbS5iciJdLCJ2ZXJzaW9uIjpudWxsfSwidGZ3X2hvcml6b25fdGltZWxpbmVfMTIwMzQiOnsiYnVja2V0IjoidHJlYXRtZW50IiwidmVyc2lvbiI6bnVsbH0sInRmd190d2VldF9lZGl0X2JhY2tlbmQiOnsiYnVja2V0Ijoib24iLCJ2ZXJzaW9uIjpudWxsfSwidGZ3X3JlZnNyY19zZXNzaW9uIjp7ImJ1Y2tldCI6Im9uIiwidmVyc2lvbiI6bnVsbH0sInRmd19jaGluX3BpbGxzXzE0NzQxIjp7ImJ1Y2tldCI6ImNvbG9yX2ljb25zIiwidmVyc2lvbiI6bnVsbH0sInRmd190d2VldF9yZXN1bHRfbWlncmF0aW9uXzEzOTc5Ijp7ImJ1Y2tldCI6InR3ZWV0X3Jlc3VsdCIsInZlcnNpb24iOm51bGx9LCJ0Zndfc2Vuc2l0aXZlX21lZGlhX2ludGVyc3RpdGlhbF8xMzk2MyI6eyJidWNrZXQiOiJpbnRlcnN0aXRpYWwiLCJ2ZXJzaW9uIjpudWxsfSwidGZ3X2V4cGVyaW1lbnRzX2Nvb2tpZV9leHBpcmF0aW9uIjp7ImJ1Y2tldCI6MTIwOTYwMCwidmVyc2lvbiI6bnVsbH0sInRmd19kdXBsaWNhdGVfc2NyaWJlc190b19zZXR0aW5ncyI6eyJidWNrZXQiOiJvbiIsInZlcnNpb24iOm51bGx9LCJ0ZndfdmlkZW9faGxzX2R5bmFtaWNfbWFuaWZlc3RzXzE1MDgyIjp7ImJ1Y2tldCI6InRydWVfYml0cmF0ZSIsInZlcnNpb24iOm51bGx9LCJ0Zndfc2hvd19ibHVlX3ZlcmlmaWVkX2JhZGdlIjp7ImJ1Y2tldCI6Im9mZiIsInZlcnNpb24iOm51bGx9LCJ0ZndfdHdlZXRfZWRpdF9mcm9udGVuZCI6eyJidWNrZXQiOiJvbiIsInZlcnNpb24iOm51bGx9fQ%3D%3D&amp;frame=false&amp;hideCard=false&amp;hideThread=false&amp;id=1586818388910907395&amp;lang=es&amp;origin=https%3A%2F%2Fwww.eltelegrafo.com.ec%2Fnoticias%2Factualidad%2F44%2Fpronostican-niveles-extremadamente-altos-de-radiacion-uv-en-la-sierra-ecuatoriana&amp;sessionId=e6f231fb84a22b7fb2defa74b4c776c365ba3b09&amp;siteScreenName=el_telegrafo&amp;theme=light&amp;widgetsVersion=1c23387b1f70c%3A1664388199485&amp;width=550px\" frameborder=\"0\" scrolling=\"no\" allowfullscreen=\"allowfullscreen\" data-tweet-id=\"1586818388910907395\"><\/iframe><\/div>\n<p><script src=\"https:\/\/platform.twitter.com\/widgets.js\"><\/script><\/p>\n<\/div>\n<p><a href=\"https:\/\/www.eltelegrafo.com.ec\/noticias\/actualidad\/44\/pronostican-niveles-extremadamente-altos-de-radiacion-uv-en-la-sierra-ecuatoriana\">https:\/\/www.eltelegrafo.com.ec\/noticias\/actualidad\/44\/pronostican-niveles-extremadamente-altos-de-radiacion-uv-en-la-sierra-ecuatoriana<\/a><\/p>\n","protected":false},"excerpt":{"rendered":"<p>El Instituto Nacional de Meteorolog\u00eda e Hidrolog\u00eda (Inamhi) report\u00f3 que ese lunes 31 de octubre se registrar\u00e1n niveles extremadamente altos de radiaci\u00f3n UV en provincias de la Sierra del Ecuador como Pichincha, Azuay, Chimborazo, Ca\u00f1ar, Tungurahua y Cotopaxi. El Inamhi pronostica que los niveles altos de radiaci\u00f3n se presentar\u00e1n entre las 10:00 y las 16:00 del lunes y recomiendan tomar las precauciones necesarias como el uso de prendas que cubran la mayor parte del cuerpo, as\u00ed como gorras o sombrero, gafas con protecci\u00f3n UV, sombrillas y protector solar. Estas medidas de precauci\u00f3n tambi\u00e9n aplican para varias zonas de la Amazon\u00eda y de la Costa del Ecuador, regiones en donde se registrar\u00e1n niveles altos de radiaci\u00f3n solar, como por ejemplo Orellana, Sucumb\u00edos, Morona Santiago, Zamora Chinchipe, as\u00ed como tambi\u00e9n Guayas, Esmeraldas, Santo Domingo y otras. https:\/\/www.eltelegrafo.com.ec\/noticias\/actualidad\/44\/pronostican-niveles-extremadamente-altos-de-radiacion-uv-en-la-sierra-ecuatoriana<\/p>\n","protected":false},"author":1,"featured_media":261000,"comment_status":"closed","ping_status":"closed","sticky":false,"template":"","format":"standard","meta":[],"categories":[35,23],"tags":[],"_links":{"self":[{"href":"https:\/\/www.ecuadortimes.net\/es\/wp-json\/wp\/v2\/posts\/260999"}],"collection":[{"href":"https:\/\/www.ecuadortimes.net\/es\/wp-json\/wp\/v2\/posts"}],"about":[{"href":"https:\/\/www.ecuadortimes.net\/es\/wp-json\/wp\/v2\/types\/post"}],"author":[{"embeddable":true,"href":"https:\/\/www.ecuadortimes.net\/es\/wp-json\/wp\/v2\/users\/1"}],"replies":[{"embeddable":true,"href":"https:\/\/www.ecuadortimes.net\/es\/wp-json\/wp\/v2\/comments?post=260999"}],"version-history":[{"count":1,"href":"https:\/\/www.ecuadortimes.net\/es\/wp-json\/wp\/v2\/posts\/260999\/revisions"}],"predecessor-version":[{"id":261001,"href":"https:\/\/www.ecuadortimes.net\/es\/wp-json\/wp\/v2\/posts\/260999\/revisions\/261001"}],"wp:featuredmedia":[{"embeddable":true,"href":"https:\/\/www.ecuadortimes.net\/es\/wp-json\/wp\/v2\/media\/261000"}],"wp:attachment":[{"href":"https:\/\/www.ecuadortimes.net\/es\/wp-json\/wp\/v2\/media?parent=260999"}],"wp:term":[{"taxonomy":"category","embeddable":true,"href":"https:\/\/www.ecuadortimes.net\/es\/wp-json\/wp\/v2\/categories?post=260999"},{"taxonomy":"post_tag","embeddable":true,"href":"https:\/\/www.ecuadortimes.net\/es\/wp-json\/wp\/v2\/tags?post=260999"}],"curies":[{"name":"wp","href":"https:\/\/api.w.org\/{rel}","templated":true}]}}