{"id":261012,"date":"2022-11-02T22:31:24","date_gmt":"2022-11-02T22:31:24","guid":{"rendered":"https:\/\/www.ecuadortimes.net\/es\/?p=261012"},"modified":"2022-11-02T22:31:24","modified_gmt":"2022-11-02T22:31:24","slug":"1-400-elementos-de-las-fuerzas-armadas-fortalecen-la-seguridad-en-guayas-y-esmeraldas","status":"publish","type":"post","link":"https:\/\/www.ecuadortimes.net\/es\/1-400-elementos-de-las-fuerzas-armadas-fortalecen-la-seguridad-en-guayas-y-esmeraldas\/","title":{"rendered":"1.400 elementos de las Fuerzas Armadas fortalecen la seguridad en Guayas y Esmeraldas"},"content":{"rendered":"<div class=\"itemFullText\">\n<p>En conferencia de prensa, el ministro de Defensa, Luis Lara, reproch\u00f3 los hechos registrados en el Ecuador y que se atribuyen a la delincuencia. El funcionario indic\u00f3 que esta violencia criminal asociada al narcotr\u00e1fico y crimen organizado obedece a una reacci\u00f3n ante la \u201cfirme decisi\u00f3n del Gobierno Nacional de retomar el control de las c\u00e1rceles y erradicar el negocio de la droga en el pa\u00eds\u201d, explic\u00f3.<\/p>\n<div id=\"attachment_261013\" style=\"width: 1210px\" class=\"wp-caption alignnone\"><img aria-describedby=\"caption-attachment-261013\" loading=\"lazy\" class=\"size-full wp-image-261013\" src=\"https:\/\/www.ecuadortimes.net\/es\/wp-content\/uploads\/2022\/11\/ecuador-times-ecuador-news-1400-elements-of-the-armed-forces-strengthen-security-in-guayas-and-esmeraldas.jpg\" alt=\"\" width=\"1200\" height=\"810\" srcset=\"https:\/\/www.ecuadortimes.net\/es\/wp-content\/uploads\/2022\/11\/ecuador-times-ecuador-news-1400-elements-of-the-armed-forces-strengthen-security-in-guayas-and-esmeraldas.jpg 1200w, https:\/\/www.ecuadortimes.net\/es\/wp-content\/uploads\/2022\/11\/ecuador-times-ecuador-news-1400-elements-of-the-armed-forces-strengthen-security-in-guayas-and-esmeraldas-75x52.jpg 75w\" sizes=\"(max-width: 1200px) 100vw, 1200px\" \/><p id=\"caption-attachment-261013\" class=\"wp-caption-text\">Fuerzas Armadas y la Polic\u00eda Nacional trabajan de manera conjunta en zonas donde se registraron hechos de violencia.<\/p><\/div>\n<p>Desde las instalaciones del ECU-911 en Guayaquil, donde est\u00e1 instalado el Puesto de Mando Unificado (PMU), Lara dio a conocer que al momento hay 1.400 elementos de las Fuerzas Armadas en Guayaquil y, este mi\u00e9rcoles 2 y jueves 3 de noviembre, se sumar\u00e1n m\u00e1s elementos.<\/p>\n<p>En esta l\u00ednea, dio a conocer que las Fuerzas Armadas y la Polic\u00eda Nacional trabajan de manera conjunta alineados a las atribuciones constitucionales y al Decreto Ejecutivo dispuesto por el Presidente de la Rep\u00fablica; el mismo que permite hacer uso de los recursos log\u00edsticos, humanos y t\u00e9cnicos de ambas instituciones para mantener el orden y resguardad la seguridad ciudadana.<\/p>\n<p>Finalmente, el funcionario resalt\u00f3 el trabajo de los efectivos policiales. \u201cExpresamos nuestra solidaridad con los familiares de elementos de la Polic\u00eda Nacional que perdieron su vida en el cumplimiento de su deber\u201d, sostuvo, al tiempo que enfatiz\u00f3 en que \u201cse hace urgente la articulaci\u00f3n efectiva de todas las instancias del Estado para fortalecer la seguridad y proteger la vida de los ecuatorianos\u201d.<\/p>\n<\/div>\n<p><a href=\"https:\/\/www.eltelegrafo.com.ec\/noticias\/actualidad\/44\/1400-elementos-fuerzas-armadas-fortalecen-seguridad-guayas-esmeraldas\">https:\/\/www.eltelegrafo.com.ec\/noticias\/actualidad\/44\/1400-elementos-fuerzas-armadas-fortalecen-seguridad-guayas-esmeraldas<\/a><\/p>\n","protected":false},"excerpt":{"rendered":"<p>En conferencia de prensa, el ministro de Defensa, Luis Lara, reproch\u00f3 los hechos registrados en el Ecuador y que se atribuyen a la delincuencia. El funcionario indic\u00f3 que esta violencia criminal asociada al narcotr\u00e1fico y crimen organizado obedece a una reacci\u00f3n ante la \u201cfirme decisi\u00f3n del Gobierno Nacional de retomar el control de las c\u00e1rceles y erradicar el negocio de la droga en el pa\u00eds\u201d, explic\u00f3. Desde las instalaciones del ECU-911 en Guayaquil, donde est\u00e1 instalado el Puesto de Mando Unificado (PMU), Lara dio a conocer que al momento hay 1.400 elementos de las Fuerzas Armadas en Guayaquil y, este mi\u00e9rcoles 2 y jueves 3 de noviembre, se sumar\u00e1n m\u00e1s elementos. En esta l\u00ednea, dio a conocer que las Fuerzas Armadas y la Polic\u00eda Nacional trabajan de manera conjunta alineados a las atribuciones constitucionales y al Decreto Ejecutivo dispuesto por el Presidente de la Rep\u00fablica; el mismo que permite hacer uso de los recursos log\u00edsticos, humanos y t\u00e9cnicos de ambas instituciones para mantener el orden y resguardad la seguridad ciudadana. Finalmente, el funcionario resalt\u00f3 el trabajo de los efectivos policiales. \u201cExpresamos nuestra solidaridad con los familiares de elementos de la Polic\u00eda Nacional que perdieron su vida en el cumplimiento de su deber\u201d, sostuvo, al tiempo que enfatiz\u00f3 en que \u201cse hace urgente la articulaci\u00f3n efectiva de todas las instancias del Estado para fortalecer la seguridad y proteger la vida de los ecuatorianos\u201d. https:\/\/www.eltelegrafo.com.ec\/noticias\/actualidad\/44\/1400-elementos-fuerzas-armadas-fortalecen-seguridad-guayas-esmeraldas<\/p>\n","protected":false},"author":1,"featured_media":261013,"comment_status":"closed","ping_status":"closed","sticky":false,"template":"","format":"standard","meta":[],"categories":[35,23],"tags":[],"_links":{"self":[{"href":"https:\/\/www.ecuadortimes.net\/es\/wp-json\/wp\/v2\/posts\/261012"}],"collection":[{"href":"https:\/\/www.ecuadortimes.net\/es\/wp-json\/wp\/v2\/posts"}],"about":[{"href":"https:\/\/www.ecuadortimes.net\/es\/wp-json\/wp\/v2\/types\/post"}],"author":[{"embeddable":true,"href":"https:\/\/www.ecuadortimes.net\/es\/wp-json\/wp\/v2\/users\/1"}],"replies":[{"embeddable":true,"href":"https:\/\/www.ecuadortimes.net\/es\/wp-json\/wp\/v2\/comments?post=261012"}],"version-history":[{"count":1,"href":"https:\/\/www.ecuadortimes.net\/es\/wp-json\/wp\/v2\/posts\/261012\/revisions"}],"predecessor-version":[{"id":261014,"href":"https:\/\/www.ecuadortimes.net\/es\/wp-json\/wp\/v2\/posts\/261012\/revisions\/261014"}],"wp:featuredmedia":[{"embeddable":true,"href":"https:\/\/www.ecuadortimes.net\/es\/wp-json\/wp\/v2\/media\/261013"}],"wp:attachment":[{"href":"https:\/\/www.ecuadortimes.net\/es\/wp-json\/wp\/v2\/media?parent=261012"}],"wp:term":[{"taxonomy":"category","embeddable":true,"href":"https:\/\/www.ecuadortimes.net\/es\/wp-json\/wp\/v2\/categories?post=261012"},{"taxonomy":"post_tag","embeddable":true,"href":"https:\/\/www.ecuadortimes.net\/es\/wp-json\/wp\/v2\/tags?post=261012"}],"curies":[{"name":"wp","href":"https:\/\/api.w.org\/{rel}","templated":true}]}}