{"id":261015,"date":"2022-11-02T22:54:05","date_gmt":"2022-11-02T22:54:05","guid":{"rendered":"https:\/\/www.ecuadortimes.net\/es\/?p=261015"},"modified":"2022-11-02T22:54:05","modified_gmt":"2022-11-02T22:54:05","slug":"fmi-ecuador-tendra-la-menor-inflacion-de-america-latina-en-2023","status":"publish","type":"post","link":"https:\/\/www.ecuadortimes.net\/es\/fmi-ecuador-tendra-la-menor-inflacion-de-america-latina-en-2023\/","title":{"rendered":"FMI: Ecuador tendr\u00e1 la menor inflaci\u00f3n de Am\u00e9rica Latina en 2023"},"content":{"rendered":"<div id=\"entry-content-inarticle\" class=\"entry-content\">\n<h3 class=\"noticia__entradilla\">El Fondo Monetario Internacional (FMI) prev\u00e9 que la tasa de inflaci\u00f3n de Ecuador ser\u00e1 de 1,4% en 2023, la m\u00e1s baja del continente.<\/h3>\n<div id=\"attachment_261016\" style=\"width: 1034px\" class=\"wp-caption alignnone\"><img aria-describedby=\"caption-attachment-261016\" loading=\"lazy\" class=\"size-full wp-image-261016\" src=\"https:\/\/www.ecuadortimes.net\/es\/wp-content\/uploads\/2022\/11\/ecuador-times-ecuador-news-imf-ecuador-will-have-the-lowest-inflation-in-latin-america-in-2023.jpg\" alt=\"\" width=\"1024\" height=\"574\" \/><p id=\"caption-attachment-261016\" class=\"wp-caption-text\">Imagen referencial de un supermercado en el norte de Quito, en septiembre de 2022.<\/p><\/div>\n<p class=\"selectionShareable\"><strong>Ecuador<\/strong> ser\u00e1 el pa\u00eds de Am\u00e9rica Latina y El Caribe con la <strong>menor<\/strong> <strong>tasa de inflaci\u00f3n anual<\/strong> en 2023, seg\u00fan el Fondo Monetario Internacional (FMI).<\/p>\n<p class=\"selectionShareable\">Lo muestra el reporte Perspectivas Econ\u00f3micas, presentado el 1 de noviembre de 2022 por el organismo multilateral.<\/p>\n<p class=\"selectionShareable\">El FMI proyecta que la<strong> inflaci\u00f3n promedio de Ecuador <\/strong>ser\u00e1 de 1,4% en 2023; es decir, <strong>menor a la tasa de 3,8% <\/strong>prevista para 2022.<\/p>\n<p class=\"selectionShareable\">El indicador de Ecuador estar\u00e1 muy por <strong>debajo del promedio de Am\u00e9rica Latina<\/strong>, en donde el FMI prev\u00e9 una<strong> inflaci\u00f3n de<\/strong> 9,5% en 2023.<\/p>\n<p><iframe id=\"datawrapper-chart-5c1pK\" style=\"width: 0px; border: none; min-width: 100% !important; height: 764px;\" title=\"Inflaci\u00f3n en Latinoam\u00e9rica\" src=\"https:\/\/datawrapper.dwcdn.net\/5c1pK\/1\/\" height=\"704\" frameborder=\"0\" scrolling=\"no\" aria-label=\"Mapa\"><\/iframe><script type=\"text\/javascript\">!function(){\"use strict\";window.addEventListener(\"message\",(function(e){if(void 0!==e.data[\"datawrapper-height\"]){var t=document.querySelectorAll(\"iframe\");for(var a in e.data[\"datawrapper-height\"])for(var r=0;r<t.length;r++){if(t[r].contentWindow===e.source)t[r].style.height=e.data[\"datawrapper-height\"][a]+\"px\"}}}))}();<\/script><\/p>\n<h2>\u00bfY el resto de los pa\u00edses?<\/h2>\n<p class=\"selectionShareable\">Despu\u00e9s de Ecuador, la <strong>segunda naci\u00f3n con menor inflaci\u00f3n<\/strong> en la regi\u00f3n ser\u00e1 <strong>El Salvador<\/strong>, una econom\u00eda que tambi\u00e9n est\u00e1 dolarizada.<\/p>\n<p class=\"selectionShareable\">Seg\u00fan el FMI, la inflaci\u00f3n promedio de El Salvador ser\u00e1 de 2% en 2023. La cifra est\u00e1 por debajo de la tasa de 6% proyectada para 2022.<\/p>\n<p class=\"selectionShareable\">Mientras tanto, <strong>Venezuela<\/strong>, con una <strong>inflaci\u00f3n promedio de 150%<\/strong>, ser\u00e1 el pa\u00eds con el indicador m\u00e1s alto en 2023.<\/p>\n<p class=\"selectionShareable\">Le sigue Argentina, que tendr\u00e1 una inflaci\u00f3n de 60%.<\/p>\n<h2>Dos riesgos<\/h2>\n<p class=\"selectionShareable\">Seg\u00fan el FMI, <strong>dos riesgos persisten <\/strong>en la regi\u00f3n: la dr\u00e1stica ca\u00edda de los <strong>precios de las materias primas<\/strong> y el <strong>malestar social <\/strong>por el encarecimiento de los productos.<\/p>\n<p class=\"selectionShareable\">Dado que la inflaci\u00f3n a\u00fan no cede, los gobiernos deben evitar un \"relajamiento prematuro de la pol\u00edtica monetaria\", dijo el FMI.<\/p>\n<p class=\"selectionShareable\">El organismo recomienda que los gobiernos implementen<strong> medidas compensatorias <\/strong>para ayudar a los grupos de <strong>poblaci\u00f3n de menores ingresos <\/strong>y m\u00e1s vulnerables.<\/p>\n<h2>Las medidas<\/h2>\n<p class=\"selectionShareable\">Dado que las condiciones para acceder a pr\u00e9stamos son m\u00e1s duras, los pa\u00edses deben <strong><a href=\"https:\/\/www.imf.org\/es\/Publications\/REO\/WH\/Issues\/2022\/10\/13\/regional-economic-outlook-western-hemisphere-october-2022\" target=\"_blank\" rel=\"noreferrer noopener\">mantener la consolidaci\u00f3n fiscal<\/a><\/strong>, dice el informe.<\/p>\n<p class=\"selectionShareable\">Lo anterior se refiere a evitar que los gastos de un Estado suban por encima de los ingresos en niveles insostenibles.<\/p>\n<p class=\"selectionShareable\">Para dinamizar la econom\u00eda, el FMI considera que los gobiernos deben incentivar una mayor <strong>inversi\u00f3n p\u00fablica y privada.<\/strong><\/p>\n<p class=\"selectionShareable\">\"Las pol\u00edticas deben centrarse en simplificar y modernizar la normativa laboral, y en eliminar las barreras que dificultan la entrada y la salida de las empresas\", dice el informe.<\/p>\n<div id=\"publicidad-progra\">\n<p>&nbsp;<\/p>\n<\/div>\n<\/div>\n<p><a href=\"https:\/\/www.primicias.ec\/noticias\/economia\/inflacion-baja-ecuador-fmi\/\">https:\/\/www.primicias.ec\/noticias\/economia\/inflacion-baja-ecuador-fmi\/<\/a><\/p>\n","protected":false},"excerpt":{"rendered":"<p>El Fondo Monetario Internacional (FMI) prev\u00e9 que la tasa de inflaci\u00f3n de Ecuador ser\u00e1 de 1,4% en 2023, la m\u00e1s baja del continente. Ecuador ser\u00e1 el pa\u00eds de Am\u00e9rica Latina y El Caribe con la menor tasa de inflaci\u00f3n anual en 2023, seg\u00fan el Fondo Monetario Internacional (FMI). Lo muestra el reporte Perspectivas Econ\u00f3micas, presentado el 1 de noviembre de 2022 por el organismo multilateral. El FMI proyecta que la inflaci\u00f3n promedio de Ecuador ser\u00e1 de 1,4% en 2023; es decir, menor a la tasa de 3,8% prevista para 2022. El indicador de Ecuador estar\u00e1 muy por debajo del promedio de Am\u00e9rica Latina, en donde el FMI prev\u00e9 una inflaci\u00f3n de 9,5% en 2023. \u00bfY el resto de los pa\u00edses? Despu\u00e9s de Ecuador, la segunda naci\u00f3n con menor inflaci\u00f3n en la regi\u00f3n ser\u00e1 El Salvador, una econom\u00eda que tambi\u00e9n est\u00e1 dolarizada. Seg\u00fan el FMI, la inflaci\u00f3n promedio de El Salvador ser\u00e1 de 2% en 2023. La cifra est\u00e1 por debajo de la tasa de 6% proyectada para 2022. Mientras tanto, Venezuela, con una inflaci\u00f3n promedio de 150%, ser\u00e1 el pa\u00eds con el indicador m\u00e1s alto en 2023. Le sigue Argentina, que tendr\u00e1 una inflaci\u00f3n de 60%. Dos riesgos Seg\u00fan el FMI, dos riesgos persisten en la regi\u00f3n: la dr\u00e1stica ca\u00edda de los precios de las materias primas y el malestar social por el encarecimiento de los productos. Dado que la inflaci\u00f3n a\u00fan no cede, los gobiernos deben evitar un &#8220;relajamiento prematuro de la pol\u00edtica monetaria&#8221;, dijo el FMI. El organismo recomienda que los gobiernos implementen medidas compensatorias para ayudar a los grupos de poblaci\u00f3n de menores ingresos y m\u00e1s vulnerables. Las medidas Dado que las condiciones para acceder a pr\u00e9stamos son m\u00e1s duras, los pa\u00edses deben mantener la consolidaci\u00f3n fiscal, dice el informe. Lo anterior se refiere a evitar que los gastos de un Estado suban por encima de los ingresos en niveles insostenibles. Para dinamizar la econom\u00eda, el FMI considera que los gobiernos deben incentivar una mayor inversi\u00f3n p\u00fablica y privada. &#8220;Las pol\u00edticas deben centrarse en simplificar y modernizar la normativa laboral, y en eliminar las barreras que dificultan la entrada y la salida de las empresas&#8221;, dice el informe. &nbsp; https:\/\/www.primicias.ec\/noticias\/economia\/inflacion-baja-ecuador-fmi\/<\/p>\n","protected":false},"author":1,"featured_media":261016,"comment_status":"closed","ping_status":"closed","sticky":false,"template":"","format":"standard","meta":[],"categories":[43,24],"tags":[],"_links":{"self":[{"href":"https:\/\/www.ecuadortimes.net\/es\/wp-json\/wp\/v2\/posts\/261015"}],"collection":[{"href":"https:\/\/www.ecuadortimes.net\/es\/wp-json\/wp\/v2\/posts"}],"about":[{"href":"https:\/\/www.ecuadortimes.net\/es\/wp-json\/wp\/v2\/types\/post"}],"author":[{"embeddable":true,"href":"https:\/\/www.ecuadortimes.net\/es\/wp-json\/wp\/v2\/users\/1"}],"replies":[{"embeddable":true,"href":"https:\/\/www.ecuadortimes.net\/es\/wp-json\/wp\/v2\/comments?post=261015"}],"version-history":[{"count":1,"href":"https:\/\/www.ecuadortimes.net\/es\/wp-json\/wp\/v2\/posts\/261015\/revisions"}],"predecessor-version":[{"id":261017,"href":"https:\/\/www.ecuadortimes.net\/es\/wp-json\/wp\/v2\/posts\/261015\/revisions\/261017"}],"wp:featuredmedia":[{"embeddable":true,"href":"https:\/\/www.ecuadortimes.net\/es\/wp-json\/wp\/v2\/media\/261016"}],"wp:attachment":[{"href":"https:\/\/www.ecuadortimes.net\/es\/wp-json\/wp\/v2\/media?parent=261015"}],"wp:term":[{"taxonomy":"category","embeddable":true,"href":"https:\/\/www.ecuadortimes.net\/es\/wp-json\/wp\/v2\/categories?post=261015"},{"taxonomy":"post_tag","embeddable":true,"href":"https:\/\/www.ecuadortimes.net\/es\/wp-json\/wp\/v2\/tags?post=261015"}],"curies":[{"name":"wp","href":"https:\/\/api.w.org\/{rel}","templated":true}]}}