{"id":261018,"date":"2022-11-07T22:37:49","date_gmt":"2022-11-07T22:37:49","guid":{"rendered":"https:\/\/www.ecuadortimes.net\/es\/?p=261018"},"modified":"2022-11-07T22:37:49","modified_gmt":"2022-11-07T22:37:49","slug":"quien-es-pedro-pablo-duart-precandidato-a-alcalde-de-guayaquil","status":"publish","type":"post","link":"https:\/\/www.ecuadortimes.net\/es\/quien-es-pedro-pablo-duart-precandidato-a-alcalde-de-guayaquil\/","title":{"rendered":"\u00bfQui\u00e9n es Pedro Pablo Duart, precandidato a alcalde de Guayaquil?"},"content":{"rendered":"<div class=\"fusion-text fusion-text-1\">\n<p><b><span class=\"fusion-dropcap dropcap\">P<\/span>edro Pablo Duart Segale<\/b><span style=\"font-weight: 400;\"> es un pol\u00edtico guayaquile\u00f1o. En agosto de 2022, Duart<\/span> <b>anunci\u00f3<\/b><b> que ser\u00eda candidato a la alcald\u00eda de Guayaquil<\/b><span style=\"font-weight: 400;\"> en las elecciones de 2023<\/span><b> por <\/b><b>SUMA<\/b><span style=\"font-weight: 400;\">, partido fundado por Mauricio Rodas y Guillermo Celi en 2012. Su candidatura fue inscrita ante el Consejo Nacional Electoral (CNE) el 13 de septiembre de 2022.<\/span><\/p>\n<div id=\"attachment_261019\" style=\"width: 610px\" class=\"wp-caption alignnone\"><img aria-describedby=\"caption-attachment-261019\" loading=\"lazy\" class=\"size-full wp-image-261019\" src=\"https:\/\/www.ecuadortimes.net\/es\/wp-content\/uploads\/2022\/11\/ecuador-times-ecuador-news-who-is-pedro-pablo-duart-candidate-for-mayor-of-guayaquil.jpg\" alt=\"\" width=\"600\" height=\"400\" \/><p id=\"caption-attachment-261019\" class=\"wp-caption-text\">Pedro Pablo Duart en uno de los eventos de su campa\u00f1a en Guayaquil. Fotograf\u00eda tomada de la cuenta de Instagram de Pedro Pablo Duart.<\/p><\/div>\n<\/div>\n<div class=\"fusion-text fusion-text-3\">\n<p><span style=\"font-weight: 400;\">Duart <\/span><b>fue gobernador de Guayas entre 2019 y 2020,<\/b><span style=\"font-weight: 400;\"> en el gobierno del entonces presidente Len\u00edn Moreno y <\/span><b>durante los primeros meses de la pandemia del <\/b><b>covid-19<\/b> <span style=\"font-weight: 400;\">que afect\u00f3 gravemente a la provincia costera.\u00a0<\/span><\/p>\n<h4 class=\"fusion-responsive-typography-calculated\" style=\"--fontsize: 28.8; line-height: 1.2;\" data-fontsize=\"28.8\" data-lineheight=\"34.56px\"><b>Sobre su vida acad\u00e9mica y profesional<\/b><\/h4>\n<p><span style=\"font-weight: 400;\">Duart es hijo de padre espa\u00f1ol y de madre ecuatoriana. Estudi\u00f3 la primaria en la Escuela Letras y Vida y la secundaria en el Colegio Internacional SEK, ambos en Guayaquil.\u00a0<\/span><\/p>\n<p><span style=\"font-weight: 400;\">Duart tiene una<\/span><b> licenciatura en administraci\u00f3n de empresas.<\/b><span style=\"font-weight: 400;\"> Tiene una <\/span><b>maestr\u00eda en comunicaci\u00f3n pol\u00edtica e institucional y otra en comercio exterior,<\/b><span style=\"font-weight: 400;\"> las dos fueron hechas en Espa\u00f1a.\u00a0<\/span><\/p>\n<p><span style=\"font-weight: 400;\">Adem\u00e1s, <\/span><a href=\"https:\/\/www.linkedin.com\/in\/pedropabloduart\/?originalSubdomain=es\"><span style=\"font-weight: 400;\">su LinkedIn<\/span><\/a><span style=\"font-weight: 400;\"> dice que es especialista en comunicaci\u00f3n pol\u00edtica e institucional, dise\u00f1o y planificaci\u00f3n de campa\u00f1as electorales, marketing, comercio exterior, administraci\u00f3n de empresas, relaciones p\u00fablicas y ventas.\u00a0<\/span><\/p>\n<p><span style=\"font-weight: 400;\">Entre 2008 y 2012, Duart trabaj\u00f3<\/span><b> como coordinador de la oficina comercial de la Embajada de Ecuador en Espa\u00f1a<\/b><span style=\"font-weight: 400;\">.<\/span><a href=\"https:\/\/www.linkedin.com\/in\/pedropabloduart\/?originalSubdomain=es\"><span style=\"font-weight: 400;\"> Su perfil de LinkedIn dice<\/span><\/a><span style=\"font-weight: 400;\"> que en julio 2011 cofund\u00f3 un restaurante llamado Paralelo Cero en Madrid con el que estuvo involucrado hasta septiembre de 2012.\u00a0<\/span><\/p>\n<p><span style=\"font-weight: 400;\">Antes de ser gobernador <\/span><b>ocup\u00f3 varios cargos en el sector p\u00fablico. <\/b><span style=\"font-weight: 400;\">Entre diciembre de 2014 y abril de 2017\u00a0 fue <\/span><b>subdirector de la Direcci\u00f3n de Acci\u00f3n Social y Educaci\u00f3n del Municipio de Guayaquil<\/b><span style=\"font-weight: 400;\">. Y entre abril de 2017 y mayo de 2019 fue <\/span><b>director de esa misma entidad municipal<\/b><span style=\"font-weight: 400;\">, hasta que asumi\u00f3 la gobernaci\u00f3n de Guayas.\u00a0<\/span><\/p>\n<h4 class=\"fusion-responsive-typography-calculated\" style=\"--fontsize: 28.8; line-height: 1.2;\" data-fontsize=\"28.8\" data-lineheight=\"34.56px\"><b>La gobernaci\u00f3n de Guayas<\/b><\/h4>\n<p><span style=\"font-weight: 400;\">Pedro Pablo Duart <\/span><b>fue gobernador de Guayas entre agosto de 2019 y julio de 2020,<\/b><span style=\"font-weight: 400;\"> en el gobierno del entonces presidente Len\u00edn Moreno.\u00a0<\/span><\/p>\n<p><span style=\"font-weight: 400;\">Uno de los momentos m\u00e1s memorables de esos 11 meses que ocup\u00f3 el cargo fue cuando <\/span><b>autoriz\u00f3 que un partido de f\u00fatbol se juegue con p\u00fablico,<\/b><span style=\"font-weight: 400;\"> d\u00edas despu\u00e9s de que se confirmara el primer caso de <\/span><span style=\"font-weight: 400;\">covid<\/span><span style=\"font-weight: 400;\">&#8211;<\/span><span style=\"font-weight: 400;\">19<\/span><span style=\"font-weight: 400;\"> en Guayaquil.\u00a0\u00a0<\/span><\/p>\n<p><span style=\"font-weight: 400;\">El 2 de marzo de 2020, Duart <\/span><a href=\"https:\/\/twitter.com\/PedroPabloDuart\/status\/1234678092083318784?s=20&amp;t=gLq0wBTjiU9QzEYKOHx2dQ\"><span style=\"font-weight: 400;\">public\u00f3 un mensaje en su cuenta de Twitter<\/span><\/a><span style=\"font-weight: 400;\"> en el que dec\u00eda que el partido de Barcelona contra Independiente del Valle del 4 de marzo de ese a\u00f1o se jugar\u00eda con p\u00fablico siguiendo las recomendaciones del Ministerio de Salud P\u00fablica, que <\/span><b>en ese momento todav\u00eda no inclu\u00edan el uso obligatorio de mascarillas.<\/b><span style=\"font-weight: 400;\"> Duart dijo que las actividades se deb\u00edan retomar actuando con responsabilidad y que <\/span><b>no se deb\u00eda dejar que \u201cel temor nos gane\u201d.<\/b><\/p>\n<p><b>\u201cEl virus m\u00e1s peligroso es el miedo\u201d<\/b><span style=\"font-weight: 400;\">, <\/span><a href=\"https:\/\/twitter.com\/PedroPabloDuart\/status\/1234678092083318784?s=20&amp;t=gLq0wBTjiU9QzEYKOHx2dQ\"><span style=\"font-weight: 400;\">dijo Duart en la publicaci\u00f3n de Twitter.<\/span><\/a><span style=\"font-weight: 400;\"> M\u00e1s de 19 mil personas fueron a ese partido de f\u00fatbol el 4 de marzo de 2020.\u00a0<\/span><\/p>\n<p><span style=\"font-weight: 400;\">Apenas dos semanas despu\u00e9s, la pandemia comenz\u00f3 a crecer a un ritmo acelerado en Guayaquil <\/span><b>causando la muerte de m\u00e1s de 15 mil personas hasta finales de abril de 2020<\/b><span style=\"font-weight: 400;\"> en la primera y m\u00e1s letal ola de covid-19 en Am\u00e9rica Latina.\u00a0<\/span><\/p>\n<p><span style=\"font-weight: 400;\">Adem\u00e1s, el nivel de <\/span><span style=\"font-weight: 400;\">muertes en exceso<\/span><span style=\"font-weight: 400;\"> caus\u00f3 un colapso total de los sistemas sanitario y funerario de Guayaquil en el que <\/span><b>desaparecieron m\u00e1s de cien cuerpos<\/b><b> de los fallecidos.<\/b><span style=\"font-weight: 400;\">\u00a0<\/span><\/p>\n<p><span style=\"font-weight: 400;\">En abril de 2020, Duart <\/span><a href=\"https:\/\/www.fiscalia.gob.ec\/continua-investigacion-de-presuntos-incumplimientos-en-la-identificacion-de-fallecidos-en-guayaquil-durante-la-emergencia\/\"><span style=\"font-weight: 400;\">present\u00f3 una denuncia<\/span><\/a><span style=\"font-weight: 400;\"> para que se investigue un presunto incumplimiento de manejo de cad\u00e1veres en el contexto de la pandemia en algunos hospitales p\u00fablicos de Guayaquil. Eso habr\u00eda contribuido a que algunos de los cuerpos desaparezcan. La Fiscal\u00eda <\/span><a href=\"https:\/\/www.fiscalia.gob.ec\/continua-investigacion-de-presuntos-incumplimientos-en-la-identificacion-de-fallecidos-en-guayaquil-durante-la-emergencia\/\"><span style=\"font-weight: 400;\">abri\u00f3 una investigaci\u00f3n<\/span><\/a><span style=\"font-weight: 400;\"> sobre el caso. Sin embargo, m\u00e1s de dos a\u00f1os despu\u00e9s,<\/span><b> decenas de personas siguen buscando los cuerpos de sus familiares que <\/b><b>todav\u00eda no aparecen.\u00a0<\/b><\/p>\n<p><span style=\"font-weight: 400;\">Despu\u00e9s de las cr\u00edticas por autorizar el partido de f\u00fatbol, Duart <\/span><a href=\"https:\/\/www.benditofutbol.com\/nacional\/gobernador-guayas-nego-barcelona-independientedelvalle.html\"><span style=\"font-weight: 400;\">dijo<\/span><\/a><span style=\"font-weight: 400;\"> que el encuentro deportivo <\/span><b>fue autorizado por el Ministerio de Salud P\u00fablica <\/b><span style=\"font-weight: 400;\">y que en ese momento todav\u00eda no se hab\u00eda declarado la emergencia sanitaria en Ecuador.\u00a0<\/span><\/p>\n<p><span style=\"font-weight: 400;\">En los primeros meses de la pandemia de covid-19 en Ecuador, Duart <\/span><b>estuvo a cargo de coordinar acciones interinstitucionales en temas de seguridad.<\/b><span style=\"font-weight: 400;\"> Adem\u00e1s, instal\u00f3 hospitales en uno de los principales parques de Guayaquil y fue parte del equipo encargado de recoger algunos de los cuerpos de los fallecidos de la ciudad en esa \u00e9poca.\u00a0<\/span><\/p>\n<p><span style=\"font-weight: 400;\">Con frecuencia aparec\u00eda en fotograf\u00edas entregando alimentos o insumos m\u00e9dicos con Otto Sonnenholzner, entonces vicepresidente del Ecuador y con quien Duart es amigo desde hace a\u00f1os.\u00a0<\/span><\/p>\n<p><span style=\"font-weight: 400;\">Duart <\/span><b>estuvo en la gobernaci\u00f3n de Guayas hasta julio de 2020.<\/b><span style=\"font-weight: 400;\"> Ese d\u00eda, Duart <\/span><a href=\"https:\/\/twitter.com\/PedroPabloDuart\/status\/1282714821033680896?s=20&amp;t=eCcU34spNh3TrBWIEN6VWQ\"><span style=\"font-weight: 400;\">public\u00f3 un video<\/span><\/a><span style=\"font-weight: 400;\"> en el que anunciaba que present\u00f3 su renuncia irrevocable.\u00a0<\/span><\/p>\n<p>&nbsp;<\/p>\n<div class=\"twitter-tweet twitter-tweet-rendered\" style=\"display: flex; max-width: 550px; width: 100%; margin-top: 10px; margin-bottom: 10px;\"><iframe id=\"twitter-widget-1\" class=\"\" style=\"position: static; visibility: visible; width: 550px; height: 672px; display: block; flex-grow: 1;\" title=\"Twitter Tweet\" src=\"https:\/\/platform.twitter.com\/embed\/Tweet.html?creatorScreenName=GKecuador&amp;dnt=false&amp;embedId=twitter-widget-1&amp;features=eyJ0ZndfdGltZWxpbmVfbGlzdCI6eyJidWNrZXQiOlsibGlua3RyLmVlIiwidHIuZWUiLCJ0ZXJyYS5jb20uYnIiLCJ3d3cubGlua3RyLmVlIiwid3d3LnRyLmVlIiwid3d3LnRlcnJhLmNvbS5iciJdLCJ2ZXJzaW9uIjpudWxsfSwidGZ3X2hvcml6b25fdGltZWxpbmVfMTIwMzQiOnsiYnVja2V0IjoidHJlYXRtZW50IiwidmVyc2lvbiI6bnVsbH0sInRmd190d2VldF9lZGl0X2JhY2tlbmQiOnsiYnVja2V0Ijoib24iLCJ2ZXJzaW9uIjpudWxsfSwidGZ3X3JlZnNyY19zZXNzaW9uIjp7ImJ1Y2tldCI6Im9uIiwidmVyc2lvbiI6bnVsbH0sInRmd19jaGluX3BpbGxzXzE0NzQxIjp7ImJ1Y2tldCI6ImNvbG9yX2ljb25zIiwidmVyc2lvbiI6bnVsbH0sInRmd190d2VldF9yZXN1bHRfbWlncmF0aW9uXzEzOTc5Ijp7ImJ1Y2tldCI6InR3ZWV0X3Jlc3VsdCIsInZlcnNpb24iOm51bGx9LCJ0Zndfc2Vuc2l0aXZlX21lZGlhX2ludGVyc3RpdGlhbF8xMzk2MyI6eyJidWNrZXQiOiJpbnRlcnN0aXRpYWwiLCJ2ZXJzaW9uIjpudWxsfSwidGZ3X2V4cGVyaW1lbnRzX2Nvb2tpZV9leHBpcmF0aW9uIjp7ImJ1Y2tldCI6MTIwOTYwMCwidmVyc2lvbiI6bnVsbH0sInRmd19kdXBsaWNhdGVfc2NyaWJlc190b19zZXR0aW5ncyI6eyJidWNrZXQiOiJvbiIsInZlcnNpb24iOm51bGx9LCJ0ZndfdmlkZW9faGxzX2R5bmFtaWNfbWFuaWZlc3RzXzE1MDgyIjp7ImJ1Y2tldCI6InRydWVfYml0cmF0ZSIsInZlcnNpb24iOm51bGx9LCJ0Zndfc2hvd19ibHVlX3ZlcmlmaWVkX2JhZGdlIjp7ImJ1Y2tldCI6Im9mZiIsInZlcnNpb24iOm51bGx9LCJ0ZndfdHdlZXRfZWRpdF9mcm9udGVuZCI6eyJidWNrZXQiOiJvbiIsInZlcnNpb24iOm51bGx9fQ%3D%3D&amp;frame=false&amp;hideCard=false&amp;hideThread=false&amp;id=1282714821033680896&amp;lang=es&amp;origin=https%3A%2F%2Fgk.city%2F2022%2F10%2F12%2Fquien-es-pedro-pablo-duart%2F&amp;sessionId=ed33435c24c857ea006457f1bf73f27d7491fdce&amp;siteScreenName=GKecuador&amp;theme=light&amp;widgetsVersion=a3525f077c700%3A1667415560940&amp;width=550px\" frameborder=\"0\" scrolling=\"no\" allowfullscreen=\"allowfullscreen\" data-tweet-id=\"1282714821033680896\"><\/iframe><\/div>\n<p><script async=\"\" src=\"https:\/\/platform.twitter.com\/widgets.js\" charset=\"utf-8\"><\/script><\/p>\n<p><a href=\"https:\/\/twitter.com\/PedroPabloDuart\/status\/1282714821033680896?s=20&amp;t=eCcU34spNh3TrBWIEN6VWQ\"><span style=\"font-weight: 400;\">En el video<\/span><\/a><span style=\"font-weight: 400;\">, Duart tambi\u00e9n agradeci\u00f3 al presidente Moreno por su apoyo y confianza. En el video, Duart dijo que cumpli\u00f3 con los objetivos que se propuso al aceptar el cargo. Uno de los cuales, seg\u00fan \u00e9l, era <\/span><b>\u201crecuperar la honorabilidad que merece el cargo de Gobernador\u201d y la instituci\u00f3n.\u00a0<\/b><\/p>\n<\/div>\n<p><a href=\"https:\/\/gk.city\/2022\/10\/12\/quien-es-pedro-pablo-duart\/\">https:\/\/gk.city\/2022\/10\/12\/quien-es-pedro-pablo-duart\/<\/a><\/p>\n","protected":false},"excerpt":{"rendered":"<p>Pedro Pablo Duart Segale es un pol\u00edtico guayaquile\u00f1o. En agosto de 2022, Duart anunci\u00f3 que ser\u00eda candidato a la alcald\u00eda de Guayaquil en las elecciones de 2023 por SUMA, partido fundado por Mauricio Rodas y Guillermo Celi en 2012. Su candidatura fue inscrita ante el Consejo Nacional Electoral (CNE) el 13 de septiembre de 2022. Duart fue gobernador de Guayas entre 2019 y 2020, en el gobierno del entonces presidente Len\u00edn Moreno y durante los primeros meses de la pandemia del covid-19 que afect\u00f3 gravemente a la provincia costera.\u00a0 Sobre su vida acad\u00e9mica y profesional Duart es hijo de padre espa\u00f1ol y de madre ecuatoriana. Estudi\u00f3 la primaria en la Escuela Letras y Vida y la secundaria en el Colegio Internacional SEK, ambos en Guayaquil.\u00a0 Duart tiene una licenciatura en administraci\u00f3n de empresas. Tiene una maestr\u00eda en comunicaci\u00f3n pol\u00edtica e institucional y otra en comercio exterior, las dos fueron hechas en Espa\u00f1a.\u00a0 Adem\u00e1s, su LinkedIn dice que es especialista en comunicaci\u00f3n pol\u00edtica e institucional, dise\u00f1o y planificaci\u00f3n de campa\u00f1as electorales, marketing, comercio exterior, administraci\u00f3n de empresas, relaciones p\u00fablicas y ventas.\u00a0 Entre 2008 y 2012, Duart trabaj\u00f3 como coordinador de la oficina comercial de la Embajada de Ecuador en Espa\u00f1a. Su perfil de LinkedIn dice que en julio 2011 cofund\u00f3 un restaurante llamado Paralelo Cero en Madrid con el que estuvo involucrado hasta septiembre de 2012.\u00a0 Antes de ser gobernador ocup\u00f3 varios cargos en el sector p\u00fablico. Entre diciembre de 2014 y abril de 2017\u00a0 fue subdirector de la Direcci\u00f3n de Acci\u00f3n Social y Educaci\u00f3n del Municipio de Guayaquil. Y entre abril de 2017 y mayo de 2019 fue director de esa misma entidad municipal, hasta que asumi\u00f3 la gobernaci\u00f3n de Guayas.\u00a0 La gobernaci\u00f3n de Guayas Pedro Pablo Duart fue gobernador de Guayas entre agosto de 2019 y julio de 2020, en el gobierno del entonces presidente Len\u00edn Moreno.\u00a0 Uno de los momentos m\u00e1s memorables de esos 11 meses que ocup\u00f3 el cargo fue cuando autoriz\u00f3 que un partido de f\u00fatbol se juegue con p\u00fablico, d\u00edas despu\u00e9s de que se confirmara el primer caso de covid&#8211;19 en Guayaquil.\u00a0\u00a0 El 2 de marzo de 2020, Duart public\u00f3 un mensaje en su cuenta de Twitter en el que dec\u00eda que el partido de Barcelona contra Independiente del Valle del 4 de marzo de ese a\u00f1o se jugar\u00eda con p\u00fablico siguiendo las recomendaciones del Ministerio de Salud P\u00fablica, que en ese momento todav\u00eda no inclu\u00edan el uso obligatorio de mascarillas. Duart dijo que las actividades se deb\u00edan retomar actuando con responsabilidad y que no se deb\u00eda dejar que \u201cel temor nos gane\u201d. \u201cEl virus m\u00e1s peligroso es el miedo\u201d, dijo Duart en la publicaci\u00f3n de Twitter. M\u00e1s de 19 mil personas fueron a ese partido de f\u00fatbol el 4 de marzo de 2020.\u00a0 Apenas dos semanas despu\u00e9s, la pandemia comenz\u00f3 a crecer a un ritmo acelerado en Guayaquil causando la muerte de m\u00e1s de 15 mil personas hasta finales de abril de 2020 en la primera y m\u00e1s letal ola de covid-19 en Am\u00e9rica Latina.\u00a0 Adem\u00e1s, el nivel de muertes en exceso caus\u00f3 un colapso total de los sistemas sanitario y funerario de Guayaquil en el que desaparecieron m\u00e1s de cien cuerpos de los fallecidos.\u00a0 En abril de 2020, Duart present\u00f3 una denuncia para que se investigue un presunto incumplimiento de manejo de cad\u00e1veres en el contexto de la pandemia en algunos hospitales p\u00fablicos de Guayaquil. Eso habr\u00eda contribuido a que algunos de los cuerpos desaparezcan. La Fiscal\u00eda abri\u00f3 una investigaci\u00f3n sobre el caso. Sin embargo, m\u00e1s de dos a\u00f1os despu\u00e9s, decenas de personas siguen buscando los cuerpos de sus familiares que todav\u00eda no aparecen.\u00a0 Despu\u00e9s de las cr\u00edticas por autorizar el partido de f\u00fatbol, Duart dijo que el encuentro deportivo fue autorizado por el Ministerio de Salud P\u00fablica y que en ese momento todav\u00eda no se hab\u00eda declarado la emergencia sanitaria en Ecuador.\u00a0 En los primeros meses de la pandemia de covid-19 en Ecuador, Duart estuvo a cargo de coordinar acciones interinstitucionales en temas de seguridad. Adem\u00e1s, instal\u00f3 hospitales en uno de los principales parques de Guayaquil y fue parte del equipo encargado de recoger algunos de los cuerpos de los fallecidos de la ciudad en esa \u00e9poca.\u00a0 Con frecuencia aparec\u00eda en fotograf\u00edas entregando alimentos o insumos m\u00e9dicos con Otto Sonnenholzner, entonces vicepresidente del Ecuador y con quien Duart es amigo desde hace a\u00f1os.\u00a0 Duart estuvo en la gobernaci\u00f3n de Guayas hasta julio de 2020. Ese d\u00eda, Duart public\u00f3 un video en el que anunciaba que present\u00f3 su renuncia irrevocable.\u00a0 &nbsp; En el video, Duart tambi\u00e9n agradeci\u00f3 al presidente Moreno por su apoyo y confianza. En el video, Duart dijo que cumpli\u00f3 con los objetivos que se propuso al aceptar el cargo. Uno de los cuales, seg\u00fan \u00e9l, era \u201crecuperar la honorabilidad que merece el cargo de Gobernador\u201d y la instituci\u00f3n.\u00a0 https:\/\/gk.city\/2022\/10\/12\/quien-es-pedro-pablo-duart\/<\/p>\n","protected":false},"author":1,"featured_media":261019,"comment_status":"closed","ping_status":"closed","sticky":false,"template":"","format":"standard","meta":[],"categories":[40,23],"tags":[],"_links":{"self":[{"href":"https:\/\/www.ecuadortimes.net\/es\/wp-json\/wp\/v2\/posts\/261018"}],"collection":[{"href":"https:\/\/www.ecuadortimes.net\/es\/wp-json\/wp\/v2\/posts"}],"about":[{"href":"https:\/\/www.ecuadortimes.net\/es\/wp-json\/wp\/v2\/types\/post"}],"author":[{"embeddable":true,"href":"https:\/\/www.ecuadortimes.net\/es\/wp-json\/wp\/v2\/users\/1"}],"replies":[{"embeddable":true,"href":"https:\/\/www.ecuadortimes.net\/es\/wp-json\/wp\/v2\/comments?post=261018"}],"version-history":[{"count":1,"href":"https:\/\/www.ecuadortimes.net\/es\/wp-json\/wp\/v2\/posts\/261018\/revisions"}],"predecessor-version":[{"id":261020,"href":"https:\/\/www.ecuadortimes.net\/es\/wp-json\/wp\/v2\/posts\/261018\/revisions\/261020"}],"wp:featuredmedia":[{"embeddable":true,"href":"https:\/\/www.ecuadortimes.net\/es\/wp-json\/wp\/v2\/media\/261019"}],"wp:attachment":[{"href":"https:\/\/www.ecuadortimes.net\/es\/wp-json\/wp\/v2\/media?parent=261018"}],"wp:term":[{"taxonomy":"category","embeddable":true,"href":"https:\/\/www.ecuadortimes.net\/es\/wp-json\/wp\/v2\/categories?post=261018"},{"taxonomy":"post_tag","embeddable":true,"href":"https:\/\/www.ecuadortimes.net\/es\/wp-json\/wp\/v2\/tags?post=261018"}],"curies":[{"name":"wp","href":"https:\/\/api.w.org\/{rel}","templated":true}]}}