{"id":261021,"date":"2022-11-07T23:12:22","date_gmt":"2022-11-07T23:12:22","guid":{"rendered":"https:\/\/www.ecuadortimes.net\/es\/?p=261021"},"modified":"2022-11-07T23:12:22","modified_gmt":"2022-11-07T23:12:22","slug":"el-presidente-guillermo-lasso-continuara-liderando-el-puesto-de-mando-unificado","status":"publish","type":"post","link":"https:\/\/www.ecuadortimes.net\/es\/el-presidente-guillermo-lasso-continuara-liderando-el-puesto-de-mando-unificado\/","title":{"rendered":"El presidente Guillermo Lasso continuar\u00e1 liderando el Puesto de Mando Unificado"},"content":{"rendered":"<div class=\"itemFullText\">\n<p>En un conversatorio con medios de comunicaci\u00f3n, el ministro de Gobierno, Francisco Jim\u00e9nez, dio a conocer los algunos de los detalles del Plan Integral de Seguridad que se aplicar\u00e1 en el Ecuador como respuesta a los \u00faltimos hechos violentos.<\/p>\n<div id=\"attachment_261022\" style=\"width: 1210px\" class=\"wp-caption alignnone\"><img aria-describedby=\"caption-attachment-261022\" loading=\"lazy\" class=\"size-full wp-image-261022\" src=\"https:\/\/www.ecuadortimes.net\/es\/wp-content\/uploads\/2022\/11\/ecuador-times-ecuador-news-president-guillermo-lasso-will-continue-to-lead-the-unified-command-post.jpg\" alt=\"\" width=\"1200\" height=\"810\" srcset=\"https:\/\/www.ecuadortimes.net\/es\/wp-content\/uploads\/2022\/11\/ecuador-times-ecuador-news-president-guillermo-lasso-will-continue-to-lead-the-unified-command-post.jpg 1200w, https:\/\/www.ecuadortimes.net\/es\/wp-content\/uploads\/2022\/11\/ecuador-times-ecuador-news-president-guillermo-lasso-will-continue-to-lead-the-unified-command-post-75x52.jpg 75w\" sizes=\"(max-width: 1200px) 100vw, 1200px\" \/><p id=\"caption-attachment-261022\" class=\"wp-caption-text\">El anuncio lo realiz\u00f3 el Ministro de Gobierno.<\/p><\/div>\n<p>Jim\u00e9nez, detall\u00f3 que en una primera fase se ejecuta el control de centros penitenciarios y operativos en las 3 provincias en estado de excepci\u00f3n. Adem\u00e1s se\u00f1al\u00f3 que el presidente Guillermo Lasso permanecer\u00e1 en Guayaquil liderando el Puesto de Mando Unificado.<\/p>\n<p>El secretario de Estado indic\u00f3 que el Gobierno ha emprendido un plan a partir de 4 ejes, el 1ero la recuperaci\u00f3n de capacidades de Polic\u00eda Nacional y Fuerzas Armadas, el 2do enfocado en el reforzamiento institucional, el 3ero, la cooperaci\u00f3n con pa\u00edses estrat\u00e9gicos y el 4to, el reforzamiento de la normativa.<\/p>\n<div class=\"twitter-tweet twitter-tweet-rendered\" style=\"display: flex; max-width: 550px; width: 100%; margin-top: 10px; margin-bottom: 10px;\"><iframe id=\"twitter-widget-1\" class=\"\" style=\"position: static; visibility: visible; width: 550px; height: 708px; display: block; flex-grow: 1;\" title=\"Twitter Tweet\" src=\"https:\/\/platform.twitter.com\/embed\/Tweet.html?creatorScreenName=el_telegrafo&amp;dnt=false&amp;embedId=twitter-widget-1&amp;features=eyJ0ZndfdGltZWxpbmVfbGlzdCI6eyJidWNrZXQiOlsibGlua3RyLmVlIiwidHIuZWUiLCJ0ZXJyYS5jb20uYnIiLCJ3d3cubGlua3RyLmVlIiwid3d3LnRyLmVlIiwid3d3LnRlcnJhLmNvbS5iciJdLCJ2ZXJzaW9uIjpudWxsfSwidGZ3X2hvcml6b25fdGltZWxpbmVfMTIwMzQiOnsiYnVja2V0IjoidHJlYXRtZW50IiwidmVyc2lvbiI6bnVsbH0sInRmd190d2VldF9lZGl0X2JhY2tlbmQiOnsiYnVja2V0Ijoib24iLCJ2ZXJzaW9uIjpudWxsfSwidGZ3X3JlZnNyY19zZXNzaW9uIjp7ImJ1Y2tldCI6Im9uIiwidmVyc2lvbiI6bnVsbH0sInRmd19jaGluX3BpbGxzXzE0NzQxIjp7ImJ1Y2tldCI6ImNvbG9yX2ljb25zIiwidmVyc2lvbiI6bnVsbH0sInRmd190d2VldF9yZXN1bHRfbWlncmF0aW9uXzEzOTc5Ijp7ImJ1Y2tldCI6InR3ZWV0X3Jlc3VsdCIsInZlcnNpb24iOm51bGx9LCJ0Zndfc2Vuc2l0aXZlX21lZGlhX2ludGVyc3RpdGlhbF8xMzk2MyI6eyJidWNrZXQiOiJpbnRlcnN0aXRpYWwiLCJ2ZXJzaW9uIjpudWxsfSwidGZ3X2V4cGVyaW1lbnRzX2Nvb2tpZV9leHBpcmF0aW9uIjp7ImJ1Y2tldCI6MTIwOTYwMCwidmVyc2lvbiI6bnVsbH0sInRmd19kdXBsaWNhdGVfc2NyaWJlc190b19zZXR0aW5ncyI6eyJidWNrZXQiOiJvbiIsInZlcnNpb24iOm51bGx9LCJ0ZndfdmlkZW9faGxzX2R5bmFtaWNfbWFuaWZlc3RzXzE1MDgyIjp7ImJ1Y2tldCI6InRydWVfYml0cmF0ZSIsInZlcnNpb24iOm51bGx9LCJ0Zndfc2hvd19ibHVlX3ZlcmlmaWVkX2JhZGdlIjp7ImJ1Y2tldCI6Im9mZiIsInZlcnNpb24iOm51bGx9LCJ0ZndfdHdlZXRfZWRpdF9mcm9udGVuZCI6eyJidWNrZXQiOiJvbiIsInZlcnNpb24iOm51bGx9fQ%3D%3D&amp;frame=false&amp;hideCard=false&amp;hideThread=false&amp;id=1589648991117250563&amp;lang=es&amp;origin=https%3A%2F%2Fwww.eltelegrafo.com.ec%2Fnoticias%2Factualidad%2F44%2Fpresidente-guillermo-lasso-continuara-liderando-puesto-mando-unificado&amp;sessionId=16f479bd240e29d8077157fb908c98ceeac68f1b&amp;siteScreenName=el_telegrafo&amp;theme=light&amp;widgetsVersion=a3525f077c700%3A1667415560940&amp;width=550px\" frameborder=\"0\" scrolling=\"no\" allowfullscreen=\"allowfullscreen\" data-tweet-id=\"1589648991117250563\"><\/iframe><\/div>\n<p><script src=\"https:\/\/platform.twitter.com\/widgets.js\"><\/script><\/p>\n<\/div>\n<p><a href=\"https:\/\/www.eltelegrafo.com.ec\/noticias\/actualidad\/44\/presidente-guillermo-lasso-continuara-liderando-puesto-mando-unificado\">https:\/\/www.eltelegrafo.com.ec\/noticias\/actualidad\/44\/presidente-guillermo-lasso-continuara-liderando-puesto-mando-unificado<\/a><\/p>\n","protected":false},"excerpt":{"rendered":"<p>En un conversatorio con medios de comunicaci\u00f3n, el ministro de Gobierno, Francisco Jim\u00e9nez, dio a conocer los algunos de los detalles del Plan Integral de Seguridad que se aplicar\u00e1 en el Ecuador como respuesta a los \u00faltimos hechos violentos. Jim\u00e9nez, detall\u00f3 que en una primera fase se ejecuta el control de centros penitenciarios y operativos en las 3 provincias en estado de excepci\u00f3n. Adem\u00e1s se\u00f1al\u00f3 que el presidente Guillermo Lasso permanecer\u00e1 en Guayaquil liderando el Puesto de Mando Unificado. El secretario de Estado indic\u00f3 que el Gobierno ha emprendido un plan a partir de 4 ejes, el 1ero la recuperaci\u00f3n de capacidades de Polic\u00eda Nacional y Fuerzas Armadas, el 2do enfocado en el reforzamiento institucional, el 3ero, la cooperaci\u00f3n con pa\u00edses estrat\u00e9gicos y el 4to, el reforzamiento de la normativa. https:\/\/www.eltelegrafo.com.ec\/noticias\/actualidad\/44\/presidente-guillermo-lasso-continuara-liderando-puesto-mando-unificado<\/p>\n","protected":false},"author":1,"featured_media":261022,"comment_status":"closed","ping_status":"closed","sticky":false,"template":"","format":"standard","meta":[],"categories":[35,24],"tags":[],"_links":{"self":[{"href":"https:\/\/www.ecuadortimes.net\/es\/wp-json\/wp\/v2\/posts\/261021"}],"collection":[{"href":"https:\/\/www.ecuadortimes.net\/es\/wp-json\/wp\/v2\/posts"}],"about":[{"href":"https:\/\/www.ecuadortimes.net\/es\/wp-json\/wp\/v2\/types\/post"}],"author":[{"embeddable":true,"href":"https:\/\/www.ecuadortimes.net\/es\/wp-json\/wp\/v2\/users\/1"}],"replies":[{"embeddable":true,"href":"https:\/\/www.ecuadortimes.net\/es\/wp-json\/wp\/v2\/comments?post=261021"}],"version-history":[{"count":1,"href":"https:\/\/www.ecuadortimes.net\/es\/wp-json\/wp\/v2\/posts\/261021\/revisions"}],"predecessor-version":[{"id":261023,"href":"https:\/\/www.ecuadortimes.net\/es\/wp-json\/wp\/v2\/posts\/261021\/revisions\/261023"}],"wp:featuredmedia":[{"embeddable":true,"href":"https:\/\/www.ecuadortimes.net\/es\/wp-json\/wp\/v2\/media\/261022"}],"wp:attachment":[{"href":"https:\/\/www.ecuadortimes.net\/es\/wp-json\/wp\/v2\/media?parent=261021"}],"wp:term":[{"taxonomy":"category","embeddable":true,"href":"https:\/\/www.ecuadortimes.net\/es\/wp-json\/wp\/v2\/categories?post=261021"},{"taxonomy":"post_tag","embeddable":true,"href":"https:\/\/www.ecuadortimes.net\/es\/wp-json\/wp\/v2\/tags?post=261021"}],"curies":[{"name":"wp","href":"https:\/\/api.w.org\/{rel}","templated":true}]}}