{"id":261027,"date":"2022-11-08T22:43:31","date_gmt":"2022-11-08T22:43:31","guid":{"rendered":"https:\/\/www.ecuadortimes.net\/es\/?p=261027"},"modified":"2022-11-08T22:43:31","modified_gmt":"2022-11-08T22:43:31","slug":"nilsen-arias-y-su-equipo-viajaron-tres-veces-en-avion-presidencial","status":"publish","type":"post","link":"https:\/\/www.ecuadortimes.net\/es\/nilsen-arias-y-su-equipo-viajaron-tres-veces-en-avion-presidencial\/","title":{"rendered":"Nilsen Arias y su equipo viajaron tres veces en avi\u00f3n presidencial"},"content":{"rendered":"<div id=\"entry-content-inarticle\" class=\"entry-content\">\n<h3 class=\"noticia__entradilla\">Reportes de vi\u00e1ticos del Ministerio de Finanzas y de Petroecuador muestran que el avi\u00f3n presidencial se us\u00f3 en al menos tres ocasiones, entre noviembre de 2016 y enero de 2017, para las negociaciones de contratos de la petrolera estatal.<\/h3>\n<div id=\"attachment_261028\" style=\"width: 1034px\" class=\"wp-caption alignnone\"><img aria-describedby=\"caption-attachment-261028\" loading=\"lazy\" class=\"size-full wp-image-261028\" src=\"https:\/\/www.ecuadortimes.net\/es\/wp-content\/uploads\/2022\/11\/ecuador-times-ecuador-news-nilsen-arias-and-his-team-traveled-three-times-on-the-presidential-plane.jpg\" alt=\"\" width=\"1024\" height=\"574\" \/><p id=\"caption-attachment-261028\" class=\"wp-caption-text\">El avi\u00f3n presidencial Falcon 7X, en el aeropuerto de Guayaquil.<\/p><\/div>\n<p class=\"selectionShareable\">Las investigaciones de la Fiscal\u00eda alrededor de la corrupci\u00f3n en los contratos de preventas petroleras de Petroecuador han puesto los ojos sobre los movimientos del avi\u00f3n presidencial.<\/p>\n<p class=\"selectionShareable\">Las pesquisas encontraron que al menos una parte de las negociaciones de estos contratos se hizo con el visto bueno de la Presidencia.<\/p>\n<p class=\"selectionShareable\">La Fiscal\u00eda se enfoc\u00f3 en un viaje, realizado en <strong>enero de 2017<\/strong>, en los \u00faltimos meses del gobierno de Rafael Correa.<\/p>\n<div id=\"center1\" class=\"desktop banner_large banner_pc\" style=\"display: none;\">\n<div id=\"google_ads_iframe_21814064744\/primicias\/center1_0__container__\" style=\"border: 0pt none; width: 728px; height: 0px;\"><\/div>\n<\/div>\n<p class=\"selectionShareable\">PRIMICIAS identific\u00f3 al menos <strong>dos viajes m\u00e1s <\/strong>en los que tambi\u00e9n se us\u00f3 el avi\u00f3n presidencial para que <strong>Nilsen Arias<\/strong>, entonces gerente de Comercio Internacional de Petroecuador, viajara junto con su equipo.<\/p>\n<p class=\"selectionShareable\">Las comitivas en los tres viajes estaban integradas por personal del <strong>Ministerio de Finanzas y de Petroecuador<\/strong>.<\/p>\n<p class=\"selectionShareable\">De la coordinaci\u00f3n con la Presidencia de la Rep\u00fablica para solicitar la aeronave se encargaba el Ministerio de Finanzas; los oficios est\u00e1n firmados por los exministros de esa cartera, <strong>Fausto Herrera y Patricio Rivera.<\/strong><\/p>\n<p class=\"selectionShareable\">En los tres viajes se pueden encontrar <strong>dos nombres siempre presentes<\/strong>: Nilsen Arias y William V., quien era subsecretario de Financiamiento P\u00fablico de Finanzas, y es uno de los procesados por la Fiscal\u00eda.<\/p>\n<p class=\"selectionShareable\">De acuerdo con los reportes disponibles, los vi\u00e1ticos que reportaba cada funcionario en estos viajes eran <strong>de USD 2.000<\/strong> en promedio.<\/p>\n<p class=\"selectionShareable\">Seg\u00fan la Fiscal\u00eda, en dichos viajes se negociaban los contratos de preventa petrolera, pero tambi\u00e9n se coordinaba la <strong>entrega de sobornos<\/strong>.<\/p>\n<h2>Una peque\u00f1a gira<\/h2>\n<p class=\"selectionShareable\">El 1 de noviembre de 2016, la entonces viceministra de Finanzas, Madeleine Abarca, solicit\u00f3 la autorizaci\u00f3n de vi\u00e1ticos para el ministro<strong> Fausto Herrera<\/strong>, su asesor <strong>Pa\u00fal Villarreal<\/strong> y para <strong>William V<\/strong>., subsecretario de Financiamiento P\u00fablico y uno de los procesados por corrupci\u00f3n en Petroecuador.<\/p>\n<p class=\"selectionShareable\">El viaje tendr\u00eda lugar del 6 al 16 de noviembre de 2016, con el objetivo de \u201ccontinuar con los procesos de negociaci\u00f3n para los programas y proyectos de inversi\u00f3n que actualmente ejecuta la Rep\u00fablica del Ecuador\u201d.<\/p>\n<p class=\"selectionShareable\">Y ten\u00eda varios destinos: <strong>Madrid, Dubai, Bangkok, Par\u00eds, Luxemburgo y Nueva York<\/strong>.<\/p>\n<p class=\"selectionShareable\">Seg\u00fan consta en el informe, el viaje se hizo en uno de los aviones presidenciales.<\/p>\n<p class=\"selectionShareable\">De acuerdo con los reportes de vi\u00e1ticos de Petroecuador, en esa comitiva tambi\u00e9n estuvieron: Pedro Merizalde (entonces gerente de Petroecuador), Nilsen Arias y dos miembros de su equipo de confianza: <strong>Galo G. y Santiago P.<\/strong><\/p>\n<p class=\"selectionShareable\">Los objetivos del viaje de los cuatro funcionarios de Petroecuador no son claros. La estatal petrolera <strong>no permite descargar los informes <\/strong>sobre dichos periplos.<\/p>\n<p class=\"selectionShareable\">Mientras que en los informes de Finanzas los detalles son sucintos. El reporte de William V. dice que hubo reuniones de trabajo \u201cque permiten continuar con los procesos para la consecuci\u00f3n oportuna de financiamiento\u201d.<\/p>\n<h2>Otro viaje el mismo mes<\/h2>\n<p class=\"selectionShareable\">Los funcionarios p\u00fablicos regresaron de su gira el 16 de noviembre. Cinco d\u00edas despu\u00e9s, el ministro Herrera ya solicitaba <strong>el uso del avi\u00f3n presidencial <\/strong>nuevamente.<\/p>\n<p class=\"selectionShareable\">En un oficio dirigido a Ver\u00f3nica \u00c1lvarez, subsecretaria de <strong>Despacho Presidencial<\/strong>, del 22 de noviembre, Herrera le solicita usar la aeronave para un nuevo traslado.<\/p>\n<p class=\"selectionShareable\">Las fechas de este viaje son del 28 de noviembre al 8 de diciembre, con el objetivo de participar en \u201c<strong>varias reuniones <\/strong>de suma importancia\u201d.<\/p>\n<p class=\"selectionShareable\"><img loading=\"lazy\" class=\"size-medium wp-image-1548459 entered lazyloaded\" src=\"https:\/\/media.primicias.ec\/2022\/11\/07182017\/autorizacion-avion-presidencial.jpeg\" sizes=\"(max-width: 1138px) 100vw, 1138px\" srcset=\"https:\/\/media.primicias.ec\/2022\/11\/07182017\/autorizacion-avion-presidencial.jpeg 1138w, https:\/\/media.primicias.ec\/2022\/11\/07182017\/autorizacion-avion-presidencial-213x300.jpeg 213w, https:\/\/media.primicias.ec\/2022\/11\/07182017\/autorizacion-avion-presidencial-728x1024.jpeg 728w, https:\/\/media.primicias.ec\/2022\/11\/07182017\/autorizacion-avion-presidencial-768x1080.jpeg 768w, https:\/\/media.primicias.ec\/2022\/11\/07182017\/autorizacion-avion-presidencial-1092x1536.jpeg 1092w, https:\/\/media.primicias.ec\/2022\/11\/07182017\/autorizacion-avion-presidencial-300x422.jpeg 300w, https:\/\/media.primicias.ec\/2022\/11\/07182017\/autorizacion-avion-presidencial-350x492.jpeg 350w, https:\/\/media.primicias.ec\/2022\/11\/07182017\/autorizacion-avion-presidencial-550x773.jpeg 550w, https:\/\/media.primicias.ec\/2022\/11\/07182017\/autorizacion-avion-presidencial-765x1076.jpeg 765w, https:\/\/media.primicias.ec\/2022\/11\/07182017\/autorizacion-avion-presidencial-850x1195.jpeg 850w, https:\/\/media.primicias.ec\/2022\/11\/07182017\/autorizacion-avion-presidencial-992x1395.jpeg 992w, https:\/\/media.primicias.ec\/2022\/11\/07182017\/autorizacion-avion-presidencial-320x450.jpeg 320w\" alt=\"\" width=\"100%\" height=\"100%\" data-lazy-srcset=\"https:\/\/media.primicias.ec\/2022\/11\/07182017\/autorizacion-avion-presidencial.jpeg 1138w, https:\/\/media.primicias.ec\/2022\/11\/07182017\/autorizacion-avion-presidencial-213x300.jpeg 213w, https:\/\/media.primicias.ec\/2022\/11\/07182017\/autorizacion-avion-presidencial-728x1024.jpeg 728w, https:\/\/media.primicias.ec\/2022\/11\/07182017\/autorizacion-avion-presidencial-768x1080.jpeg 768w, https:\/\/media.primicias.ec\/2022\/11\/07182017\/autorizacion-avion-presidencial-1092x1536.jpeg 1092w, https:\/\/media.primicias.ec\/2022\/11\/07182017\/autorizacion-avion-presidencial-300x422.jpeg 300w, https:\/\/media.primicias.ec\/2022\/11\/07182017\/autorizacion-avion-presidencial-350x492.jpeg 350w, https:\/\/media.primicias.ec\/2022\/11\/07182017\/autorizacion-avion-presidencial-550x773.jpeg 550w, https:\/\/media.primicias.ec\/2022\/11\/07182017\/autorizacion-avion-presidencial-765x1076.jpeg 765w, https:\/\/media.primicias.ec\/2022\/11\/07182017\/autorizacion-avion-presidencial-850x1195.jpeg 850w, https:\/\/media.primicias.ec\/2022\/11\/07182017\/autorizacion-avion-presidencial-992x1395.jpeg 992w, https:\/\/media.primicias.ec\/2022\/11\/07182017\/autorizacion-avion-presidencial-320x450.jpeg 320w\" data-lazy-sizes=\"(max-width: 1138px) 100vw, 1138px\" data-lazy-src=\"https:\/\/media.primicias.ec\/2022\/11\/07182017\/autorizacion-avion-presidencial.jpeg\" data-ll-status=\"loaded\" \/><noscript><img loading=\"lazy\" class=\"size-medium wp-image-1548459\" src=\"https:\/\/media.primicias.ec\/2022\/11\/07182017\/autorizacion-avion-presidencial.jpeg\" alt=\"\" width=\"100%\" height=\"100%\" srcset=\"https:\/\/media.primicias.ec\/2022\/11\/07182017\/autorizacion-avion-presidencial.jpeg 1138w, https:\/\/media.primicias.ec\/2022\/11\/07182017\/autorizacion-avion-presidencial-213x300.jpeg 213w, https:\/\/media.primicias.ec\/2022\/11\/07182017\/autorizacion-avion-presidencial-728x1024.jpeg 728w, https:\/\/media.primicias.ec\/2022\/11\/07182017\/autorizacion-avion-presidencial-768x1080.jpeg 768w, https:\/\/media.primicias.ec\/2022\/11\/07182017\/autorizacion-avion-presidencial-1092x1536.jpeg 1092w, https:\/\/media.primicias.ec\/2022\/11\/07182017\/autorizacion-avion-presidencial-300x422.jpeg 300w, https:\/\/media.primicias.ec\/2022\/11\/07182017\/autorizacion-avion-presidencial-350x492.jpeg 350w, https:\/\/media.primicias.ec\/2022\/11\/07182017\/autorizacion-avion-presidencial-550x773.jpeg 550w, https:\/\/media.primicias.ec\/2022\/11\/07182017\/autorizacion-avion-presidencial-765x1076.jpeg 765w, https:\/\/media.primicias.ec\/2022\/11\/07182017\/autorizacion-avion-presidencial-850x1195.jpeg 850w, https:\/\/media.primicias.ec\/2022\/11\/07182017\/autorizacion-avion-presidencial-992x1395.jpeg 992w, https:\/\/media.primicias.ec\/2022\/11\/07182017\/autorizacion-avion-presidencial-320x450.jpeg 320w\" sizes=\"(max-width: 1138px) 100vw, 1138px\" \/><\/noscript><\/p>\n<p class=\"selectionShareable\">Herrera informa que la comitiva estar\u00eda conformada por \u00e9l, Grace Rivera (entonces gerente institucional), William V., <strong>Nilsen Arias<\/strong>, Pedro Merizalde y Mauricio Jaramillo, entonces director jur\u00eddico de Petroecuador. Los destinos eran<strong> Buenos Aires, Bangkok, Dubai y Nueva York<\/strong>.<\/p>\n<p class=\"selectionShareable\">Este traslado se hizo en el avi\u00f3n Falcon 7X de la Presidencia.<\/p>\n<p class=\"selectionShareable\">El informe de William V. dice que en Bangkok (Tailandia) se mantuvieron reuniones con \u201ccompa\u00f1\u00edas financieras internacionales tal como PTT \u2013 International Trading PTE, a fin de concretar <strong>el compromiso de pasivo contingente <\/strong>en relaci\u00f3n con el contrato de compra y venta de crudo\u201d.<\/p>\n<p class=\"selectionShareable\">PTT, o Petrotailandia, es una de las empresas que tiene contratos de preventa petrolera, y ser\u00eda una de las que pag\u00f3 sobornos a Nilsen Arias.<\/p>\n<h2>Con destino a Dubai<\/h2>\n<p class=\"selectionShareable\">Poco tiempo despu\u00e9s, Finanzas volvi\u00f3 a pedir el avi\u00f3n presidencial. Para enero de 2017, el ministro era <strong>Patricio Rivera<\/strong>, y envi\u00f3 un oficio solicitando el uso de la aeronave para un nuevo viaje.<\/p>\n<p class=\"selectionShareable\">Este traslado ser\u00eda entre el 21 y el 28 de enero de 2017, <strong>con una sola parada, en Dubai<\/strong>. Este es el viaje en el que se ha centrado la Fiscal\u00eda en su investigaci\u00f3n del equipo de confianza de Nilsen Arias.<\/p>\n<p class=\"selectionShareable\">En este viaje, la comitiva estuvo integrada por William V., de parte de Finanzas, y de parte de Petroecuador fueron Pedro Merizalde, Nilsen Arias, Santiago P., Galo G. y Andr\u00e9s R.<\/p>\n<p class=\"selectionShareable\">El objeto era celebrar reuniones con <strong>Petrochina, Unipec y Oman Trading<\/strong>, tres de las empresas que estar\u00edan envueltas en el pago de sobornos a trav\u00e9s de las intermediarias Gunvor y Vitol.<\/p>\n<p class=\"selectionShareable\">Nuevamente, los reportes de vi\u00e1ticos de Petroecuador no est\u00e1n disponibles. Sin embargo, el informe de William V. asegura que se estaba llevando adelante una negociaci\u00f3n para la <strong>compra de GLP con Oman Trading<\/strong>, por USD 200 millones. Seg\u00fan dijo en la audiencia, esa negociaci\u00f3n nunca se concret\u00f3.<\/p>\n<p class=\"selectionShareable\">Adem\u00e1s, William V. reporta reuniones con la empresa <strong>Mercuria Global Energy Solutions<\/strong> para un contrato de compra-venta de petr\u00f3leo.<\/p>\n<h2>Correa busca lavarse las manos<\/h2>\n<p class=\"selectionShareable\">Tras la revelaci\u00f3n del uso del avi\u00f3n presidencial para el traslado de las personas ahora procesadas por corrupci\u00f3n, <strong>el expresidente Rafael Correa <\/strong>intent\u00f3 vincular al actual gobierno con el caso.<\/p>\n<p class=\"selectionShareable\">A trav\u00e9s de su cuenta de Twitter, el expresidente Correa escribi\u00f3 \u201cLasso hundido en corrupci\u00f3n\u201d.<\/p>\n<p class=\"selectionShareable\">Pero <strong>el mensaje fue eliminado <\/strong>a los pocos minutos de la cuenta del exmandatario.<\/p>\n<p class=\"selectionShareable\">Sin embargo, el ministro de Gobierno, Francisco Jim\u00e9nez, y el canciller, Juan Carlos Holgu\u00edn, compartieron capturas del post y descartaron cualquier vinculaci\u00f3n del actual gobierno con el caso.<\/p>\n<figure class=\"wp-block-embed is-type-rich is-provider-twitter wp-block-embed-twitter\">\n<div class=\"wp-block-embed__wrapper\">\n<div class=\"twitter-tweet twitter-tweet-rendered\" style=\"display: flex; max-width: 500px; width: 100%; margin-top: 10px; margin-bottom: 10px;\"><iframe id=\"twitter-widget-0\" class=\"\" style=\"position: static; visibility: visible; width: 500px; height: 799px; display: block; flex-grow: 1;\" title=\"Twitter Tweet\" src=\"https:\/\/platform.twitter.com\/embed\/Tweet.html?dnt=true&amp;embedId=twitter-widget-0&amp;features=eyJ0ZndfdGltZWxpbmVfbGlzdCI6eyJidWNrZXQiOlsibGlua3RyLmVlIiwidHIuZWUiLCJ0ZXJyYS5jb20uYnIiLCJ3d3cubGlua3RyLmVlIiwid3d3LnRyLmVlIiwid3d3LnRlcnJhLmNvbS5iciJdLCJ2ZXJzaW9uIjpudWxsfSwidGZ3X2hvcml6b25fdGltZWxpbmVfMTIwMzQiOnsiYnVja2V0IjoidHJlYXRtZW50IiwidmVyc2lvbiI6bnVsbH0sInRmd190d2VldF9lZGl0X2JhY2tlbmQiOnsiYnVja2V0Ijoib24iLCJ2ZXJzaW9uIjpudWxsfSwidGZ3X3JlZnNyY19zZXNzaW9uIjp7ImJ1Y2tldCI6Im9uIiwidmVyc2lvbiI6bnVsbH0sInRmd19jaGluX3BpbGxzXzE0NzQxIjp7ImJ1Y2tldCI6ImNvbG9yX2ljb25zIiwidmVyc2lvbiI6bnVsbH0sInRmd190d2VldF9yZXN1bHRfbWlncmF0aW9uXzEzOTc5Ijp7ImJ1Y2tldCI6InR3ZWV0X3Jlc3VsdCIsInZlcnNpb24iOm51bGx9LCJ0Zndfc2Vuc2l0aXZlX21lZGlhX2ludGVyc3RpdGlhbF8xMzk2MyI6eyJidWNrZXQiOiJpbnRlcnN0aXRpYWwiLCJ2ZXJzaW9uIjpudWxsfSwidGZ3X2V4cGVyaW1lbnRzX2Nvb2tpZV9leHBpcmF0aW9uIjp7ImJ1Y2tldCI6MTIwOTYwMCwidmVyc2lvbiI6bnVsbH0sInRmd19kdXBsaWNhdGVfc2NyaWJlc190b19zZXR0aW5ncyI6eyJidWNrZXQiOiJvbiIsInZlcnNpb24iOm51bGx9LCJ0ZndfdmlkZW9faGxzX2R5bmFtaWNfbWFuaWZlc3RzXzE1MDgyIjp7ImJ1Y2tldCI6InRydWVfYml0cmF0ZSIsInZlcnNpb24iOm51bGx9LCJ0Zndfc2hvd19ibHVlX3ZlcmlmaWVkX2JhZGdlIjp7ImJ1Y2tldCI6Im9mZiIsInZlcnNpb24iOm51bGx9LCJ0ZndfdHdlZXRfZWRpdF9mcm9udGVuZCI6eyJidWNrZXQiOiJvbiIsInZlcnNpb24iOm51bGx9fQ%3D%3D&amp;frame=false&amp;hideCard=false&amp;hideThread=false&amp;id=1588573341333729280&amp;lang=es&amp;origin=https%3A%2F%2Fwww.primicias.ec%2Fnoticias%2Fen-exclusiva%2Favion-presidencial-traslado-nilsen-arias-comitiva-corrupcion%2F&amp;sessionId=74295137899f97efe62ab8374f64086a9b92cf23&amp;siteScreenName=primicias&amp;theme=light&amp;widgetsVersion=a3525f077c700%3A1667415560940&amp;width=500px\" frameborder=\"0\" scrolling=\"no\" allowfullscreen=\"allowfullscreen\" data-tweet-id=\"1588573341333729280\"><\/iframe><\/div>\n<p><script data-minify=\"1\" async=\"\" src=\"https:\/\/www.primicias.ec\/wp-content\/cache\/min\/1\/widgets.js?ver=1667921901\" charset=\"utf-8\"><\/script><\/p>\n<\/div>\n<\/figure>\n<\/div>\n<p><a href=\"https:\/\/www.primicias.ec\/noticias\/en-exclusiva\/avion-presidencial-traslado-nilsen-arias-comitiva-corrupcion\/\">https:\/\/www.primicias.ec\/noticias\/en-exclusiva\/avion-presidencial-traslado-nilsen-arias-comitiva-corrupcion\/<\/a><\/p>\n","protected":false},"excerpt":{"rendered":"<p>Reportes de vi\u00e1ticos del Ministerio de Finanzas y de Petroecuador muestran que el avi\u00f3n presidencial se us\u00f3 en al menos tres ocasiones, entre noviembre de 2016 y enero de 2017, para las negociaciones de contratos de la petrolera estatal. Las investigaciones de la Fiscal\u00eda alrededor de la corrupci\u00f3n en los contratos de preventas petroleras de Petroecuador han puesto los ojos sobre los movimientos del avi\u00f3n presidencial. Las pesquisas encontraron que al menos una parte de las negociaciones de estos contratos se hizo con el visto bueno de la Presidencia. La Fiscal\u00eda se enfoc\u00f3 en un viaje, realizado en enero de 2017, en los \u00faltimos meses del gobierno de Rafael Correa. PRIMICIAS identific\u00f3 al menos dos viajes m\u00e1s en los que tambi\u00e9n se us\u00f3 el avi\u00f3n presidencial para que Nilsen Arias, entonces gerente de Comercio Internacional de Petroecuador, viajara junto con su equipo. Las comitivas en los tres viajes estaban integradas por personal del Ministerio de Finanzas y de Petroecuador. De la coordinaci\u00f3n con la Presidencia de la Rep\u00fablica para solicitar la aeronave se encargaba el Ministerio de Finanzas; los oficios est\u00e1n firmados por los exministros de esa cartera, Fausto Herrera y Patricio Rivera. En los tres viajes se pueden encontrar dos nombres siempre presentes: Nilsen Arias y William V., quien era subsecretario de Financiamiento P\u00fablico de Finanzas, y es uno de los procesados por la Fiscal\u00eda. De acuerdo con los reportes disponibles, los vi\u00e1ticos que reportaba cada funcionario en estos viajes eran de USD 2.000 en promedio. Seg\u00fan la Fiscal\u00eda, en dichos viajes se negociaban los contratos de preventa petrolera, pero tambi\u00e9n se coordinaba la entrega de sobornos. Una peque\u00f1a gira El 1 de noviembre de 2016, la entonces viceministra de Finanzas, Madeleine Abarca, solicit\u00f3 la autorizaci\u00f3n de vi\u00e1ticos para el ministro Fausto Herrera, su asesor Pa\u00fal Villarreal y para William V., subsecretario de Financiamiento P\u00fablico y uno de los procesados por corrupci\u00f3n en Petroecuador. El viaje tendr\u00eda lugar del 6 al 16 de noviembre de 2016, con el objetivo de \u201ccontinuar con los procesos de negociaci\u00f3n para los programas y proyectos de inversi\u00f3n que actualmente ejecuta la Rep\u00fablica del Ecuador\u201d. Y ten\u00eda varios destinos: Madrid, Dubai, Bangkok, Par\u00eds, Luxemburgo y Nueva York. Seg\u00fan consta en el informe, el viaje se hizo en uno de los aviones presidenciales. De acuerdo con los reportes de vi\u00e1ticos de Petroecuador, en esa comitiva tambi\u00e9n estuvieron: Pedro Merizalde (entonces gerente de Petroecuador), Nilsen Arias y dos miembros de su equipo de confianza: Galo G. y Santiago P. Los objetivos del viaje de los cuatro funcionarios de Petroecuador no son claros. La estatal petrolera no permite descargar los informes sobre dichos periplos. Mientras que en los informes de Finanzas los detalles son sucintos. El reporte de William V. dice que hubo reuniones de trabajo \u201cque permiten continuar con los procesos para la consecuci\u00f3n oportuna de financiamiento\u201d. Otro viaje el mismo mes Los funcionarios p\u00fablicos regresaron de su gira el 16 de noviembre. Cinco d\u00edas despu\u00e9s, el ministro Herrera ya solicitaba el uso del avi\u00f3n presidencial nuevamente. En un oficio dirigido a Ver\u00f3nica \u00c1lvarez, subsecretaria de Despacho Presidencial, del 22 de noviembre, Herrera le solicita usar la aeronave para un nuevo traslado. Las fechas de este viaje son del 28 de noviembre al 8 de diciembre, con el objetivo de participar en \u201cvarias reuniones de suma importancia\u201d. Herrera informa que la comitiva estar\u00eda conformada por \u00e9l, Grace Rivera (entonces gerente institucional), William V., Nilsen Arias, Pedro Merizalde y Mauricio Jaramillo, entonces director jur\u00eddico de Petroecuador. Los destinos eran Buenos Aires, Bangkok, Dubai y Nueva York. Este traslado se hizo en el avi\u00f3n Falcon 7X de la Presidencia. El informe de William V. dice que en Bangkok (Tailandia) se mantuvieron reuniones con \u201ccompa\u00f1\u00edas financieras internacionales tal como PTT \u2013 International Trading PTE, a fin de concretar el compromiso de pasivo contingente en relaci\u00f3n con el contrato de compra y venta de crudo\u201d. PTT, o Petrotailandia, es una de las empresas que tiene contratos de preventa petrolera, y ser\u00eda una de las que pag\u00f3 sobornos a Nilsen Arias. Con destino a Dubai Poco tiempo despu\u00e9s, Finanzas volvi\u00f3 a pedir el avi\u00f3n presidencial. Para enero de 2017, el ministro era Patricio Rivera, y envi\u00f3 un oficio solicitando el uso de la aeronave para un nuevo viaje. Este traslado ser\u00eda entre el 21 y el 28 de enero de 2017, con una sola parada, en Dubai. Este es el viaje en el que se ha centrado la Fiscal\u00eda en su investigaci\u00f3n del equipo de confianza de Nilsen Arias. En este viaje, la comitiva estuvo integrada por William V., de parte de Finanzas, y de parte de Petroecuador fueron Pedro Merizalde, Nilsen Arias, Santiago P., Galo G. y Andr\u00e9s R. El objeto era celebrar reuniones con Petrochina, Unipec y Oman Trading, tres de las empresas que estar\u00edan envueltas en el pago de sobornos a trav\u00e9s de las intermediarias Gunvor y Vitol. Nuevamente, los reportes de vi\u00e1ticos de Petroecuador no est\u00e1n disponibles. Sin embargo, el informe de William V. asegura que se estaba llevando adelante una negociaci\u00f3n para la compra de GLP con Oman Trading, por USD 200 millones. Seg\u00fan dijo en la audiencia, esa negociaci\u00f3n nunca se concret\u00f3. Adem\u00e1s, William V. reporta reuniones con la empresa Mercuria Global Energy Solutions para un contrato de compra-venta de petr\u00f3leo. Correa busca lavarse las manos Tras la revelaci\u00f3n del uso del avi\u00f3n presidencial para el traslado de las personas ahora procesadas por corrupci\u00f3n, el expresidente Rafael Correa intent\u00f3 vincular al actual gobierno con el caso. A trav\u00e9s de su cuenta de Twitter, el expresidente Correa escribi\u00f3 \u201cLasso hundido en corrupci\u00f3n\u201d. Pero el mensaje fue eliminado a los pocos minutos de la cuenta del exmandatario. Sin embargo, el ministro de Gobierno, Francisco Jim\u00e9nez, y el canciller, Juan Carlos Holgu\u00edn, compartieron capturas del post y descartaron cualquier vinculaci\u00f3n del actual gobierno con el caso. https:\/\/www.primicias.ec\/noticias\/en-exclusiva\/avion-presidencial-traslado-nilsen-arias-comitiva-corrupcion\/<\/p>\n","protected":false},"author":1,"featured_media":261028,"comment_status":"closed","ping_status":"closed","sticky":false,"template":"","format":"standard","meta":[],"categories":[40,24],"tags":[],"_links":{"self":[{"href":"https:\/\/www.ecuadortimes.net\/es\/wp-json\/wp\/v2\/posts\/261027"}],"collection":[{"href":"https:\/\/www.ecuadortimes.net\/es\/wp-json\/wp\/v2\/posts"}],"about":[{"href":"https:\/\/www.ecuadortimes.net\/es\/wp-json\/wp\/v2\/types\/post"}],"author":[{"embeddable":true,"href":"https:\/\/www.ecuadortimes.net\/es\/wp-json\/wp\/v2\/users\/1"}],"replies":[{"embeddable":true,"href":"https:\/\/www.ecuadortimes.net\/es\/wp-json\/wp\/v2\/comments?post=261027"}],"version-history":[{"count":1,"href":"https:\/\/www.ecuadortimes.net\/es\/wp-json\/wp\/v2\/posts\/261027\/revisions"}],"predecessor-version":[{"id":261029,"href":"https:\/\/www.ecuadortimes.net\/es\/wp-json\/wp\/v2\/posts\/261027\/revisions\/261029"}],"wp:featuredmedia":[{"embeddable":true,"href":"https:\/\/www.ecuadortimes.net\/es\/wp-json\/wp\/v2\/media\/261028"}],"wp:attachment":[{"href":"https:\/\/www.ecuadortimes.net\/es\/wp-json\/wp\/v2\/media?parent=261027"}],"wp:term":[{"taxonomy":"category","embeddable":true,"href":"https:\/\/www.ecuadortimes.net\/es\/wp-json\/wp\/v2\/categories?post=261027"},{"taxonomy":"post_tag","embeddable":true,"href":"https:\/\/www.ecuadortimes.net\/es\/wp-json\/wp\/v2\/tags?post=261027"}],"curies":[{"name":"wp","href":"https:\/\/api.w.org\/{rel}","templated":true}]}}