{"id":261033,"date":"2022-11-10T22:48:02","date_gmt":"2022-11-10T22:48:02","guid":{"rendered":"https:\/\/www.ecuadortimes.net\/es\/?p=261033"},"modified":"2022-11-10T22:48:02","modified_gmt":"2022-11-10T22:48:02","slug":"nueva-campana-de-vacunacion-contra-la-influenza-empieza-en-ecuador","status":"publish","type":"post","link":"https:\/\/www.ecuadortimes.net\/es\/nueva-campana-de-vacunacion-contra-la-influenza-empieza-en-ecuador\/","title":{"rendered":"Nueva campa\u00f1a de vacunaci\u00f3n contra la influenza empieza en Ecuador"},"content":{"rendered":"<div class=\"entry__content pw-ctt\">\n<p>El domingo 13 de noviembre del 2022 arrancar\u00e1 en Ecuador una nueva campa\u00f1a de <strong>vacunaci\u00f3n <\/strong>contra la <strong>influenza<\/strong>. Ese d\u00eda, en el <strong>parque Bicentenario<\/strong>, ubicado en el norte de Quito, la inmunizaci\u00f3n se realizar\u00e1 a partir de las 09:00.<\/p>\n<div id=\"attachment_261034\" style=\"width: 710px\" class=\"wp-caption alignnone\"><img aria-describedby=\"caption-attachment-261034\" loading=\"lazy\" class=\"size-full wp-image-261034\" src=\"https:\/\/www.ecuadortimes.net\/es\/wp-content\/uploads\/2022\/11\/ecuador-times-ecuador-news-new-vaccination-campaign-against-influenza-begins-in-ecuador.jpg\" alt=\"\" width=\"700\" height=\"417\" \/><p id=\"caption-attachment-261034\" class=\"wp-caption-text\">La vacuna contra la influenza y el covid-19 s\u00ed se pueden administrar simult\u00e1neamente.<\/p><\/div>\n<p>Esteban Bonilla, director de inmunizaciones del <strong>Ministerio de Salud P\u00fablica <\/strong>(MSP), se\u00f1ala que est\u00e1 planificado que la campa\u00f1a se extienda hasta febrero del 2023, sin embargo, es importante analizar el contexto epidemiol\u00f3gico, c\u00f3mo est\u00e1n los casos de la enfermedad y si es que es necesario extender o no la vacunaci\u00f3n.<\/p>\n<p>Para esta campa\u00f1a el Ministerio de Salud cuenta con <strong>4,6 millones <\/strong>de <strong>dosis <\/strong>que van a estar disponibles en todos los <strong>centros <\/strong>de <strong>salud <\/strong>del pa\u00eds. Tambi\u00e9n habr\u00e1 <strong>brigadas m\u00f3viles<\/strong>.<\/p>\n<p>El funcionario record\u00f3 que el escenario de este a\u00f1o es diferente al del 2020 y 2021, cuando los casos de influenza eran menores y predominaban los de covid-19. Adem\u00e1s, las personas todav\u00eda usaban mascarilla y hab\u00eda restricciones.<\/p>\n<p>&#8220;Ahora la din\u00e1mica cambi\u00f3, esperamos un n\u00famero mayor de casos. En el 2021 la vacunaci\u00f3n se inici\u00f3 en diciembre, pero la adelantamos a noviembre&#8221;, se\u00f1ala Bonilla.<\/p>\n<p>En ese sentido, menciona que desde hace algunas semanas en el pa\u00eds ya se registran casos de <strong>infecci\u00f3n grave <\/strong>por <strong>influenza <\/strong>y hay pacientes hospitalizados.<\/p>\n<p>Por ello recalc\u00f3 la importancia de que <strong>adultos mayores<\/strong>, mujeres embarazadas, personas con enfermedades cr\u00f3nicas, con inmunosupresi\u00f3n y menores desde los seis meses hasta los cuatro a\u00f1os se coloquen la vacuna.<\/p>\n<p>Bonilla agrega que el <strong>virus<\/strong> de la influenza tiene una circulaci\u00f3n peri\u00f3dica en el <strong>hemisferio sur <\/strong>y en el <strong>norte<\/strong>. En el primero empieza a mediados de a\u00f1o, por lo que la vacuna se aplica en esa temporada. En el segundo, en cambio, es entre octubre y noviembre y finaliza en febrero o marzo.<\/p>\n<p>En el <strong>Ecuador<\/strong>, la circulaci\u00f3n del virus es m\u00e1s predominante entre octubre y noviembre, y en diciembre se presentan la mayor cantidad de casos graves. Debido a ello las dosis se empiezan a colocar un mes antes.<\/p>\n<h2 id=\"h-vacunas-contra-el-covid-19\"><strong>Vacunas contra el covid-19<\/strong><\/h2>\n<p>El proceso de vacunaci\u00f3n contra el covid-19 contin\u00faa en el pa\u00eds, y el d\u00eda del lanzamiento de la campa\u00f1a estar\u00e1n disponibles esos biol\u00f3gicos.<\/p>\n<p>El director de Inmunizaciones menciona que tanto el covid como la influenza siguen siendo enfermedades importantes y si se agravan pueden producir la muerte. Record\u00f3 que en algunos casos, las dos coexisten, es decir que se presentan al mismo tiempo, lo que multiplica el riesgo.<\/p>\n<p>&#8220;La evidencia cient\u00edfica ha demostrado que se pueden administrar al mismo tiempo las dos vacunas&#8221;, dice Bonilla.<\/p>\n<p>Adem\u00e1s de la vacunaci\u00f3n contra la influenza y el covid-19, el funcionario recomienda mantener <strong>medidas <\/strong>como el uso de la <strong>mascarilla <\/strong>si una persona tiene s\u00edntomas respiratorios, as\u00ed como el lavado frecuente de manos.<\/p>\n<p>El 13 de noviembre, en el Bicentenario, tambi\u00e9n se aplicar\u00e1n vacunas del esquema regular a los menores.<\/p>\n<\/div>\n<p><a href=\"https:\/\/www.elcomercio.com\/tendencias\/sociedad\/campana-vacunacion-influenza-ecuador-salud.html\">https:\/\/www.elcomercio.com\/tendencias\/sociedad\/campana-vacunacion-influenza-ecuador-salud.html<\/a><\/p>\n","protected":false},"excerpt":{"rendered":"<p>El domingo 13 de noviembre del 2022 arrancar\u00e1 en Ecuador una nueva campa\u00f1a de vacunaci\u00f3n contra la influenza. Ese d\u00eda, en el parque Bicentenario, ubicado en el norte de Quito, la inmunizaci\u00f3n se realizar\u00e1 a partir de las 09:00. Esteban Bonilla, director de inmunizaciones del Ministerio de Salud P\u00fablica (MSP), se\u00f1ala que est\u00e1 planificado que la campa\u00f1a se extienda hasta febrero del 2023, sin embargo, es importante analizar el contexto epidemiol\u00f3gico, c\u00f3mo est\u00e1n los casos de la enfermedad y si es que es necesario extender o no la vacunaci\u00f3n. Para esta campa\u00f1a el Ministerio de Salud cuenta con 4,6 millones de dosis que van a estar disponibles en todos los centros de salud del pa\u00eds. Tambi\u00e9n habr\u00e1 brigadas m\u00f3viles. El funcionario record\u00f3 que el escenario de este a\u00f1o es diferente al del 2020 y 2021, cuando los casos de influenza eran menores y predominaban los de covid-19. Adem\u00e1s, las personas todav\u00eda usaban mascarilla y hab\u00eda restricciones. &#8220;Ahora la din\u00e1mica cambi\u00f3, esperamos un n\u00famero mayor de casos. En el 2021 la vacunaci\u00f3n se inici\u00f3 en diciembre, pero la adelantamos a noviembre&#8221;, se\u00f1ala Bonilla. En ese sentido, menciona que desde hace algunas semanas en el pa\u00eds ya se registran casos de infecci\u00f3n grave por influenza y hay pacientes hospitalizados. Por ello recalc\u00f3 la importancia de que adultos mayores, mujeres embarazadas, personas con enfermedades cr\u00f3nicas, con inmunosupresi\u00f3n y menores desde los seis meses hasta los cuatro a\u00f1os se coloquen la vacuna. Bonilla agrega que el virus de la influenza tiene una circulaci\u00f3n peri\u00f3dica en el hemisferio sur y en el norte. En el primero empieza a mediados de a\u00f1o, por lo que la vacuna se aplica en esa temporada. En el segundo, en cambio, es entre octubre y noviembre y finaliza en febrero o marzo. En el Ecuador, la circulaci\u00f3n del virus es m\u00e1s predominante entre octubre y noviembre, y en diciembre se presentan la mayor cantidad de casos graves. Debido a ello las dosis se empiezan a colocar un mes antes. Vacunas contra el covid-19 El proceso de vacunaci\u00f3n contra el covid-19 contin\u00faa en el pa\u00eds, y el d\u00eda del lanzamiento de la campa\u00f1a estar\u00e1n disponibles esos biol\u00f3gicos. El director de Inmunizaciones menciona que tanto el covid como la influenza siguen siendo enfermedades importantes y si se agravan pueden producir la muerte. Record\u00f3 que en algunos casos, las dos coexisten, es decir que se presentan al mismo tiempo, lo que multiplica el riesgo. &#8220;La evidencia cient\u00edfica ha demostrado que se pueden administrar al mismo tiempo las dos vacunas&#8221;, dice Bonilla. Adem\u00e1s de la vacunaci\u00f3n contra la influenza y el covid-19, el funcionario recomienda mantener medidas como el uso de la mascarilla si una persona tiene s\u00edntomas respiratorios, as\u00ed como el lavado frecuente de manos. El 13 de noviembre, en el Bicentenario, tambi\u00e9n se aplicar\u00e1n vacunas del esquema regular a los menores. https:\/\/www.elcomercio.com\/tendencias\/sociedad\/campana-vacunacion-influenza-ecuador-salud.html<\/p>\n","protected":false},"author":1,"featured_media":261034,"comment_status":"closed","ping_status":"closed","sticky":false,"template":"","format":"standard","meta":[],"categories":[35,23],"tags":[],"_links":{"self":[{"href":"https:\/\/www.ecuadortimes.net\/es\/wp-json\/wp\/v2\/posts\/261033"}],"collection":[{"href":"https:\/\/www.ecuadortimes.net\/es\/wp-json\/wp\/v2\/posts"}],"about":[{"href":"https:\/\/www.ecuadortimes.net\/es\/wp-json\/wp\/v2\/types\/post"}],"author":[{"embeddable":true,"href":"https:\/\/www.ecuadortimes.net\/es\/wp-json\/wp\/v2\/users\/1"}],"replies":[{"embeddable":true,"href":"https:\/\/www.ecuadortimes.net\/es\/wp-json\/wp\/v2\/comments?post=261033"}],"version-history":[{"count":1,"href":"https:\/\/www.ecuadortimes.net\/es\/wp-json\/wp\/v2\/posts\/261033\/revisions"}],"predecessor-version":[{"id":261035,"href":"https:\/\/www.ecuadortimes.net\/es\/wp-json\/wp\/v2\/posts\/261033\/revisions\/261035"}],"wp:featuredmedia":[{"embeddable":true,"href":"https:\/\/www.ecuadortimes.net\/es\/wp-json\/wp\/v2\/media\/261034"}],"wp:attachment":[{"href":"https:\/\/www.ecuadortimes.net\/es\/wp-json\/wp\/v2\/media?parent=261033"}],"wp:term":[{"taxonomy":"category","embeddable":true,"href":"https:\/\/www.ecuadortimes.net\/es\/wp-json\/wp\/v2\/categories?post=261033"},{"taxonomy":"post_tag","embeddable":true,"href":"https:\/\/www.ecuadortimes.net\/es\/wp-json\/wp\/v2\/tags?post=261033"}],"curies":[{"name":"wp","href":"https:\/\/api.w.org\/{rel}","templated":true}]}}