{"id":261039,"date":"2022-11-11T21:55:14","date_gmt":"2022-11-11T21:55:14","guid":{"rendered":"https:\/\/www.ecuadortimes.net\/es\/?p=261039"},"modified":"2022-11-11T21:55:14","modified_gmt":"2022-11-11T21:55:14","slug":"juez-dejo-escapar-al-zar-de-la-cocaina-en-ecuador","status":"publish","type":"post","link":"https:\/\/www.ecuadortimes.net\/es\/juez-dejo-escapar-al-zar-de-la-cocaina-en-ecuador\/","title":{"rendered":"Juez dej\u00f3 escapar al \u2018zar de la coca\u00edna\u2019 en Ecuador"},"content":{"rendered":"<div id=\"entry-content-inarticle\" class=\"entry-content\">\n<h3 class=\"noticia__entradilla\">El \u2018zar de la coca\u00edna\u2019 tiene hasta seis identidades distintas y es requerido en dos pa\u00edses europeos, donde lo llaman \u201cel rey de las fugas\u201d. Fue capturado en Ecuador y sentenciado a 13 a\u00f1os de prisi\u00f3n, pero un juez lo dej\u00f3 en libertad.<\/h3>\n<div id=\"attachment_261040\" style=\"width: 1034px\" class=\"wp-caption alignnone\"><img aria-describedby=\"caption-attachment-261040\" loading=\"lazy\" class=\"size-full wp-image-261040\" src=\"https:\/\/www.ecuadortimes.net\/es\/wp-content\/uploads\/2022\/11\/ecuador-times-ecuador-news-judge-let-the-cocaine-czar-escape-in-ecuador.jpg\" alt=\"\" width=\"1024\" height=\"574\" \/><p id=\"caption-attachment-261040\" class=\"wp-caption-text\">Foto de un operativo antinarc\u00f3ticos en Guayaquil.<\/p><\/div>\n<p class=\"selectionShareable\">El <strong>\u2018zar de la coca\u00edna\u2019 es alban\u00e9s <\/strong>y tiene seis identidades distintas, pero su verdadero nombre es Dritan Rexhepi. \u00c9l fue detenido en junio de 2014 en Guayaquil, Ecuador, en un operativo que la Polic\u00eda denomin\u00f3 \u201cBalcanes\u201d.<\/p>\n<p class=\"selectionShareable\">Su captura trajo al pa\u00eds a la polic\u00eda albanesa y a la misma Interpol, porque Rexhepi es requerido en dos pa\u00edses europeos, pero <strong>la justicia ecuatoriana le concedi\u00f3 la prelibertad en noviembre de 2021<\/strong> y nadie lo volvi\u00f3 a ver.<\/p>\n<p class=\"selectionShareable\">El alban\u00e9s, de 42 a\u00f1os, ser\u00eda el cabecilla de una <strong>organizaci\u00f3n delictiva <\/strong>en la que estaban involucrados otros albaneses que, en colaboraci\u00f3n con ecuatorianos, se dedicaban a contaminar con drogas los contenedores en los puertos de Guayaquil, con destino a Europa.<\/p>\n<p class=\"selectionShareable\">Dritan tambi\u00e9n usaba los nombres de Murataj Lulezim, Rexhepi Dritan, Rexhepaj Gramoz, Rexhepai Dritan, Ioannis Dionysopoulos y Edmir Kraja.<\/p>\n<p class=\"selectionShareable\">En 2015 fue sentenciado a 13 a\u00f1os de prisi\u00f3n por tr\u00e1fico il\u00edcito de drogas, por lo que fue enviado a la c\u00e1rcel de Guayaquil y despu\u00e9s a la de Cotopaxi.<\/p>\n<p class=\"selectionShareable\">Rexhepi es considerado de alta peligrosidad en Europa, donde es conocido como \u201c<strong>El rey de las fugas<\/strong>\u201d por haber escapado de tres centros penitenciarios en Albania, Italia y B\u00e9lgica.<\/p>\n<p class=\"selectionShareable\">Y el gobierno belga logr\u00f3 extraditarlo desde Espa\u00f1a para que cumpliera una condena de cinco a\u00f1os por el delito de robo con violencia.<\/p>\n<h2>Aleg\u00f3 que ten\u00eda lupus<\/h2>\n<p class=\"selectionShareable\">Seg\u00fan el medio brit\u00e1nico <strong><a href=\"https:\/\/www.youtube.com\/watch?time_continue=1&amp;v=CsH152NE9Ak&amp;feature=emb_title\" target=\"_blank\" rel=\"noreferrer noopener\">The Economist<\/a><\/strong>, Rexhepi es un criminal que lleg\u00f3 como emisario de la coca\u00edna a Am\u00e9rica Latina y que contin\u00faa operando una sofisticada estructura de tr\u00e1fico de drogas hacia Europa desde la c\u00e1rcel en Ecuador, <strong>pero Rexhepi ya est\u00e1 libre<\/strong>.<\/p>\n<p class=\"selectionShareable\">En agosto de 2021, el juez de Garant\u00edas Penitenciarias, Diego Poma Chamba, con sede en Guayaquil, <strong>concedi\u00f3 el pedido de prelibertad a Rexhepi<\/strong>.<\/p>\n<p class=\"selectionShareable\">El argumento de la defensa del alban\u00e9s <strong>es que tiene lupus<\/strong>, una enfermedad autoinmune, que puede afectar las articulaciones, la piel y algunos \u00f3rganos.<\/p>\n<p class=\"selectionShareable\">En la audiencia dijo que su cuadro se hab\u00eda complicado <strong>por falta de atenci\u00f3n m\u00e9dica<\/strong> y del tratamiento necesario.<\/p>\n<p class=\"selectionShareable\">En julio de 2021 entr\u00f3 al hospital del Guasmo Sur, seg\u00fan consta en el sistema de la Funci\u00f3n Judicial, donde permaneci\u00f3 40 d\u00edas.<\/p>\n<p class=\"selectionShareable\">Al intentar regresarlo a la c\u00e1rcel, interpuso <strong>un nuevo pedido para acceder al r\u00e9gimen semiabierto o prelibertad.\u00a0<\/strong><\/p>\n<h2>Tres boletas de excarcelaci\u00f3n<\/h2>\n<p class=\"selectionShareable\">El juez Poma Chamba le concedi\u00f3 el <strong>arresto domiciliario en Samborond\u00f3n<\/strong>, donde deb\u00eda cumplir el resto de la condena hasta 2027.<\/p>\n<p class=\"selectionShareable\">\u201cSer\u00e1 controlado y vigilado por la Polic\u00eda Nacional peri\u00f3dicamente, sin que esto sea permanente\u201d, estableci\u00f3 en la sentencia el juez.<\/p>\n<p class=\"selectionShareable\">Adem\u00e1s, se dispuso del uso del grillete electr\u00f3nico, que luego aleg\u00f3 no poder usarlo debido a sus tratamientos m\u00e9dicos. Tambi\u00e9n ten\u00eda prohibici\u00f3n de salida de Ecuador, aunque dispuso su libertad inmediata.<\/p>\n<p class=\"selectionShareable\">Sin embargo, <strong>tuvieron que emitir tres boletas de excarcelaci\u00f3n porque su identidad no coincid\u00eda <\/strong>con el n\u00famero de pasaporte que entregaron. Bajo esas condiciones abandon\u00f3 la c\u00e1rcel en noviembre de 2021.<\/p>\n<p class=\"selectionShareable\">Sobre Rexhepi pesan dos <strong>pedidos de extradici\u00f3n de los gobiernos de Albania e Italia<\/strong>, de los que la Corte Nacional de Justicia hab\u00eda emitido las boletas para el proceso, por lo que su libertad podr\u00eda tener consecuencias con la comunidad internacional.<\/p>\n<h2>La mafia albanesa en la regi\u00f3n<\/h2>\n<p class=\"selectionShareable\">Un informe de la Oficina de las Naciones Unidas para el Crimen Organizado (Unodc) asegura que grupos originarios de la pen\u00ednsula balc\u00e1nica <strong>operan en varios pa\u00edses de Sudam\u00e9rica, entre ellos Ecuador.<\/strong><\/p>\n<p class=\"selectionShareable\">Adem\u00e1s, han incursionado en la adquisici\u00f3n de grandes cantidades de coca\u00edna directamente con la fuente, eliminando a los intermediarios.<\/p>\n<p class=\"selectionShareable\">El reporte sugiere que estos nuevos grupos <strong>han debilitado a las mafias europeas establecidas,<\/strong> como la italiana Ndrangheta, que dominaba el tr\u00e1fico de drogas a trav\u00e9s del Atl\u00e1ntico.<\/p>\n<p class=\"selectionShareable\">Pese a este debilitamiento, los grupos antiguos siguen operando y sumado a las apariciones de las redes balc\u00e1nicas hay \u201cuna mayor disponibilidad de coca\u00edna en el mercado europeo&#8221;.<\/p>\n<\/div>\n<p><a href=\"https:\/\/www.primicias.ec\/noticias\/en-exclusiva\/juez-libera-zar-cocaina-ecuador\/\">https:\/\/www.primicias.ec\/noticias\/en-exclusiva\/juez-libera-zar-cocaina-ecuador\/<\/a><\/p>\n","protected":false},"excerpt":{"rendered":"<p>El \u2018zar de la coca\u00edna\u2019 tiene hasta seis identidades distintas y es requerido en dos pa\u00edses europeos, donde lo llaman \u201cel rey de las fugas\u201d. Fue capturado en Ecuador y sentenciado a 13 a\u00f1os de prisi\u00f3n, pero un juez lo dej\u00f3 en libertad. El \u2018zar de la coca\u00edna\u2019 es alban\u00e9s y tiene seis identidades distintas, pero su verdadero nombre es Dritan Rexhepi. \u00c9l fue detenido en junio de 2014 en Guayaquil, Ecuador, en un operativo que la Polic\u00eda denomin\u00f3 \u201cBalcanes\u201d. Su captura trajo al pa\u00eds a la polic\u00eda albanesa y a la misma Interpol, porque Rexhepi es requerido en dos pa\u00edses europeos, pero la justicia ecuatoriana le concedi\u00f3 la prelibertad en noviembre de 2021 y nadie lo volvi\u00f3 a ver. El alban\u00e9s, de 42 a\u00f1os, ser\u00eda el cabecilla de una organizaci\u00f3n delictiva en la que estaban involucrados otros albaneses que, en colaboraci\u00f3n con ecuatorianos, se dedicaban a contaminar con drogas los contenedores en los puertos de Guayaquil, con destino a Europa. Dritan tambi\u00e9n usaba los nombres de Murataj Lulezim, Rexhepi Dritan, Rexhepaj Gramoz, Rexhepai Dritan, Ioannis Dionysopoulos y Edmir Kraja. En 2015 fue sentenciado a 13 a\u00f1os de prisi\u00f3n por tr\u00e1fico il\u00edcito de drogas, por lo que fue enviado a la c\u00e1rcel de Guayaquil y despu\u00e9s a la de Cotopaxi. Rexhepi es considerado de alta peligrosidad en Europa, donde es conocido como \u201cEl rey de las fugas\u201d por haber escapado de tres centros penitenciarios en Albania, Italia y B\u00e9lgica. Y el gobierno belga logr\u00f3 extraditarlo desde Espa\u00f1a para que cumpliera una condena de cinco a\u00f1os por el delito de robo con violencia. Aleg\u00f3 que ten\u00eda lupus Seg\u00fan el medio brit\u00e1nico The Economist, Rexhepi es un criminal que lleg\u00f3 como emisario de la coca\u00edna a Am\u00e9rica Latina y que contin\u00faa operando una sofisticada estructura de tr\u00e1fico de drogas hacia Europa desde la c\u00e1rcel en Ecuador, pero Rexhepi ya est\u00e1 libre. En agosto de 2021, el juez de Garant\u00edas Penitenciarias, Diego Poma Chamba, con sede en Guayaquil, concedi\u00f3 el pedido de prelibertad a Rexhepi. El argumento de la defensa del alban\u00e9s es que tiene lupus, una enfermedad autoinmune, que puede afectar las articulaciones, la piel y algunos \u00f3rganos. En la audiencia dijo que su cuadro se hab\u00eda complicado por falta de atenci\u00f3n m\u00e9dica y del tratamiento necesario. En julio de 2021 entr\u00f3 al hospital del Guasmo Sur, seg\u00fan consta en el sistema de la Funci\u00f3n Judicial, donde permaneci\u00f3 40 d\u00edas. Al intentar regresarlo a la c\u00e1rcel, interpuso un nuevo pedido para acceder al r\u00e9gimen semiabierto o prelibertad.\u00a0 Tres boletas de excarcelaci\u00f3n El juez Poma Chamba le concedi\u00f3 el arresto domiciliario en Samborond\u00f3n, donde deb\u00eda cumplir el resto de la condena hasta 2027. \u201cSer\u00e1 controlado y vigilado por la Polic\u00eda Nacional peri\u00f3dicamente, sin que esto sea permanente\u201d, estableci\u00f3 en la sentencia el juez. Adem\u00e1s, se dispuso del uso del grillete electr\u00f3nico, que luego aleg\u00f3 no poder usarlo debido a sus tratamientos m\u00e9dicos. Tambi\u00e9n ten\u00eda prohibici\u00f3n de salida de Ecuador, aunque dispuso su libertad inmediata. Sin embargo, tuvieron que emitir tres boletas de excarcelaci\u00f3n porque su identidad no coincid\u00eda con el n\u00famero de pasaporte que entregaron. Bajo esas condiciones abandon\u00f3 la c\u00e1rcel en noviembre de 2021. Sobre Rexhepi pesan dos pedidos de extradici\u00f3n de los gobiernos de Albania e Italia, de los que la Corte Nacional de Justicia hab\u00eda emitido las boletas para el proceso, por lo que su libertad podr\u00eda tener consecuencias con la comunidad internacional. La mafia albanesa en la regi\u00f3n Un informe de la Oficina de las Naciones Unidas para el Crimen Organizado (Unodc) asegura que grupos originarios de la pen\u00ednsula balc\u00e1nica operan en varios pa\u00edses de Sudam\u00e9rica, entre ellos Ecuador. Adem\u00e1s, han incursionado en la adquisici\u00f3n de grandes cantidades de coca\u00edna directamente con la fuente, eliminando a los intermediarios. El reporte sugiere que estos nuevos grupos han debilitado a las mafias europeas establecidas, como la italiana Ndrangheta, que dominaba el tr\u00e1fico de drogas a trav\u00e9s del Atl\u00e1ntico. Pese a este debilitamiento, los grupos antiguos siguen operando y sumado a las apariciones de las redes balc\u00e1nicas hay \u201cuna mayor disponibilidad de coca\u00edna en el mercado europeo&#8221;. https:\/\/www.primicias.ec\/noticias\/en-exclusiva\/juez-libera-zar-cocaina-ecuador\/<\/p>\n","protected":false},"author":1,"featured_media":261040,"comment_status":"closed","ping_status":"closed","sticky":false,"template":"","format":"standard","meta":[],"categories":[35,23],"tags":[],"_links":{"self":[{"href":"https:\/\/www.ecuadortimes.net\/es\/wp-json\/wp\/v2\/posts\/261039"}],"collection":[{"href":"https:\/\/www.ecuadortimes.net\/es\/wp-json\/wp\/v2\/posts"}],"about":[{"href":"https:\/\/www.ecuadortimes.net\/es\/wp-json\/wp\/v2\/types\/post"}],"author":[{"embeddable":true,"href":"https:\/\/www.ecuadortimes.net\/es\/wp-json\/wp\/v2\/users\/1"}],"replies":[{"embeddable":true,"href":"https:\/\/www.ecuadortimes.net\/es\/wp-json\/wp\/v2\/comments?post=261039"}],"version-history":[{"count":1,"href":"https:\/\/www.ecuadortimes.net\/es\/wp-json\/wp\/v2\/posts\/261039\/revisions"}],"predecessor-version":[{"id":261041,"href":"https:\/\/www.ecuadortimes.net\/es\/wp-json\/wp\/v2\/posts\/261039\/revisions\/261041"}],"wp:featuredmedia":[{"embeddable":true,"href":"https:\/\/www.ecuadortimes.net\/es\/wp-json\/wp\/v2\/media\/261040"}],"wp:attachment":[{"href":"https:\/\/www.ecuadortimes.net\/es\/wp-json\/wp\/v2\/media?parent=261039"}],"wp:term":[{"taxonomy":"category","embeddable":true,"href":"https:\/\/www.ecuadortimes.net\/es\/wp-json\/wp\/v2\/categories?post=261039"},{"taxonomy":"post_tag","embeddable":true,"href":"https:\/\/www.ecuadortimes.net\/es\/wp-json\/wp\/v2\/tags?post=261039"}],"curies":[{"name":"wp","href":"https:\/\/api.w.org\/{rel}","templated":true}]}}