{"id":261045,"date":"2022-11-14T23:09:23","date_gmt":"2022-11-14T23:09:23","guid":{"rendered":"https:\/\/www.ecuadortimes.net\/es\/?p=261045"},"modified":"2022-11-14T23:09:23","modified_gmt":"2022-11-14T23:09:23","slug":"ecuador-y-estados-unidos-fortalecen-cooperacion-en-seguridad","status":"publish","type":"post","link":"https:\/\/www.ecuadortimes.net\/es\/ecuador-y-estados-unidos-fortalecen-cooperacion-en-seguridad\/","title":{"rendered":"Ecuador y Estados Unidos fortalecen cooperaci\u00f3n en seguridad"},"content":{"rendered":"<div id=\"entry-content-inarticle\" class=\"entry-content\">\n<h3 class=\"noticia__entradilla\">El Ministerio del Interior de Ecuador notificar\u00e1 a la oficina de asuntos internacionales de la ATF antes de iniciar una investigaci\u00f3n independiente sobre tr\u00e1fico de armas.<\/h3>\n<div id=\"attachment_261046\" style=\"width: 1034px\" class=\"wp-caption alignnone\"><img aria-describedby=\"caption-attachment-261046\" loading=\"lazy\" class=\"size-full wp-image-261046\" src=\"https:\/\/www.ecuadortimes.net\/es\/wp-content\/uploads\/2022\/11\/ecuador-times-ecuador-news-ecuador-and-the-us-strengthen-security-cooperation.jpg\" alt=\"\" width=\"1024\" height=\"574\" \/><p id=\"caption-attachment-261046\" class=\"wp-caption-text\">Evidencias de las armas y explosivos incautados en la Penitenciar\u00eda del Litoral, el 3 de septiembre de 2022.<\/p><\/div>\n<p class=\"selectionShareable\">Ecuador y Estados Unidos fortalecen la cooperaci\u00f3n en temas de seguridad con base en el sistema eTrace, inform\u00f3 el <strong><a href=\"https:\/\/twitter.com\/MinInteriorEc\" target=\"_blank\" rel=\"noreferrer noopener\">Ministerio del Interior.<\/a><\/strong><\/p>\n<p class=\"selectionShareable\">La Direcci\u00f3n de Alcohol, Tabaco, Armas de Fuego y Explosivos (AFT) del Gobierno de Estados Unidos y el Ministerio del Interior firmaron un memorando para promover la coordinaci\u00f3n de actividades del cumplimiento de la ley y de <strong>investigaci\u00f3n relativas al sistema eTrace<\/strong>.<\/p>\n<p class=\"selectionShareable\">El objetivo es &#8220;lograr un exitoso procesamiento de hechos punibles cometidos con arma de fuego il\u00edcitas, rastreo y <strong>mejorar estrategias de investigaci\u00f3n reduciendo la criminalidad&#8221;<\/strong>, indic\u00f3 en un comunicado.<\/p>\n<div class=\"twitter-tweet twitter-tweet-rendered\" style=\"display: flex; max-width: 550px; width: 100%; margin-top: 10px; margin-bottom: 10px;\"><iframe id=\"twitter-widget-0\" class=\"\" style=\"position: static; visibility: visible; width: 550px; height: 875px; display: block; flex-grow: 1;\" title=\"Twitter Tweet\" src=\"https:\/\/platform.twitter.com\/embed\/Tweet.html?dnt=false&amp;embedId=twitter-widget-0&amp;features=eyJ0ZndfdGltZWxpbmVfbGlzdCI6eyJidWNrZXQiOlsibGlua3RyLmVlIiwidHIuZWUiLCJ0ZXJyYS5jb20uYnIiLCJ3d3cubGlua3RyLmVlIiwid3d3LnRyLmVlIiwid3d3LnRlcnJhLmNvbS5iciJdLCJ2ZXJzaW9uIjpudWxsfSwidGZ3X2hvcml6b25fdGltZWxpbmVfMTIwMzQiOnsiYnVja2V0IjoidHJlYXRtZW50IiwidmVyc2lvbiI6bnVsbH0sInRmd190d2VldF9lZGl0X2JhY2tlbmQiOnsiYnVja2V0Ijoib24iLCJ2ZXJzaW9uIjpudWxsfSwidGZ3X3JlZnNyY19zZXNzaW9uIjp7ImJ1Y2tldCI6Im9uIiwidmVyc2lvbiI6bnVsbH0sInRmd19jaGluX3BpbGxzXzE0NzQxIjp7ImJ1Y2tldCI6ImNvbG9yX2ljb25zIiwidmVyc2lvbiI6bnVsbH0sInRmd190d2VldF9yZXN1bHRfbWlncmF0aW9uXzEzOTc5Ijp7ImJ1Y2tldCI6InR3ZWV0X3Jlc3VsdCIsInZlcnNpb24iOm51bGx9LCJ0Zndfc2Vuc2l0aXZlX21lZGlhX2ludGVyc3RpdGlhbF8xMzk2MyI6eyJidWNrZXQiOiJpbnRlcnN0aXRpYWwiLCJ2ZXJzaW9uIjpudWxsfSwidGZ3X2V4cGVyaW1lbnRzX2Nvb2tpZV9leHBpcmF0aW9uIjp7ImJ1Y2tldCI6MTIwOTYwMCwidmVyc2lvbiI6bnVsbH0sInRmd19kdXBsaWNhdGVfc2NyaWJlc190b19zZXR0aW5ncyI6eyJidWNrZXQiOiJvbiIsInZlcnNpb24iOm51bGx9LCJ0ZndfdmlkZW9faGxzX2R5bmFtaWNfbWFuaWZlc3RzXzE1MDgyIjp7ImJ1Y2tldCI6InRydWVfYml0cmF0ZSIsInZlcnNpb24iOm51bGx9LCJ0Zndfc2hvd19ibHVlX3ZlcmlmaWVkX2JhZGdlIjp7ImJ1Y2tldCI6Im9uIiwidmVyc2lvbiI6bnVsbH0sInRmd190d2VldF9lZGl0X2Zyb250ZW5kIjp7ImJ1Y2tldCI6Im9uIiwidmVyc2lvbiI6bnVsbH19&amp;frame=false&amp;hideCard=false&amp;hideThread=false&amp;id=1591878691881353216&amp;lang=es&amp;origin=https%3A%2F%2Fwww.primicias.ec%2Fnoticias%2Fpolitica%2Fecuador-estados-unidos-cooperacion-seguridad%2F&amp;sessionId=5b3758a285f915770e5512e39294d03612a6b8eb&amp;siteScreenName=primicias&amp;theme=light&amp;widgetsVersion=a3525f077c700%3A1667415560940&amp;width=550px\" frameborder=\"0\" scrolling=\"no\" allowfullscreen=\"allowfullscreen\" data-tweet-id=\"1591878691881353216\"><\/iframe><\/div>\n<p><script data-minify=\"1\" async=\"\" src=\"https:\/\/www.primicias.ec\/wp-content\/cache\/min\/1\/widgets.js?ver=1668465377\" charset=\"utf-8\"><\/script><\/p>\n<p class=\"selectionShareable\">El Ministerio del Interior notificar\u00e1 a la oficina de asuntos internacionales de la ATF antes de iniciar una investigaci\u00f3n internacional independiente sobre el tr\u00e1fico de armas de fuego que surja o proceda de los datos sobre el <strong>rastreo de armas de fuego<\/strong> obtenidos a trav\u00e9s de eTrace.<\/p>\n<p class=\"selectionShareable\">Este paso es esencial para el posterior intercambio de informaci\u00f3n para la investigaci\u00f3n y contribuir a <strong>asegurar la eficacia y la seguridad general de los agentes investigadores<\/strong>.<\/p>\n<p class=\"selectionShareable\">El ministro del Interior, Juan Zapata, se\u00f1al\u00f3 que esta firma mejora las relaciones de cooperaci\u00f3n entre ambos pa\u00edses.<\/p>\n<p class=\"selectionShareable\">Con este memorando de entendimiento, <strong>Estados Unidos trabaja en la colaboraci\u00f3n y asociaci\u00f3n con gobiernos<\/strong> e instituciones para asistir a naciones amigas y aliadas en la lucha contra organizaciones delictivas internacionales.<\/p>\n<div id=\"publicidad-progra\">\n<p>&nbsp;<\/p>\n<\/div>\n<\/div>\n<p><a href=\"https:\/\/www.primicias.ec\/noticias\/politica\/ecuador-estados-unidos-cooperacion-seguridad\/\">https:\/\/www.primicias.ec\/noticias\/politica\/ecuador-estados-unidos-cooperacion-seguridad\/<\/a><\/p>\n","protected":false},"excerpt":{"rendered":"<p>El Ministerio del Interior de Ecuador notificar\u00e1 a la oficina de asuntos internacionales de la ATF antes de iniciar una investigaci\u00f3n independiente sobre tr\u00e1fico de armas. Ecuador y Estados Unidos fortalecen la cooperaci\u00f3n en temas de seguridad con base en el sistema eTrace, inform\u00f3 el Ministerio del Interior. La Direcci\u00f3n de Alcohol, Tabaco, Armas de Fuego y Explosivos (AFT) del Gobierno de Estados Unidos y el Ministerio del Interior firmaron un memorando para promover la coordinaci\u00f3n de actividades del cumplimiento de la ley y de investigaci\u00f3n relativas al sistema eTrace. El objetivo es &#8220;lograr un exitoso procesamiento de hechos punibles cometidos con arma de fuego il\u00edcitas, rastreo y mejorar estrategias de investigaci\u00f3n reduciendo la criminalidad&#8221;, indic\u00f3 en un comunicado. El Ministerio del Interior notificar\u00e1 a la oficina de asuntos internacionales de la ATF antes de iniciar una investigaci\u00f3n internacional independiente sobre el tr\u00e1fico de armas de fuego que surja o proceda de los datos sobre el rastreo de armas de fuego obtenidos a trav\u00e9s de eTrace. Este paso es esencial para el posterior intercambio de informaci\u00f3n para la investigaci\u00f3n y contribuir a asegurar la eficacia y la seguridad general de los agentes investigadores. El ministro del Interior, Juan Zapata, se\u00f1al\u00f3 que esta firma mejora las relaciones de cooperaci\u00f3n entre ambos pa\u00edses. Con este memorando de entendimiento, Estados Unidos trabaja en la colaboraci\u00f3n y asociaci\u00f3n con gobiernos e instituciones para asistir a naciones amigas y aliadas en la lucha contra organizaciones delictivas internacionales. &nbsp; https:\/\/www.primicias.ec\/noticias\/politica\/ecuador-estados-unidos-cooperacion-seguridad\/<\/p>\n","protected":false},"author":1,"featured_media":261046,"comment_status":"closed","ping_status":"closed","sticky":false,"template":"","format":"standard","meta":[],"categories":[40,24],"tags":[],"_links":{"self":[{"href":"https:\/\/www.ecuadortimes.net\/es\/wp-json\/wp\/v2\/posts\/261045"}],"collection":[{"href":"https:\/\/www.ecuadortimes.net\/es\/wp-json\/wp\/v2\/posts"}],"about":[{"href":"https:\/\/www.ecuadortimes.net\/es\/wp-json\/wp\/v2\/types\/post"}],"author":[{"embeddable":true,"href":"https:\/\/www.ecuadortimes.net\/es\/wp-json\/wp\/v2\/users\/1"}],"replies":[{"embeddable":true,"href":"https:\/\/www.ecuadortimes.net\/es\/wp-json\/wp\/v2\/comments?post=261045"}],"version-history":[{"count":1,"href":"https:\/\/www.ecuadortimes.net\/es\/wp-json\/wp\/v2\/posts\/261045\/revisions"}],"predecessor-version":[{"id":261047,"href":"https:\/\/www.ecuadortimes.net\/es\/wp-json\/wp\/v2\/posts\/261045\/revisions\/261047"}],"wp:featuredmedia":[{"embeddable":true,"href":"https:\/\/www.ecuadortimes.net\/es\/wp-json\/wp\/v2\/media\/261046"}],"wp:attachment":[{"href":"https:\/\/www.ecuadortimes.net\/es\/wp-json\/wp\/v2\/media?parent=261045"}],"wp:term":[{"taxonomy":"category","embeddable":true,"href":"https:\/\/www.ecuadortimes.net\/es\/wp-json\/wp\/v2\/categories?post=261045"},{"taxonomy":"post_tag","embeddable":true,"href":"https:\/\/www.ecuadortimes.net\/es\/wp-json\/wp\/v2\/tags?post=261045"}],"curies":[{"name":"wp","href":"https:\/\/api.w.org\/{rel}","templated":true}]}}