{"id":261051,"date":"2022-11-15T23:02:33","date_gmt":"2022-11-15T23:02:33","guid":{"rendered":"https:\/\/www.ecuadortimes.net\/es\/?p=261051"},"modified":"2022-11-15T23:02:33","modified_gmt":"2022-11-15T23:02:33","slug":"en-propiedad-intelectual-se-protege-hasta-el-entorno-y-el-olor-de-una-cadena-de-tiendas","status":"publish","type":"post","link":"https:\/\/www.ecuadortimes.net\/es\/en-propiedad-intelectual-se-protege-hasta-el-entorno-y-el-olor-de-una-cadena-de-tiendas\/","title":{"rendered":"En propiedad intelectual se protege hasta el entorno y el olor de una cadena de tiendas"},"content":{"rendered":"<p id=\"m103-102-104\" class=\"paragraph \">Hay marcas olfativas y tridimensionales, se va a un local y se lo identifica por el aroma distintivo que tiene; aqu\u00ed se protege hasta el entorno, lo que sirve, por ejemplo para vender una <strong>franquicia<\/strong>.<\/p>\n<div id=\"attachment_261052\" style=\"width: 710px\" class=\"wp-caption alignnone\"><img aria-describedby=\"caption-attachment-261052\" loading=\"lazy\" class=\"size-full wp-image-261052\" src=\"https:\/\/www.ecuadortimes.net\/es\/wp-content\/uploads\/2022\/11\/ecuador-times-ecuador-news-lawyer-andres-merchan-intellectual-property-specialist-ecuador-usa-south-america-latin-america-latam.jpg\" alt=\"\" width=\"700\" height=\"1050\" \/><p id=\"caption-attachment-261052\" class=\"wp-caption-text\">Abogado Andr\u00e9s Merchan Especialista en Propiedad Intelectual Ecuador EEUU Sudam\u00e9rica Latinoam\u00e9rica Latam.<\/p><\/div>\n<p id=\"m140-139-141\" class=\"paragraph \">La tecnolog\u00eda hace que la propiedad intelectual tambi\u00e9n se actualice. En Guayaquil se realiz\u00f3 el seminario internacional de <strong>propiedad intelectual<\/strong>, segunda edici\u00f3n, con el apoyo de la Universidad de Especialidades Esp\u00edritu Santo (UEES).<\/p>\n<p id=\"m145-144-146\" class=\"paragraph \">A la cita acudieron abogados y hasta expertos en <strong>marketing<\/strong>, porque el tema no fue exclusivo para expertos en leyes, destac\u00f3 a Diario EXPRESO el doctor en leyes Andr\u00e9s Merch\u00e1n, especializado en propiedad intelectual.<\/p>\n<p id=\"m190-189-191\" class=\"paragraph \">\u201cEl tema no es un futuro, es un presente y lo que se necesita es estar bien capacitado\u201d, dijo Merch\u00e1n.<\/p>\n<p id=\"m195-194-196\" class=\"paragraph \">Pa\u00edses como M\u00e9xico, Colombia y Argentina est\u00e1n desarrollando <strong>inteligencia artificial<\/strong>. En el caso de Ecuador se ha aprobado las leyes que abren oportunidades para la inversi\u00f3n en tecnolog\u00eda.<\/p>\n<p id=\"m200-199-201\" class=\"paragraph \">La materia de propiedad intelectual no se la debe dar solo en la facultad de Derecho, se debe dar en marketing, medicina, econom\u00eda, etc. \u00bfPor qu\u00e9? \u201cAl momento de registrar un derecho de autor o una marca se est\u00e1n creando <strong>activos intangibles<\/strong>; con esto puedo sacar un cr\u00e9dito en base a la valorizaci\u00f3n de ese derecho de autor o marca\u201d, destac\u00f3 Merch\u00e1n.<\/p>\n<p id=\"m205-204-206\" class=\"paragraph \">En el seminario tambi\u00e9n se explic\u00f3 de la <strong>tecnolog\u00eda <\/strong>para los puertos e incluso se habl\u00f3 de los software no solo contables, tambi\u00e9n legales y administrativos que se est\u00e1n desarrollando en Ecuador. \u201cAqu\u00ed hay buenos desarrolladores y se requiere aprender de la propiedad intelectual, por eso ya estamos preparando la tercera edici\u00f3n de estos seminarios\u201d, indic\u00f3 Merch\u00e1n.<\/p>\n<p><a href=\"https:\/\/www.expreso.ec\/actualidad\/economia\/propiedad-intelectual-protege-entorno-olor-cadena-tiendas-140277.html\">https:\/\/www.expreso.ec\/actualidad\/economia\/propiedad-intelectual-protege-entorno-olor-cadena-tiendas-140277.html<\/a><\/p>\n","protected":false},"excerpt":{"rendered":"<p>Hay marcas olfativas y tridimensionales, se va a un local y se lo identifica por el aroma distintivo que tiene; aqu\u00ed se protege hasta el entorno, lo que sirve, por ejemplo para vender una franquicia. La tecnolog\u00eda hace que la propiedad intelectual tambi\u00e9n se actualice. En Guayaquil se realiz\u00f3 el seminario internacional de propiedad intelectual, segunda edici\u00f3n, con el apoyo de la Universidad de Especialidades Esp\u00edritu Santo (UEES). A la cita acudieron abogados y hasta expertos en marketing, porque el tema no fue exclusivo para expertos en leyes, destac\u00f3 a Diario EXPRESO el doctor en leyes Andr\u00e9s Merch\u00e1n, especializado en propiedad intelectual. \u201cEl tema no es un futuro, es un presente y lo que se necesita es estar bien capacitado\u201d, dijo Merch\u00e1n. Pa\u00edses como M\u00e9xico, Colombia y Argentina est\u00e1n desarrollando inteligencia artificial. En el caso de Ecuador se ha aprobado las leyes que abren oportunidades para la inversi\u00f3n en tecnolog\u00eda. La materia de propiedad intelectual no se la debe dar solo en la facultad de Derecho, se debe dar en marketing, medicina, econom\u00eda, etc. \u00bfPor qu\u00e9? \u201cAl momento de registrar un derecho de autor o una marca se est\u00e1n creando activos intangibles; con esto puedo sacar un cr\u00e9dito en base a la valorizaci\u00f3n de ese derecho de autor o marca\u201d, destac\u00f3 Merch\u00e1n. En el seminario tambi\u00e9n se explic\u00f3 de la tecnolog\u00eda para los puertos e incluso se habl\u00f3 de los software no solo contables, tambi\u00e9n legales y administrativos que se est\u00e1n desarrollando en Ecuador. \u201cAqu\u00ed hay buenos desarrolladores y se requiere aprender de la propiedad intelectual, por eso ya estamos preparando la tercera edici\u00f3n de estos seminarios\u201d, indic\u00f3 Merch\u00e1n. https:\/\/www.expreso.ec\/actualidad\/economia\/propiedad-intelectual-protege-entorno-olor-cadena-tiendas-140277.html<\/p>\n","protected":false},"author":1,"featured_media":261052,"comment_status":"closed","ping_status":"closed","sticky":false,"template":"","format":"standard","meta":[],"categories":[43,24],"tags":[],"_links":{"self":[{"href":"https:\/\/www.ecuadortimes.net\/es\/wp-json\/wp\/v2\/posts\/261051"}],"collection":[{"href":"https:\/\/www.ecuadortimes.net\/es\/wp-json\/wp\/v2\/posts"}],"about":[{"href":"https:\/\/www.ecuadortimes.net\/es\/wp-json\/wp\/v2\/types\/post"}],"author":[{"embeddable":true,"href":"https:\/\/www.ecuadortimes.net\/es\/wp-json\/wp\/v2\/users\/1"}],"replies":[{"embeddable":true,"href":"https:\/\/www.ecuadortimes.net\/es\/wp-json\/wp\/v2\/comments?post=261051"}],"version-history":[{"count":1,"href":"https:\/\/www.ecuadortimes.net\/es\/wp-json\/wp\/v2\/posts\/261051\/revisions"}],"predecessor-version":[{"id":261053,"href":"https:\/\/www.ecuadortimes.net\/es\/wp-json\/wp\/v2\/posts\/261051\/revisions\/261053"}],"wp:featuredmedia":[{"embeddable":true,"href":"https:\/\/www.ecuadortimes.net\/es\/wp-json\/wp\/v2\/media\/261052"}],"wp:attachment":[{"href":"https:\/\/www.ecuadortimes.net\/es\/wp-json\/wp\/v2\/media?parent=261051"}],"wp:term":[{"taxonomy":"category","embeddable":true,"href":"https:\/\/www.ecuadortimes.net\/es\/wp-json\/wp\/v2\/categories?post=261051"},{"taxonomy":"post_tag","embeddable":true,"href":"https:\/\/www.ecuadortimes.net\/es\/wp-json\/wp\/v2\/tags?post=261051"}],"curies":[{"name":"wp","href":"https:\/\/api.w.org\/{rel}","templated":true}]}}