{"id":261128,"date":"2022-12-05T22:26:03","date_gmt":"2022-12-05T22:26:03","guid":{"rendered":"https:\/\/www.ecuadortimes.net\/es\/?p=261128"},"modified":"2022-12-05T22:26:03","modified_gmt":"2022-12-05T22:26:03","slug":"ministerio-sacrifico-a-180-000-aves-por-alerta-de-influenza-aviar","status":"publish","type":"post","link":"https:\/\/www.ecuadortimes.net\/es\/ministerio-sacrifico-a-180-000-aves-por-alerta-de-influenza-aviar\/","title":{"rendered":"Ministerio sacrific\u00f3 a 180.000 aves por alerta de influenza aviar"},"content":{"rendered":"<div id=\"entry-content-inarticle\" class=\"entry-content\">\n<h3 class=\"noticia__entradilla\">M\u00e1s de 150 t\u00e9cnicos del Ministerio de Agricultura y Ganader\u00eda (MAG), Agrocalidad y miembros de las Fuerzas Armadas sacrificaron a las aves, como parte de los protocolos de control del Plan nacional de contingencia.<\/h3>\n<p class=\"selectionShareable\">Cerca de 150 t\u00e9cnicos del Ministerio de Agricultura y Ganader\u00eda (MAG), Agrocalidad y miembros de las Fuerzas Armadas<strong> sacrificaron a 180.000 aves<\/strong> del predio afectado por la influenza aviar.<\/p>\n<div id=\"attachment_261129\" style=\"width: 1034px\" class=\"wp-caption alignnone\"><img aria-describedby=\"caption-attachment-261129\" loading=\"lazy\" class=\"size-full wp-image-261129\" src=\"https:\/\/www.ecuadortimes.net\/es\/wp-content\/uploads\/2022\/12\/ecuador-times-ecuador-news-ministry-sacrificed-180000-birds-due-to-avian-influenza-alert.jpg\" alt=\"\" width=\"1024\" height=\"574\" \/><p id=\"caption-attachment-261129\" class=\"wp-caption-text\">Imagen referencial de las aves en una de las granjas de Cotopaxi.<\/p><\/div>\n<p class=\"selectionShareable\">Las aves eran parte de una granja de una parroquia rural del cant\u00f3n <strong>Latacunga<\/strong>, provincia de <strong>Cotopaxi<\/strong>.<\/p>\n<p class=\"selectionShareable\">El sacrificio es parte de los protocolos de control del <strong>Plan nacional de contingencia<\/strong>.<\/p>\n<p class=\"selectionShareable\">Seg\u00fan un <a href=\"https:\/\/twitter.com\/AgriculturaEc\/status\/1599112326107406337\" target=\"_blank\" rel=\"noreferrer noopener\">bolet\u00edn<\/a> del Ministerio, los t\u00e9cnicos realizaron una <strong>limpieza<\/strong> y <strong>desinfecci\u00f3n<\/strong> iniciales de la granja. Luego de <strong>ocho d\u00edas<\/strong>, ejecutar\u00e1n una limpieza y desinfecci\u00f3n definitivas.<\/p>\n<p class=\"selectionShareable\">Bernardo Manzano, ministro de Agricultura, asegur\u00f3 que se cumplen todos los protocolos para controlar el virus, que -seg\u00fan insisti\u00f3- no afecta al ser humano.<\/p>\n<p class=\"selectionShareable\">El protocolo continuar\u00e1 pasados los <strong>21 d\u00edas<\/strong> desde la desinfecci\u00f3n y limpieza, donde se proceder\u00e1 con la inducci\u00f3n de <strong>aves centinelas negativas a influenza aviar<\/strong>. El MAG y Agrocalidad tomar\u00e1n muestras de estas aves centinelas para descartar la presencia del virus.<\/p>\n<p class=\"selectionShareable\">En caso de obtener resultados negativos en este periodo, efectuar\u00e1n la <strong>repoblaci\u00f3n <\/strong>completa de la<strong> granja<\/strong>. As\u00ed mismo, en caso de que las centinelas tengan un resultado positivo a influenza, se reiniciar\u00e1 el proceso con el sacrificio de las aves y todo el proceso antes descrito.<\/p>\n<p class=\"selectionShareable\">Christian Zambrano, coordinador de Sanidad Animal de Agrocalidad, se\u00f1al\u00f3 que se hizo un muestreo y remuestreo en las zonas aleda\u00f1as a donde se encontr\u00f3 el brote de influenza aviar y los resultados son negativos.<\/p>\n<p class=\"selectionShareable\">\u201cEsto permite continuar con el proceso centinelas. La <strong>repoblaci\u00f3n total<\/strong> de la granja ser\u00eda en <strong>50 d\u00edas<\/strong> desde la limpieza y desinfecci\u00f3n inicial\u201d, agreg\u00f3.<\/p>\n<p class=\"selectionShareable\">Adem\u00e1s de las acciones del Gobierno, Rodrigo Garc\u00eda, <strong>experto<\/strong> del centro panamericano de <strong>fiebre Aftosa-Panaftosa<\/strong>, asesorar\u00e1 a los nacionales en el manejo del brote y brindar\u00e1 asistencia t\u00e9cnica en el punto focal.<\/p>\n<div class=\"noticia__single__enlaces\"><\/div>\n<\/div>\n<p><a href=\"https:\/\/www.primicias.ec\/noticias\/economia\/ministerio-agricultura-aves-sacrificadas-influenza-aviar\/\">https:\/\/www.primicias.ec\/noticias\/economia\/ministerio-agricultura-aves-sacrificadas-influenza-aviar\/<\/a><\/p>\n","protected":false},"excerpt":{"rendered":"<p>M\u00e1s de 150 t\u00e9cnicos del Ministerio de Agricultura y Ganader\u00eda (MAG), Agrocalidad y miembros de las Fuerzas Armadas sacrificaron a las aves, como parte de los protocolos de control del Plan nacional de contingencia. Cerca de 150 t\u00e9cnicos del Ministerio de Agricultura y Ganader\u00eda (MAG), Agrocalidad y miembros de las Fuerzas Armadas sacrificaron a 180.000 aves del predio afectado por la influenza aviar. Las aves eran parte de una granja de una parroquia rural del cant\u00f3n Latacunga, provincia de Cotopaxi. El sacrificio es parte de los protocolos de control del Plan nacional de contingencia. Seg\u00fan un bolet\u00edn del Ministerio, los t\u00e9cnicos realizaron una limpieza y desinfecci\u00f3n iniciales de la granja. Luego de ocho d\u00edas, ejecutar\u00e1n una limpieza y desinfecci\u00f3n definitivas. Bernardo Manzano, ministro de Agricultura, asegur\u00f3 que se cumplen todos los protocolos para controlar el virus, que -seg\u00fan insisti\u00f3- no afecta al ser humano. El protocolo continuar\u00e1 pasados los 21 d\u00edas desde la desinfecci\u00f3n y limpieza, donde se proceder\u00e1 con la inducci\u00f3n de aves centinelas negativas a influenza aviar. El MAG y Agrocalidad tomar\u00e1n muestras de estas aves centinelas para descartar la presencia del virus. En caso de obtener resultados negativos en este periodo, efectuar\u00e1n la repoblaci\u00f3n completa de la granja. As\u00ed mismo, en caso de que las centinelas tengan un resultado positivo a influenza, se reiniciar\u00e1 el proceso con el sacrificio de las aves y todo el proceso antes descrito. Christian Zambrano, coordinador de Sanidad Animal de Agrocalidad, se\u00f1al\u00f3 que se hizo un muestreo y remuestreo en las zonas aleda\u00f1as a donde se encontr\u00f3 el brote de influenza aviar y los resultados son negativos. \u201cEsto permite continuar con el proceso centinelas. La repoblaci\u00f3n total de la granja ser\u00eda en 50 d\u00edas desde la limpieza y desinfecci\u00f3n inicial\u201d, agreg\u00f3. Adem\u00e1s de las acciones del Gobierno, Rodrigo Garc\u00eda, experto del centro panamericano de fiebre Aftosa-Panaftosa, asesorar\u00e1 a los nacionales en el manejo del brote y brindar\u00e1 asistencia t\u00e9cnica en el punto focal. https:\/\/www.primicias.ec\/noticias\/economia\/ministerio-agricultura-aves-sacrificadas-influenza-aviar\/<\/p>\n","protected":false},"author":1,"featured_media":261129,"comment_status":"closed","ping_status":"closed","sticky":false,"template":"","format":"standard","meta":[],"categories":[43,24],"tags":[],"_links":{"self":[{"href":"https:\/\/www.ecuadortimes.net\/es\/wp-json\/wp\/v2\/posts\/261128"}],"collection":[{"href":"https:\/\/www.ecuadortimes.net\/es\/wp-json\/wp\/v2\/posts"}],"about":[{"href":"https:\/\/www.ecuadortimes.net\/es\/wp-json\/wp\/v2\/types\/post"}],"author":[{"embeddable":true,"href":"https:\/\/www.ecuadortimes.net\/es\/wp-json\/wp\/v2\/users\/1"}],"replies":[{"embeddable":true,"href":"https:\/\/www.ecuadortimes.net\/es\/wp-json\/wp\/v2\/comments?post=261128"}],"version-history":[{"count":1,"href":"https:\/\/www.ecuadortimes.net\/es\/wp-json\/wp\/v2\/posts\/261128\/revisions"}],"predecessor-version":[{"id":261130,"href":"https:\/\/www.ecuadortimes.net\/es\/wp-json\/wp\/v2\/posts\/261128\/revisions\/261130"}],"wp:featuredmedia":[{"embeddable":true,"href":"https:\/\/www.ecuadortimes.net\/es\/wp-json\/wp\/v2\/media\/261129"}],"wp:attachment":[{"href":"https:\/\/www.ecuadortimes.net\/es\/wp-json\/wp\/v2\/media?parent=261128"}],"wp:term":[{"taxonomy":"category","embeddable":true,"href":"https:\/\/www.ecuadortimes.net\/es\/wp-json\/wp\/v2\/categories?post=261128"},{"taxonomy":"post_tag","embeddable":true,"href":"https:\/\/www.ecuadortimes.net\/es\/wp-json\/wp\/v2\/tags?post=261128"}],"curies":[{"name":"wp","href":"https:\/\/api.w.org\/{rel}","templated":true}]}}