{"id":261137,"date":"2022-12-07T21:34:30","date_gmt":"2022-12-07T21:34:30","guid":{"rendered":"https:\/\/www.ecuadortimes.net\/es\/?p=261137"},"modified":"2022-12-07T21:34:30","modified_gmt":"2022-12-07T21:34:30","slug":"una-ecuatoriana-entre-las-100-mujeres-mas-influyentes-del-mundo","status":"publish","type":"post","link":"https:\/\/www.ecuadortimes.net\/es\/una-ecuatoriana-entre-las-100-mujeres-mas-influyentes-del-mundo\/","title":{"rendered":"Una ecuatoriana entre las 100 mujeres m\u00e1s influyentes del mundo"},"content":{"rendered":"<div class=\"itemFullText\">\n<p>La ecuatoriana Geraldina Guerra, presidenta de la Asociaci\u00f3n Latinoamericana para el Desarrollo Alternativo (ALDEA), fue reconocida entre las 100 Mujeres m\u00e1s influyentes e inspiradoras del mundo en 2022, seg\u00fan el medio brit\u00e1nico BBC. La finalidad de esta asignaci\u00f3n es reconocer su rol en conflictos mundiales y sus aportes hacia\u00a0un cambio para ellas y la sociedad.<\/p>\n<div id=\"attachment_261138\" style=\"width: 1210px\" class=\"wp-caption alignnone\"><img aria-describedby=\"caption-attachment-261138\" loading=\"lazy\" class=\"size-full wp-image-261138\" src=\"https:\/\/www.ecuadortimes.net\/es\/wp-content\/uploads\/2022\/12\/ecuador-times-ecuador-news-an-ecuadorian-among-the-100-most-influential-women-in-the-world.jpg\" alt=\"\" width=\"1200\" height=\"810\" srcset=\"https:\/\/www.ecuadortimes.net\/es\/wp-content\/uploads\/2022\/12\/ecuador-times-ecuador-news-an-ecuadorian-among-the-100-most-influential-women-in-the-world.jpg 1200w, https:\/\/www.ecuadortimes.net\/es\/wp-content\/uploads\/2022\/12\/ecuador-times-ecuador-news-an-ecuadorian-among-the-100-most-influential-women-in-the-world-75x52.jpg 75w\" sizes=\"(max-width: 1200px) 100vw, 1200px\" \/><p id=\"caption-attachment-261138\" class=\"wp-caption-text\">Geraldine Guerra, reconocida como una de las 100 mujeres influyentes en el mundo.<\/p><\/div>\n<p>Geraldine es activista contra el femicidio en el pa\u00eds. Ha defendido los derechos de las mujeres durante m\u00e1s de 17 a\u00f1os y trabaja para proteger a las v\u00edctimas de la violencia en Ecuador. Ella se especializa en recabar informaci\u00f3n para aumentar la visibilidad de los femicidios, en el pa\u00eds.<\/p>\n<p>Adem\u00e1s,\u00a0est\u00e1 detr\u00e1s de la iniciativa Alianza para el Mapeo de Femicidios, que crea &#8220;mapas de vida&#8221; de las v\u00edctimas de femicidio para mantener viva su memoria y generar un cambio cultural en actitudes. Tambi\u00e9n sigue y mapea casos para la Alianza Feminista y la Red Latinoamericana Contra la Violencia de G\u00e9nero y es representante de la Fundaci\u00f3n Aldea y de la red de refugios para mujeres en su pa\u00eds.<\/p>\n<p>Para elegirlas, la cadena internacional elabor\u00f3 una lista de las candidatas que acapararon titulares relevantes durante los \u00faltimos 12 meses, historias inspiradoras o logros significativos en la sociedad. La lista fue evaluada de acuerdo al tema elegido para este a\u00f1o: el progreso en las\u00a0diferentes \u00e1reas durante la \u00faltima d\u00e9cada.<\/p>\n<p>Algunas de ellas decidieron permanecer an\u00f3nimas o sin apellido para su seguridad y el de sus familias. En la lista constan 12 latinoamericanas:<\/p>\n<h2>Sandy Cabrera Arteaga, Honduras &#8211; Activista por los derechos reproductivos<\/h2>\n<h2>Mar\u00eda Fernanda Castro Maya, M\u00e9xico &#8211; Activista en pro de los discapacitados<\/h2>\n<h2>Eva Copa, Bolivia &#8211; Pol\u00edtica<\/h2>\n<h2>Ceci Flores, M\u00e9xico &#8211; Activista<\/h2>\n<h2>Geraldina Guerra Garc\u00e9s, Ecuador &#8211; Activista contra el femicidio<\/h2>\n<h2>Sof\u00eda Heinonen, Argentina \u2013 Conservacionista<\/h2>\n<h2>Erika Hilton, Brasil &#8211; Pol\u00edtica<\/h2>\n<h2>Erika Liriano, Rep\u00fablica Dominicana &#8211; Empresaria del cacao<\/h2>\n<h2>Alice Patax\u00f3, Brasil &#8211; Activista ind\u00edgena<\/h2>\n<h2>Yulimar Rojas, Venezuela &#8211; Atleta<\/h2>\n<h2>Simone Tebet, Brasil &#8211; Senadora federal<\/h2>\n<h2>Velia Vidal, Colombia &#8211; Escritora<\/h2>\n<p>&nbsp;<\/p>\n<\/div>\n<p><a href=\"https:\/\/www.eltelegrafo.com.ec\/noticias\/mundo\/8\/una-ecuatoriana-entre-las-100-mujeres-mas-influyentes-del-mundo\">https:\/\/www.eltelegrafo.com.ec\/noticias\/mundo\/8\/una-ecuatoriana-entre-las-100-mujeres-mas-influyentes-del-mundo<\/a><\/p>\n","protected":false},"excerpt":{"rendered":"<p>La ecuatoriana Geraldina Guerra, presidenta de la Asociaci\u00f3n Latinoamericana para el Desarrollo Alternativo (ALDEA), fue reconocida entre las 100 Mujeres m\u00e1s influyentes e inspiradoras del mundo en 2022, seg\u00fan el medio brit\u00e1nico BBC. La finalidad de esta asignaci\u00f3n es reconocer su rol en conflictos mundiales y sus aportes hacia\u00a0un cambio para ellas y la sociedad. Geraldine es activista contra el femicidio en el pa\u00eds. Ha defendido los derechos de las mujeres durante m\u00e1s de 17 a\u00f1os y trabaja para proteger a las v\u00edctimas de la violencia en Ecuador. Ella se especializa en recabar informaci\u00f3n para aumentar la visibilidad de los femicidios, en el pa\u00eds. Adem\u00e1s,\u00a0est\u00e1 detr\u00e1s de la iniciativa Alianza para el Mapeo de Femicidios, que crea &#8220;mapas de vida&#8221; de las v\u00edctimas de femicidio para mantener viva su memoria y generar un cambio cultural en actitudes. Tambi\u00e9n sigue y mapea casos para la Alianza Feminista y la Red Latinoamericana Contra la Violencia de G\u00e9nero y es representante de la Fundaci\u00f3n Aldea y de la red de refugios para mujeres en su pa\u00eds. Para elegirlas, la cadena internacional elabor\u00f3 una lista de las candidatas que acapararon titulares relevantes durante los \u00faltimos 12 meses, historias inspiradoras o logros significativos en la sociedad. La lista fue evaluada de acuerdo al tema elegido para este a\u00f1o: el progreso en las\u00a0diferentes \u00e1reas durante la \u00faltima d\u00e9cada. Algunas de ellas decidieron permanecer an\u00f3nimas o sin apellido para su seguridad y el de sus familias. En la lista constan 12 latinoamericanas: Sandy Cabrera Arteaga, Honduras &#8211; Activista por los derechos reproductivos Mar\u00eda Fernanda Castro Maya, M\u00e9xico &#8211; Activista en pro de los discapacitados Eva Copa, Bolivia &#8211; Pol\u00edtica Ceci Flores, M\u00e9xico &#8211; Activista Geraldina Guerra Garc\u00e9s, Ecuador &#8211; Activista contra el femicidio Sof\u00eda Heinonen, Argentina \u2013 Conservacionista Erika Hilton, Brasil &#8211; Pol\u00edtica Erika Liriano, Rep\u00fablica Dominicana &#8211; Empresaria del cacao Alice Patax\u00f3, Brasil &#8211; Activista ind\u00edgena Yulimar Rojas, Venezuela &#8211; Atleta Simone Tebet, Brasil &#8211; Senadora federal Velia Vidal, Colombia &#8211; Escritora &nbsp; https:\/\/www.eltelegrafo.com.ec\/noticias\/mundo\/8\/una-ecuatoriana-entre-las-100-mujeres-mas-influyentes-del-mundo<\/p>\n","protected":false},"author":1,"featured_media":261138,"comment_status":"closed","ping_status":"closed","sticky":false,"template":"","format":"standard","meta":[],"categories":[35,23],"tags":[],"_links":{"self":[{"href":"https:\/\/www.ecuadortimes.net\/es\/wp-json\/wp\/v2\/posts\/261137"}],"collection":[{"href":"https:\/\/www.ecuadortimes.net\/es\/wp-json\/wp\/v2\/posts"}],"about":[{"href":"https:\/\/www.ecuadortimes.net\/es\/wp-json\/wp\/v2\/types\/post"}],"author":[{"embeddable":true,"href":"https:\/\/www.ecuadortimes.net\/es\/wp-json\/wp\/v2\/users\/1"}],"replies":[{"embeddable":true,"href":"https:\/\/www.ecuadortimes.net\/es\/wp-json\/wp\/v2\/comments?post=261137"}],"version-history":[{"count":1,"href":"https:\/\/www.ecuadortimes.net\/es\/wp-json\/wp\/v2\/posts\/261137\/revisions"}],"predecessor-version":[{"id":261139,"href":"https:\/\/www.ecuadortimes.net\/es\/wp-json\/wp\/v2\/posts\/261137\/revisions\/261139"}],"wp:featuredmedia":[{"embeddable":true,"href":"https:\/\/www.ecuadortimes.net\/es\/wp-json\/wp\/v2\/media\/261138"}],"wp:attachment":[{"href":"https:\/\/www.ecuadortimes.net\/es\/wp-json\/wp\/v2\/media?parent=261137"}],"wp:term":[{"taxonomy":"category","embeddable":true,"href":"https:\/\/www.ecuadortimes.net\/es\/wp-json\/wp\/v2\/categories?post=261137"},{"taxonomy":"post_tag","embeddable":true,"href":"https:\/\/www.ecuadortimes.net\/es\/wp-json\/wp\/v2\/tags?post=261137"}],"curies":[{"name":"wp","href":"https:\/\/api.w.org\/{rel}","templated":true}]}}