{"id":261152,"date":"2022-12-09T20:31:10","date_gmt":"2022-12-09T20:31:10","guid":{"rendered":"https:\/\/www.ecuadortimes.net\/es\/?p=261152"},"modified":"2022-12-09T20:31:10","modified_gmt":"2022-12-09T20:31:10","slug":"ecuador-y-paises-de-la-alianza-para-el-desarrollo-en-democracia-piden-a-peru-restablecer-instituciones","status":"publish","type":"post","link":"https:\/\/www.ecuadortimes.net\/es\/ecuador-y-paises-de-la-alianza-para-el-desarrollo-en-democracia-piden-a-peru-restablecer-instituciones\/","title":{"rendered":"Ecuador y pa\u00edses de la Alianza para el Desarrollo en Democracia piden a Per\u00fa restablecer instituciones"},"content":{"rendered":"<div class=\"entry__content pw-ctt tbl-forkorts-article tbl-forkorts-article-active\">\n<p><strong>Ecuador, Costa Rica, Panam\u00e1 y Rep\u00fablica Dominicana<\/strong>, pa\u00edses que conforman la <strong>Alianza para el Desarrollo en Democracia<\/strong> (ADD), emitieron un comunicado este 8 de diciembre del 2022 sobre la <strong>situaci\u00f3n pol\u00edtica en Per\u00fa<\/strong>. La presidenta reci\u00e9n posesionada de ese pa\u00eds solicit\u00f3 una <strong>tregua pol\u00edtica<\/strong> a las instituciones peruanas. Ecuador respalda esa posesi\u00f3n.<\/p>\n<div id=\"attachment_261153\" style=\"width: 710px\" class=\"wp-caption alignnone\"><img aria-describedby=\"caption-attachment-261153\" loading=\"lazy\" class=\"size-full wp-image-261153\" src=\"https:\/\/www.ecuadortimes.net\/es\/wp-content\/uploads\/2022\/12\/ecuador-times-ecuador-news-ecuador-and-countries-of-the-alliance-for-development-in-democracy-ask-peru-to-reestablish-institutions.jpg\" alt=\"\" width=\"700\" height=\"394\" \/><p id=\"caption-attachment-261153\" class=\"wp-caption-text\">Ecuador y otros tres pa\u00edses de la regi\u00f3n llaman a la ciudadan\u00eda peruana a mantener la calma mientras se restablecen las instituciones luego del intento de golpe de estado.<\/p><\/div>\n<p>\u201cAnimados por la responsabilidad de contribuir con el fortalecimiento de la democracia en nuestra regi\u00f3n, los pa\u00edses de la ADD hacemos un <strong>llamado <\/strong>al hermano pueblo peruano a que, de manera pac\u00edfica, encuentren las <strong>v\u00edas <\/strong>para<strong> superar<\/strong> esta lamentable<strong> crisis<\/strong>\u201d, se\u00f1ala el comunicado.<\/p>\n<p>El 7 de diciembre, Per\u00fa vivi\u00f3 una jornada at\u00edpica. <strong>Pedro Castillo<\/strong> intent\u00f3 <strong>disolver al Congreso<\/strong> de su pa\u00eds, el poder parlamentario reaccion\u00f3 declarando la <strong>incapacidad moral<\/strong> del ahora expresidente Castillo y <strong>posesionaron a Dina Boluarte<\/strong> como Mandataria. Castillo fue <strong>detenido<\/strong> y es investigado por el delito de <strong>rebeli\u00f3n<\/strong> (alternativamente conspiraci\u00f3n), seg\u00fan el Poder Judicial peruano.<\/p>\n<p>La Alianza lamenta la \u201c<strong>grave situaci\u00f3n<\/strong>\u201d producida en Per\u00fa por la medida presidencial de disolver el Congreso \u201c<strong>violentando <\/strong>as\u00ed el orden constitucional y legal de ese pa\u00eds\u201d.<\/p>\n<p>Los pa\u00edses miembros de la ADD animan al pueblo peruano \u201ca <strong>aguardar de manera pac\u00edfica<\/strong> por el<strong> restablecimiento de sus instituciones<\/strong>, a prop\u00f3sito de la vacancia Presidencial\u201d. Al ser posesionada, Boluarte solicit\u00f3 una <strong>tregua pol\u00edtica<\/strong> para instalar un Gobierno de <strong>unidad nacional<\/strong>. El plazo es para rescatar a Per\u00fa de la corrupci\u00f3n y del desgobierno, ofreci\u00f3.<\/p>\n<p>La ADD otorga especial importancia a las expresiones de las <strong>Fuerzas Armadas y la Polic\u00eda Nacional de Per\u00fa<\/strong>, por instar a la poblaci\u00f3n a mantener la calma y a confiar en las instituciones de su pa\u00eds. Las instituciones de la fuerza p\u00fablica <strong>negaron <\/strong>su respaldo a la disoluci\u00f3n del Congreso.<\/p>\n<p>Para la ADD, la democracia se caracteriza por la amplia <strong>discusi\u00f3n<\/strong> entre los principales<strong> actores pol\u00edticos <\/strong>y sus <strong>gobernantes<\/strong>. El Estado de Derecho y las garant\u00edas constitucionales deben imperar ante cualquier situaci\u00f3n que ponga en riesgo la tranquilidad y la paz social de sus ciudadanos, exhort\u00f3.<\/p>\n<p>En un comunicado similar, la Canciller\u00eda de <strong>Costa Rica<\/strong> reitera el apoyo al di\u00e1logo pol\u00edtico para que Per\u00fa encuentre una <strong>soluci\u00f3n duradera y efectiva<\/strong> a la crisis pol\u00edtica.<\/p>\n<p>La asunci\u00f3n de mando constituye una oportunidad para<strong> reorientar<\/strong> lo que se debe hacer con el pa\u00eds, pronunci\u00f3 Boluarte durante sus primeras declaraciones a la prensa este 8 de diciembre.<\/p>\n<h2 id=\"h-ecuador-en-la-add\"><strong>Ecuador en la ADD<\/strong><\/h2>\n<p>La ADD es un espacio de<strong> di\u00e1logo y coordinaci\u00f3n estrat\u00e9gica<\/strong> para fomentar el <strong>crecimiento<\/strong> <strong>econ\u00f3mico<\/strong> en el marco de la democracia, los derechos humanos y los objetivos de desarrollo sostenible.<\/p>\n<p>Esta iniciativa se constituy\u00f3 en septiembre del 2021 y<strong> Ecuador <\/strong>se integr\u00f3 el 25 de julio del 2022. El 21 de septiembre del 2022 el presidente de Ecuador, Guillermo Lasso, particip\u00f3 en una reuni\u00f3n con los Jefes de Estado de los pa\u00edses miembros. All\u00ed propuso un <strong>cuarto eje <\/strong>dentro de la ADD, enfocado en <strong>sostenibilidad ambiental y econom\u00eda circular<\/strong>.<\/p>\n<p>En otro tema, el vicecanciller de Ecuador, <strong>Luis Bayas<\/strong>, mantuvo una reuni\u00f3n con la subsecretaria de Estado de Estados Unidos, <strong>Victoria Nuland<\/strong>, para dialogar sobre temas de<strong> paz y seguridad<\/strong> en la regi\u00f3n y a nivel global. Esto como parte del proceso preparatorio de Ecuador en el <strong>Consejo de Seguridad<\/strong> de las Naciones Unidas, que ser\u00e1 desde el 2023.<\/p>\n<\/div>\n<p><a href=\"https:\/\/www.elcomercio.com\/actualidad\/politica\/ecuador-alianza-desarrollo-democracia-instituciones-peru.html\">https:\/\/www.elcomercio.com\/actualidad\/politica\/ecuador-alianza-desarrollo-democracia-instituciones-peru.html<\/a><\/p>\n","protected":false},"excerpt":{"rendered":"<p>Ecuador, Costa Rica, Panam\u00e1 y Rep\u00fablica Dominicana, pa\u00edses que conforman la Alianza para el Desarrollo en Democracia (ADD), emitieron un comunicado este 8 de diciembre del 2022 sobre la situaci\u00f3n pol\u00edtica en Per\u00fa. La presidenta reci\u00e9n posesionada de ese pa\u00eds solicit\u00f3 una tregua pol\u00edtica a las instituciones peruanas. Ecuador respalda esa posesi\u00f3n. \u201cAnimados por la responsabilidad de contribuir con el fortalecimiento de la democracia en nuestra regi\u00f3n, los pa\u00edses de la ADD hacemos un llamado al hermano pueblo peruano a que, de manera pac\u00edfica, encuentren las v\u00edas para superar esta lamentable crisis\u201d, se\u00f1ala el comunicado. El 7 de diciembre, Per\u00fa vivi\u00f3 una jornada at\u00edpica. Pedro Castillo intent\u00f3 disolver al Congreso de su pa\u00eds, el poder parlamentario reaccion\u00f3 declarando la incapacidad moral del ahora expresidente Castillo y posesionaron a Dina Boluarte como Mandataria. Castillo fue detenido y es investigado por el delito de rebeli\u00f3n (alternativamente conspiraci\u00f3n), seg\u00fan el Poder Judicial peruano. La Alianza lamenta la \u201cgrave situaci\u00f3n\u201d producida en Per\u00fa por la medida presidencial de disolver el Congreso \u201cviolentando as\u00ed el orden constitucional y legal de ese pa\u00eds\u201d. Los pa\u00edses miembros de la ADD animan al pueblo peruano \u201ca aguardar de manera pac\u00edfica por el restablecimiento de sus instituciones, a prop\u00f3sito de la vacancia Presidencial\u201d. Al ser posesionada, Boluarte solicit\u00f3 una tregua pol\u00edtica para instalar un Gobierno de unidad nacional. El plazo es para rescatar a Per\u00fa de la corrupci\u00f3n y del desgobierno, ofreci\u00f3. La ADD otorga especial importancia a las expresiones de las Fuerzas Armadas y la Polic\u00eda Nacional de Per\u00fa, por instar a la poblaci\u00f3n a mantener la calma y a confiar en las instituciones de su pa\u00eds. Las instituciones de la fuerza p\u00fablica negaron su respaldo a la disoluci\u00f3n del Congreso. Para la ADD, la democracia se caracteriza por la amplia discusi\u00f3n entre los principales actores pol\u00edticos y sus gobernantes. El Estado de Derecho y las garant\u00edas constitucionales deben imperar ante cualquier situaci\u00f3n que ponga en riesgo la tranquilidad y la paz social de sus ciudadanos, exhort\u00f3. En un comunicado similar, la Canciller\u00eda de Costa Rica reitera el apoyo al di\u00e1logo pol\u00edtico para que Per\u00fa encuentre una soluci\u00f3n duradera y efectiva a la crisis pol\u00edtica. La asunci\u00f3n de mando constituye una oportunidad para reorientar lo que se debe hacer con el pa\u00eds, pronunci\u00f3 Boluarte durante sus primeras declaraciones a la prensa este 8 de diciembre. Ecuador en la ADD La ADD es un espacio de di\u00e1logo y coordinaci\u00f3n estrat\u00e9gica para fomentar el crecimiento econ\u00f3mico en el marco de la democracia, los derechos humanos y los objetivos de desarrollo sostenible. Esta iniciativa se constituy\u00f3 en septiembre del 2021 y Ecuador se integr\u00f3 el 25 de julio del 2022. El 21 de septiembre del 2022 el presidente de Ecuador, Guillermo Lasso, particip\u00f3 en una reuni\u00f3n con los Jefes de Estado de los pa\u00edses miembros. All\u00ed propuso un cuarto eje dentro de la ADD, enfocado en sostenibilidad ambiental y econom\u00eda circular. En otro tema, el vicecanciller de Ecuador, Luis Bayas, mantuvo una reuni\u00f3n con la subsecretaria de Estado de Estados Unidos, Victoria Nuland, para dialogar sobre temas de paz y seguridad en la regi\u00f3n y a nivel global. Esto como parte del proceso preparatorio de Ecuador en el Consejo de Seguridad de las Naciones Unidas, que ser\u00e1 desde el 2023. https:\/\/www.elcomercio.com\/actualidad\/politica\/ecuador-alianza-desarrollo-democracia-instituciones-peru.html<\/p>\n","protected":false},"author":1,"featured_media":261153,"comment_status":"closed","ping_status":"closed","sticky":false,"template":"","format":"standard","meta":[],"categories":[40,24],"tags":[],"_links":{"self":[{"href":"https:\/\/www.ecuadortimes.net\/es\/wp-json\/wp\/v2\/posts\/261152"}],"collection":[{"href":"https:\/\/www.ecuadortimes.net\/es\/wp-json\/wp\/v2\/posts"}],"about":[{"href":"https:\/\/www.ecuadortimes.net\/es\/wp-json\/wp\/v2\/types\/post"}],"author":[{"embeddable":true,"href":"https:\/\/www.ecuadortimes.net\/es\/wp-json\/wp\/v2\/users\/1"}],"replies":[{"embeddable":true,"href":"https:\/\/www.ecuadortimes.net\/es\/wp-json\/wp\/v2\/comments?post=261152"}],"version-history":[{"count":1,"href":"https:\/\/www.ecuadortimes.net\/es\/wp-json\/wp\/v2\/posts\/261152\/revisions"}],"predecessor-version":[{"id":261154,"href":"https:\/\/www.ecuadortimes.net\/es\/wp-json\/wp\/v2\/posts\/261152\/revisions\/261154"}],"wp:featuredmedia":[{"embeddable":true,"href":"https:\/\/www.ecuadortimes.net\/es\/wp-json\/wp\/v2\/media\/261153"}],"wp:attachment":[{"href":"https:\/\/www.ecuadortimes.net\/es\/wp-json\/wp\/v2\/media?parent=261152"}],"wp:term":[{"taxonomy":"category","embeddable":true,"href":"https:\/\/www.ecuadortimes.net\/es\/wp-json\/wp\/v2\/categories?post=261152"},{"taxonomy":"post_tag","embeddable":true,"href":"https:\/\/www.ecuadortimes.net\/es\/wp-json\/wp\/v2\/tags?post=261152"}],"curies":[{"name":"wp","href":"https:\/\/api.w.org\/{rel}","templated":true}]}}