{"id":261155,"date":"2022-12-12T21:58:24","date_gmt":"2022-12-12T21:58:24","guid":{"rendered":"https:\/\/www.ecuadortimes.net\/es\/?p=261155"},"modified":"2022-12-12T21:58:24","modified_gmt":"2022-12-12T21:58:24","slug":"salarios-de-ecuatorianos-estan-por-debajo-de-niveles-prepandemia","status":"publish","type":"post","link":"https:\/\/www.ecuadortimes.net\/es\/salarios-de-ecuatorianos-estan-por-debajo-de-niveles-prepandemia\/","title":{"rendered":"Salarios de ecuatorianos est\u00e1n por debajo de niveles prepandemia"},"content":{"rendered":"<div id=\"entry-content-inarticle\" class=\"entry-content\">\n<h3 class=\"noticia__entradilla\">En t\u00e9rminos reales, el salario promedio que perciben los ecuatorianos en 2022 es 1,9% menos frente a 2019, antes de la emergencia sanitaria.<\/h3>\n<div id=\"attachment_261156\" style=\"width: 1034px\" class=\"wp-caption alignnone\"><img aria-describedby=\"caption-attachment-261156\" loading=\"lazy\" class=\"size-full wp-image-261156\" src=\"https:\/\/www.ecuadortimes.net\/es\/wp-content\/uploads\/2022\/12\/ecuador-times-ecuador-news-ecuadorian-wages-are-below-pre-pandemic-levels.jpg\" alt=\"\" width=\"1024\" height=\"574\" \/><p id=\"caption-attachment-261156\" class=\"wp-caption-text\">Personas en un stand sobre empleo del Ministerio de Trabajo, en Cayambe, el 24 de noviembre de 2022.<\/p><\/div>\n<p class=\"selectionShareable\">A pesar de la recuperaci\u00f3n econ\u00f3mica y del incremento del salario b\u00e1sico en Ecuador, la poblaci\u00f3n a\u00fan percibe una remuneraci\u00f3n promedio inferior a la de niveles anteriores a la pandemia de Covid-19.<\/p>\n<p class=\"selectionShareable\">A esa conclusi\u00f3n llega el <strong>Informe Mundial sobre Salarios<\/strong> 2022-2023, de la Organizaci\u00f3n Internacional del Trabajo (OIT).<\/p>\n<p class=\"selectionShareable\">En t\u00e9rminos reales, los<strong> salarios que los ecuatorianos perciben en 2022 son 2% menores <\/strong>frente a 2019, antes de la emergencia sanitaria.<\/p>\n<p class=\"selectionShareable\">Eso despu\u00e9s de una <strong>abrupta ca\u00edda de los salarios en 15% en 2020<\/strong> y de 9% en 2021, dice el estudio.<\/p>\n<p class=\"selectionShareable\">En Latinoam\u00e9rica, el salario ha <strong>descendido 1,7% <\/strong>durante 2022.<\/p>\n<div class=\"flourish-embed flourish-chart\" data-src=\"visualisation\/12121637\">\n<p><script src=\"https:\/\/public.flourish.studio\/resources\/embed.js\"><\/script><iframe style=\"width: 100%; height: 575px;\" title=\"Interactive or visual content\" src=\"https:\/\/flo.uri.sh\/visualisation\/12121637\/embed?auto=1\" frameborder=\"0\" scrolling=\"no\" sandbox=\"allow-same-origin allow-forms allow-scripts allow-downloads allow-popups allow-popups-to-escape-sandbox allow-top-navigation-by-user-activation\"><\/iframe><\/p>\n<div class=\"flourish-credit\" style=\"width: 100%!important; margin: 0 0 4px!important; text-align: right!important; font-family: Helvetica,sans-serif!important; color: #888!important; font-size: 11px!important; font-weight: bold!important; font-style: normal!important; -webkit-font-smoothing: antialiased!important; box-shadow: none!important;\"><a style=\"display: inline-block!important; text-decoration: none!important; font: inherit!important; color: inherit!important; border: none!important; margin: 0 5px!important; box-shadow: none!important;\" href=\"https:\/\/public.flourish.studio\/visualisation\/12121637\/?utm_source=showcase&amp;utm_campaign=visualisation\/12121637\" target=\"_top\" rel=\"noopener\"><img style=\"font: inherit!important; width: auto!important; height: 12px!important; border: none!important; margin: 0 2px 0!important; vertical-align: middle!important; display: inline-block!important; box-shadow: none!important;\" src=\"https:\/\/public.flourish.studio\/resources\/bosh.svg\" alt=\"Flourish logo\" \/><span style=\"font: inherit!important; color: #888!important; vertical-align: middle!important; display: inline-block!important; box-shadow: none!important;\">A Flourish chart<\/span><\/a><\/div>\n<\/div>\n<h2>Salario y empleo<\/h2>\n<p class=\"selectionShareable\">La OIT explica que el salario promedio de los ecuatorianos no logra recuperarse debido a una serie de factores, entre los que destaca el estancamiento de la <strong>generaci\u00f3n de empleo adecuado<\/strong>.<\/p>\n<p class=\"selectionShareable\">Por eso, la mayor\u00eda de personas en edad de trabajar en el pa\u00eds, el <strong>62%, tiene un empleo inadecuado<\/strong>, seg\u00fan el Instituto Nacional de Estad\u00edstica y Censos (INEC).<\/p>\n<p class=\"selectionShareable\">En cambio, apenas el<strong> 33,7% registra un empleo adecuado, <\/strong>que est\u00e1 lejos de los niveles previos a la pandemia de Covid-19.<\/p>\n<p class=\"selectionShareable\">En 2019, casi el 40% de la Poblaci\u00f3n Econ\u00f3micamente Activa (PEA) ten\u00eda un trabajo pleno.<\/p>\n<p class=\"selectionShareable\">Eso quiere decir que casi cuatro de cada 10 personas en edad de trabajar ten\u00edan un empleo al que destinaban la jornada laboral legal, de 40 horas a la semana; y por el que percib\u00edan el salario b\u00e1sico.<\/p>\n<p><iframe id=\"datawrapper-chart-RUkE0\" style=\"width: 0px; border: none; min-width: 100% !important; height: 507px;\" title=\"Evoluci\u00f3n del mercado laboral en Ecuador\" src=\"https:\/\/datawrapper.dwcdn.net\/RUkE0\/1\/\" height=\"447\" frameborder=\"0\" scrolling=\"no\" aria-label=\"Anillos m\u00faltiples\" data-external=\"1\"><\/iframe><script type=\"text\/javascript\">!function(){\"use strict\";window.addEventListener(\"message\",(function(e){if(void 0!==e.data[\"datawrapper-height\"]){var t=document.querySelectorAll(\"iframe\");for(var a in e.data[\"datawrapper-height\"])for(var r=0;r<t.length;r++){if(t[r].contentWindow===e.source)t[r].style.height=e.data[\"datawrapper-height\"][a]+\"px\"}}}))}();\n<\/script><\/p>\n<p class=\"selectionShareable\">El estancamiento del empleo adecuado o pleno se da a pesar del crecimiento de las ventas internas y las exportaciones ecuatorianas.<\/p>\n<p class=\"selectionShareable\">\u00bfPor qu\u00e9? Debido al deterioro del clima de negocios en el pa\u00eds y al alza del salario b\u00e1sico, que hace que el sector productivo asuma <strong>mayores costos en medio de la crisis<\/strong>, explica un an\u00e1lisis de Corporaci\u00f3n de Estudios para el Desarrollo (Cordes).<\/p>\n<h2>Menor poder adquisitivo<\/h2>\n<p class=\"selectionShareable\">Y la situaci\u00f3n de los hogares ecuatorianos se complica porque, adem\u00e1s de tener una contracci\u00f3n de sus ingresos, deben enfrentar la <strong>erosi\u00f3n de su poder adquisitivo<\/strong>, por el<strong> alza de los precios<\/strong>, dice la <a href=\"https:\/\/www.ilo.org\/global\/about-the-ilo\/newsroom\/news\/WCMS_862447\/lang--es\/index.htm\" target=\"_blank\" rel=\"noreferrer noopener\">OIT<\/a>.<\/p>\n<p class=\"selectionShareable\">La inflaci\u00f3n lleg\u00f3 a 3,64% en noviembre de 2022, en t\u00e9rminos interanuales.<\/p>\n<p class=\"selectionShareable\">Las personas de los estratos socioecon\u00f3micos medio y bajo son quienes m\u00e1s sienten el impacto de la inflaci\u00f3n, sostiene la OIT. Eso se debe a que esos grupos de la poblaci\u00f3n destinan una gran parte de sus ingresos a bienes y a servicios esenciales, que registran el mayor incremento de precios.<\/p>\n<p class=\"selectionShareable\">Por ejemplo, los<strong> alimentos registraron una inflaci\u00f3n de 7,32%,<\/strong> convirti\u00e9ndose en la categor\u00eda de la canasta b\u00e1sica con el mayor incremento de precios en noviembre.<\/p>\n<p class=\"selectionShareable\">En ese contexto, la falta de empleo y la inflaci\u00f3n se han posicionado como dos de las principales preocupaciones de los ecuatorianos en 2022, sostiene la firma de an\u00e1lisis de mercados Kantar.<\/p>\n<div class=\"noticia__single__enlaces\"><\/div>\n<\/div>\n<p><a href=\"https:\/\/www.primicias.ec\/noticias\/economia\/salario-ecuatorianos-debajo-pandemia-oit\/\">https:\/\/www.primicias.ec\/noticias\/economia\/salario-ecuatorianos-debajo-pandemia-oit\/<\/a><\/p>\n","protected":false},"excerpt":{"rendered":"<p>En t\u00e9rminos reales, el salario promedio que perciben los ecuatorianos en 2022 es 1,9% menos frente a 2019, antes de la emergencia sanitaria. A pesar de la recuperaci\u00f3n econ\u00f3mica y del incremento del salario b\u00e1sico en Ecuador, la poblaci\u00f3n a\u00fan percibe una remuneraci\u00f3n promedio inferior a la de niveles anteriores a la pandemia de Covid-19. A esa conclusi\u00f3n llega el Informe Mundial sobre Salarios 2022-2023, de la Organizaci\u00f3n Internacional del Trabajo (OIT). En t\u00e9rminos reales, los salarios que los ecuatorianos perciben en 2022 son 2% menores frente a 2019, antes de la emergencia sanitaria. Eso despu\u00e9s de una abrupta ca\u00edda de los salarios en 15% en 2020 y de 9% en 2021, dice el estudio. En Latinoam\u00e9rica, el salario ha descendido 1,7% durante 2022. A Flourish chart Salario y empleo La OIT explica que el salario promedio de los ecuatorianos no logra recuperarse debido a una serie de factores, entre los que destaca el estancamiento de la generaci\u00f3n de empleo adecuado. Por eso, la mayor\u00eda de personas en edad de trabajar en el pa\u00eds, el 62%, tiene un empleo inadecuado, seg\u00fan el Instituto Nacional de Estad\u00edstica y Censos (INEC). En cambio, apenas el 33,7% registra un empleo adecuado, que est\u00e1 lejos de los niveles previos a la pandemia de Covid-19. En 2019, casi el 40% de la Poblaci\u00f3n Econ\u00f3micamente Activa (PEA) ten\u00eda un trabajo pleno. Eso quiere decir que casi cuatro de cada 10 personas en edad de trabajar ten\u00edan un empleo al que destinaban la jornada laboral legal, de 40 horas a la semana; y por el que percib\u00edan el salario b\u00e1sico. El estancamiento del empleo adecuado o pleno se da a pesar del crecimiento de las ventas internas y las exportaciones ecuatorianas. \u00bfPor qu\u00e9? Debido al deterioro del clima de negocios en el pa\u00eds y al alza del salario b\u00e1sico, que hace que el sector productivo asuma mayores costos en medio de la crisis, explica un an\u00e1lisis de Corporaci\u00f3n de Estudios para el Desarrollo (Cordes). Menor poder adquisitivo Y la situaci\u00f3n de los hogares ecuatorianos se complica porque, adem\u00e1s de tener una contracci\u00f3n de sus ingresos, deben enfrentar la erosi\u00f3n de su poder adquisitivo, por el alza de los precios, dice la OIT. La inflaci\u00f3n lleg\u00f3 a 3,64% en noviembre de 2022, en t\u00e9rminos interanuales. Las personas de los estratos socioecon\u00f3micos medio y bajo son quienes m\u00e1s sienten el impacto de la inflaci\u00f3n, sostiene la OIT. Eso se debe a que esos grupos de la poblaci\u00f3n destinan una gran parte de sus ingresos a bienes y a servicios esenciales, que registran el mayor incremento de precios. Por ejemplo, los alimentos registraron una inflaci\u00f3n de 7,32%, convirti\u00e9ndose en la categor\u00eda de la canasta b\u00e1sica con el mayor incremento de precios en noviembre. En ese contexto, la falta de empleo y la inflaci\u00f3n se han posicionado como dos de las principales preocupaciones de los ecuatorianos en 2022, sostiene la firma de an\u00e1lisis de mercados Kantar. https:\/\/www.primicias.ec\/noticias\/economia\/salario-ecuatorianos-debajo-pandemia-oit\/<\/p>\n","protected":false},"author":1,"featured_media":261156,"comment_status":"closed","ping_status":"closed","sticky":false,"template":"","format":"standard","meta":[],"categories":[43,23],"tags":[],"_links":{"self":[{"href":"https:\/\/www.ecuadortimes.net\/es\/wp-json\/wp\/v2\/posts\/261155"}],"collection":[{"href":"https:\/\/www.ecuadortimes.net\/es\/wp-json\/wp\/v2\/posts"}],"about":[{"href":"https:\/\/www.ecuadortimes.net\/es\/wp-json\/wp\/v2\/types\/post"}],"author":[{"embeddable":true,"href":"https:\/\/www.ecuadortimes.net\/es\/wp-json\/wp\/v2\/users\/1"}],"replies":[{"embeddable":true,"href":"https:\/\/www.ecuadortimes.net\/es\/wp-json\/wp\/v2\/comments?post=261155"}],"version-history":[{"count":1,"href":"https:\/\/www.ecuadortimes.net\/es\/wp-json\/wp\/v2\/posts\/261155\/revisions"}],"predecessor-version":[{"id":261157,"href":"https:\/\/www.ecuadortimes.net\/es\/wp-json\/wp\/v2\/posts\/261155\/revisions\/261157"}],"wp:featuredmedia":[{"embeddable":true,"href":"https:\/\/www.ecuadortimes.net\/es\/wp-json\/wp\/v2\/media\/261156"}],"wp:attachment":[{"href":"https:\/\/www.ecuadortimes.net\/es\/wp-json\/wp\/v2\/media?parent=261155"}],"wp:term":[{"taxonomy":"category","embeddable":true,"href":"https:\/\/www.ecuadortimes.net\/es\/wp-json\/wp\/v2\/categories?post=261155"},{"taxonomy":"post_tag","embeddable":true,"href":"https:\/\/www.ecuadortimes.net\/es\/wp-json\/wp\/v2\/tags?post=261155"}],"curies":[{"name":"wp","href":"https:\/\/api.w.org\/{rel}","templated":true}]}}