{"id":261158,"date":"2022-12-12T22:21:51","date_gmt":"2022-12-12T22:21:51","guid":{"rendered":"https:\/\/www.ecuadortimes.net\/es\/?p=261158"},"modified":"2022-12-12T22:21:51","modified_gmt":"2022-12-12T22:21:51","slug":"la-exencion-de-visados-a-ecuador-afectada-por-escandalo-en-qatar","status":"publish","type":"post","link":"https:\/\/www.ecuadortimes.net\/es\/la-exencion-de-visados-a-ecuador-afectada-por-escandalo-en-qatar\/","title":{"rendered":"La exenci\u00f3n de visados a Ecuador, afectada por esc\u00e1ndalo en Qatar"},"content":{"rendered":"<div class=\"entry__content pw-ctt tbl-forkorts-article\">\n<p>La decisi\u00f3n del <strong>Parlamento Europeo <\/strong>(PE) de negociar eximir a los ciudadanos ecuatorianos de un<strong> visado para viajes cortos <\/strong>en el espacio Schengen de libre circulaci\u00f3n, que incluye a la mayor\u00eda de los pa\u00edses de la UE, se ver\u00e1 afectada por el presunto caso de corrupci\u00f3n en la Euroc\u00e1mara ligado a Qatar que estall\u00f3 el pasado viernes.<\/p>\n<div id=\"attachment_261159\" style=\"width: 710px\" class=\"wp-caption alignnone\"><img aria-describedby=\"caption-attachment-261159\" loading=\"lazy\" class=\"size-full wp-image-261159\" src=\"https:\/\/www.ecuadortimes.net\/es\/wp-content\/uploads\/2022\/12\/ecuador-times-ecuador-news-the-exemption-of-visas-to-ecuador-affected-by-the-scandal-in-qatar.jpg\" alt=\"\" width=\"700\" height=\"391\" \/><p id=\"caption-attachment-261159\" class=\"wp-caption-text\">Imagen referencial. Los supuestos delitos de corrupci\u00f3n podr\u00edan afectar a Ecuador.<\/p><\/div>\n<p>Seg\u00fan confirman fuentes parlamentarias a EFE, la liberalizaci\u00f3n de visados a qatar, que ser\u00e1 previsiblemente suspendida a la luz de las revelaciones sobre <strong>supuestos sobornos<\/strong> de este pa\u00eds a miembros de la Euroc\u00e1mara, forma parte de un paquete \u00fanico que incluye tambi\u00e9n los visados de Ecuador, Om\u00e1n y Kuwait.<\/p>\n<p>As\u00ed, el Parlamento Europeo tomar\u00e1 una <strong>decisi\u00f3n \u00fanica <\/strong>para los cuatro pa\u00edses y, a priori, Ecuador tendr\u00eda que esperar a que se resuelva el caso catar\u00ed o a que se modifique la propuesta antes de que se inicien las negociaciones sobre la exenci\u00f3n de visados para sus ciudadanos para estancias cortas en el espacio europeo sin fronteras Schengen.<\/p>\n<h2 id=\"h-hay-dos-vias-para-la-exencion\">Hay dos v\u00edas para la exenci\u00f3n<\/h2>\n<p>Los europarlamentarios tienen dos v\u00edas para suspender la decisi\u00f3n: una de ellas pasa por votar en contra de la misma este pr\u00f3ximo jueves, lo cual supondr\u00eda que<strong> el asunto se retomar\u00eda en enero<\/strong> de 2023 con la posibilidad de debatir y enmendar la propuesta original, de forma que Catar pueda retirarse del paquete para que prosperen las negociaciones para los otros tres pa\u00edses.<\/p>\n<p>La segunda v\u00eda significar\u00eda <strong>devolver el dossier a la comisi\u00f3n<\/strong> parlamentaria que lo ha tramitado hasta ahora, la de Libertades Civiles, que dispondr\u00eda de m\u00e1s tiempo para decidir qu\u00e9 hacer y tambi\u00e9n podr\u00eda modificar el texto original para sacar a Catar de la propuesta.<\/p>\n<p>El Parlamento Europeo, que tom\u00f3 la iniciativa de a\u00f1adir a Ecuador y Om\u00e1n a una propuesta inicial de Bruselas que solo inclu\u00eda a Catar y Kuwait, reconoce el compromiso de este pa\u00eds latinoamericano al respeto de los derechos humanos, aunque le pide m\u00e1s trabajo en las condiciones de sus c\u00e1rceles y los derechos de las mujeres, los pueblos ind\u00edgenas y los refugiados, entre otros aspectos.<\/p>\n<p>En cualquier caso, el futuro voto en la Euroc\u00e1mara sobre este asunto no supone la exoneraci\u00f3n de visados para los ciudadanos ecuatorianos de forma autom\u00e1tica, sino que valida la apertura de negociaciones con los pa\u00edses de la Uni\u00f3n Europea (UE) para definir las condiciones de esa liberalizaci\u00f3n.<\/p>\n<div class=\"tbl-read-more-box\">\n<p>&nbsp;<\/p>\n<\/div>\n<\/div>\n<p><a href=\"https:\/\/www.elcomercio.com\/actualidad\/mundo\/exencion-visados-ecuador-escandalo-qatar.html\">https:\/\/www.elcomercio.com\/actualidad\/mundo\/exencion-visados-ecuador-escandalo-qatar.html<\/a><\/p>\n","protected":false},"excerpt":{"rendered":"<p>La decisi\u00f3n del Parlamento Europeo (PE) de negociar eximir a los ciudadanos ecuatorianos de un visado para viajes cortos en el espacio Schengen de libre circulaci\u00f3n, que incluye a la mayor\u00eda de los pa\u00edses de la UE, se ver\u00e1 afectada por el presunto caso de corrupci\u00f3n en la Euroc\u00e1mara ligado a Qatar que estall\u00f3 el pasado viernes. Seg\u00fan confirman fuentes parlamentarias a EFE, la liberalizaci\u00f3n de visados a qatar, que ser\u00e1 previsiblemente suspendida a la luz de las revelaciones sobre supuestos sobornos de este pa\u00eds a miembros de la Euroc\u00e1mara, forma parte de un paquete \u00fanico que incluye tambi\u00e9n los visados de Ecuador, Om\u00e1n y Kuwait. As\u00ed, el Parlamento Europeo tomar\u00e1 una decisi\u00f3n \u00fanica para los cuatro pa\u00edses y, a priori, Ecuador tendr\u00eda que esperar a que se resuelva el caso catar\u00ed o a que se modifique la propuesta antes de que se inicien las negociaciones sobre la exenci\u00f3n de visados para sus ciudadanos para estancias cortas en el espacio europeo sin fronteras Schengen. Hay dos v\u00edas para la exenci\u00f3n Los europarlamentarios tienen dos v\u00edas para suspender la decisi\u00f3n: una de ellas pasa por votar en contra de la misma este pr\u00f3ximo jueves, lo cual supondr\u00eda que el asunto se retomar\u00eda en enero de 2023 con la posibilidad de debatir y enmendar la propuesta original, de forma que Catar pueda retirarse del paquete para que prosperen las negociaciones para los otros tres pa\u00edses. La segunda v\u00eda significar\u00eda devolver el dossier a la comisi\u00f3n parlamentaria que lo ha tramitado hasta ahora, la de Libertades Civiles, que dispondr\u00eda de m\u00e1s tiempo para decidir qu\u00e9 hacer y tambi\u00e9n podr\u00eda modificar el texto original para sacar a Catar de la propuesta. El Parlamento Europeo, que tom\u00f3 la iniciativa de a\u00f1adir a Ecuador y Om\u00e1n a una propuesta inicial de Bruselas que solo inclu\u00eda a Catar y Kuwait, reconoce el compromiso de este pa\u00eds latinoamericano al respeto de los derechos humanos, aunque le pide m\u00e1s trabajo en las condiciones de sus c\u00e1rceles y los derechos de las mujeres, los pueblos ind\u00edgenas y los refugiados, entre otros aspectos. En cualquier caso, el futuro voto en la Euroc\u00e1mara sobre este asunto no supone la exoneraci\u00f3n de visados para los ciudadanos ecuatorianos de forma autom\u00e1tica, sino que valida la apertura de negociaciones con los pa\u00edses de la Uni\u00f3n Europea (UE) para definir las condiciones de esa liberalizaci\u00f3n. &nbsp; https:\/\/www.elcomercio.com\/actualidad\/mundo\/exencion-visados-ecuador-escandalo-qatar.html<\/p>\n","protected":false},"author":1,"featured_media":261159,"comment_status":"closed","ping_status":"closed","sticky":false,"template":"","format":"standard","meta":[],"categories":[35,24],"tags":[],"_links":{"self":[{"href":"https:\/\/www.ecuadortimes.net\/es\/wp-json\/wp\/v2\/posts\/261158"}],"collection":[{"href":"https:\/\/www.ecuadortimes.net\/es\/wp-json\/wp\/v2\/posts"}],"about":[{"href":"https:\/\/www.ecuadortimes.net\/es\/wp-json\/wp\/v2\/types\/post"}],"author":[{"embeddable":true,"href":"https:\/\/www.ecuadortimes.net\/es\/wp-json\/wp\/v2\/users\/1"}],"replies":[{"embeddable":true,"href":"https:\/\/www.ecuadortimes.net\/es\/wp-json\/wp\/v2\/comments?post=261158"}],"version-history":[{"count":2,"href":"https:\/\/www.ecuadortimes.net\/es\/wp-json\/wp\/v2\/posts\/261158\/revisions"}],"predecessor-version":[{"id":261161,"href":"https:\/\/www.ecuadortimes.net\/es\/wp-json\/wp\/v2\/posts\/261158\/revisions\/261161"}],"wp:featuredmedia":[{"embeddable":true,"href":"https:\/\/www.ecuadortimes.net\/es\/wp-json\/wp\/v2\/media\/261159"}],"wp:attachment":[{"href":"https:\/\/www.ecuadortimes.net\/es\/wp-json\/wp\/v2\/media?parent=261158"}],"wp:term":[{"taxonomy":"category","embeddable":true,"href":"https:\/\/www.ecuadortimes.net\/es\/wp-json\/wp\/v2\/categories?post=261158"},{"taxonomy":"post_tag","embeddable":true,"href":"https:\/\/www.ecuadortimes.net\/es\/wp-json\/wp\/v2\/tags?post=261158"}],"curies":[{"name":"wp","href":"https:\/\/api.w.org\/{rel}","templated":true}]}}