{"id":261162,"date":"2022-12-13T22:33:47","date_gmt":"2022-12-13T22:33:47","guid":{"rendered":"https:\/\/www.ecuadortimes.net\/es\/?p=261162"},"modified":"2022-12-13T22:33:47","modified_gmt":"2022-12-13T22:33:47","slug":"retiro-de-visa-schengen-los-escenarios-que-le-quedan-a-ecuador","status":"publish","type":"post","link":"https:\/\/www.ecuadortimes.net\/es\/retiro-de-visa-schengen-los-escenarios-que-le-quedan-a-ecuador\/","title":{"rendered":"Retiro de visa Schengen: los escenarios que le quedan a Ecuador"},"content":{"rendered":"<div id=\"entry-content-inarticle\" class=\"entry-content\">\n<h3 class=\"noticia__entradilla\">La campa\u00f1a diplom\u00e1tica de Ecuador para lograr la exoneraci\u00f3n de la visa Schengen se top\u00f3 con un contratiempo: Qatar empa\u00f1\u00f3 el proceso con presuntos actos de corrupci\u00f3n.<\/h3>\n<div id=\"attachment_261163\" style=\"width: 1034px\" class=\"wp-caption alignnone\"><img aria-describedby=\"caption-attachment-261163\" loading=\"lazy\" class=\"size-full wp-image-261163\" src=\"https:\/\/www.ecuadortimes.net\/es\/wp-content\/uploads\/2022\/12\/ecuador-times-ecuador-news-withdrawal-of-the-schengen-visa-the-scenarios-that-remain-for-ecuador.jpg\" alt=\"\" width=\"1024\" height=\"574\" \/><p id=\"caption-attachment-261163\" class=\"wp-caption-text\">La presidenta del Parlamento Europeo habla sobre el caso de corrupci\u00f3n relacionado con Qatar, el 12 de diciembre de 2022, en Francia.<\/p><\/div>\n<p class=\"selectionShareable\">Las supuestas acciones ilegales de Qatar golpearon el proceso que Ecuador lleva ante de la Uni\u00f3n Europea (UE) para conseguir la<strong> exenci\u00f3n de la visa Schengen<\/strong>, de corta estancia, para los ecuatorianos.<\/p>\n<p class=\"selectionShareable\">Estaba previsto que el Parlamento Europeo (PE) vote sobre un paquete \u00fanico de exenciones esta semana. Ah\u00ed se deb\u00edan tratar las solicitudes de Qatar y Kuwait, a las que se anexaron las de <strong>Ecuador y Om\u00e1n<\/strong>.<\/p>\n<p class=\"selectionShareable\">Pero <strong>el esc\u00e1ndalo de corrupci\u00f3n<\/strong> sobre unos presuntos sobornos de Qatar a algunos miembros del Parlamento puso un alto al proceso. Previamente, el tr\u00e1mite ya hab\u00eda sufrido un tropiezo y retraso por las <a href=\"https:\/\/www.europapress.es\/internacional\/noticia-kuwait-ejecuta-siete-personas-condenadas-asesinato-otros-delitos-20221116113148.html\" target=\"_blank\" rel=\"noreferrer noopener\">ejecuciones en Kuwait<\/a> a siete personas condenadas por asesinato y otros delitos.<\/p>\n<div id=\"center1\" class=\"desktop banner_large banner_pc\" style=\"display: none;\" data-google-query-id=\"CMi5rKvQ9_sCFRYYwQodW38N8w\">\n<div id=\"google_ads_iframe_21814064744\/primicias\/center1_0__container__\" style=\"border: 0pt none; width: 728px; height: 0px;\"><\/div>\n<\/div>\n<p class=\"selectionShareable\">De todas formas, la presidenta del Parlamento, Roberta Metsola, dijo que <strong>el paquete regresar\u00e1 a la Comisi\u00f3n de Libertades Civiles<\/strong>, que hab\u00eda aprobado inicialmente el informe para la exenci\u00f3n.<\/p>\n<p class=\"selectionShareable\">Esa decisi\u00f3n fue respaldada por el pleno y la eurodiputada, adem\u00e1s, afirm\u00f3 que no habr\u00e1 impunidad en el caso y anunci\u00f3 una investigaci\u00f3n interna.<\/p>\n<p class=\"selectionShareable\">El duro golpe a la democracia europea, como lo llamaron la mayor\u00eda de eurodiputados, <strong>le costar\u00e1 el proceso a Qatar<\/strong>. Erik Marquardt, parte de la Comisi\u00f3n, dijo que el proceso para ese pa\u00eds no continuar\u00e1. Aunque el pa\u00eds \u00e1rabe niega cualquier v\u00ednculo con el caso.<\/p>\n<figure class=\"wp-block-embed is-type-rich is-provider-twitter wp-block-embed-twitter\">\n<div class=\"wp-block-embed__wrapper\">\n<div class=\"twitter-tweet twitter-tweet-rendered\" style=\"display: flex; max-width: 500px; width: 100%; margin-top: 10px; margin-bottom: 10px;\"><iframe id=\"twitter-widget-0\" class=\"\" style=\"position: static; visibility: visible; width: 500px; height: 664px; display: block; flex-grow: 1;\" title=\"Twitter Tweet\" src=\"https:\/\/platform.twitter.com\/embed\/Tweet.html?dnt=true&amp;embedId=twitter-widget-0&amp;features=eyJ0ZndfdGltZWxpbmVfbGlzdCI6eyJidWNrZXQiOlsibGlua3RyLmVlIiwidHIuZWUiLCJ0ZXJyYS5jb20uYnIiLCJ3d3cubGlua3RyLmVlIiwid3d3LnRyLmVlIiwid3d3LnRlcnJhLmNvbS5iciJdLCJ2ZXJzaW9uIjpudWxsfSwidGZ3X2hvcml6b25fdGltZWxpbmVfMTIwMzQiOnsiYnVja2V0IjoidHJlYXRtZW50IiwidmVyc2lvbiI6bnVsbH0sInRmd190d2VldF9lZGl0X2JhY2tlbmQiOnsiYnVja2V0Ijoib24iLCJ2ZXJzaW9uIjpudWxsfSwidGZ3X3JlZnNyY19zZXNzaW9uIjp7ImJ1Y2tldCI6Im9uIiwidmVyc2lvbiI6bnVsbH0sInRmd19zaG93X2J1c2luZXNzX3ZlcmlmaWVkX2JhZGdlIjp7ImJ1Y2tldCI6Im9uIiwidmVyc2lvbiI6bnVsbH0sInRmd19jaGluX3BpbGxzXzE0NzQxIjp7ImJ1Y2tldCI6ImNvbG9yX2ljb25zIiwidmVyc2lvbiI6bnVsbH0sInRmd190d2VldF9yZXN1bHRfbWlncmF0aW9uXzEzOTc5Ijp7ImJ1Y2tldCI6InR3ZWV0X3Jlc3VsdCIsInZlcnNpb24iOm51bGx9LCJ0Zndfc2Vuc2l0aXZlX21lZGlhX2ludGVyc3RpdGlhbF8xMzk2MyI6eyJidWNrZXQiOiJpbnRlcnN0aXRpYWwiLCJ2ZXJzaW9uIjpudWxsfSwidGZ3X2V4cGVyaW1lbnRzX2Nvb2tpZV9leHBpcmF0aW9uIjp7ImJ1Y2tldCI6MTIwOTYwMCwidmVyc2lvbiI6bnVsbH0sInRmd19kdXBsaWNhdGVfc2NyaWJlc190b19zZXR0aW5ncyI6eyJidWNrZXQiOiJvbiIsInZlcnNpb24iOm51bGx9LCJ0ZndfdmlkZW9faGxzX2R5bmFtaWNfbWFuaWZlc3RzXzE1MDgyIjp7ImJ1Y2tldCI6InRydWVfYml0cmF0ZSIsInZlcnNpb24iOm51bGx9LCJ0Zndfc2hvd19ibHVlX3ZlcmlmaWVkX2JhZGdlIjp7ImJ1Y2tldCI6Im9uIiwidmVyc2lvbiI6bnVsbH0sInRmd19zaG93X2dvdl92ZXJpZmllZF9iYWRnZSI6eyJidWNrZXQiOiJvZmYiLCJ2ZXJzaW9uIjpudWxsfSwidGZ3X3Nob3dfYnVzaW5lc3NfYWZmaWxpYXRlX2JhZGdlIjp7ImJ1Y2tldCI6Im9mZiIsInZlcnNpb24iOm51bGx9LCJ0ZndfdHdlZXRfZWRpdF9mcm9udGVuZCI6eyJidWNrZXQiOiJvbiIsInZlcnNpb24iOm51bGx9fQ%3D%3D&amp;frame=false&amp;hideCard=false&amp;hideThread=false&amp;id=1601915371849670657&amp;lang=es&amp;origin=https%3A%2F%2Fwww.primicias.ec%2Fnoticias%2Fpolitica%2Fvisa-schengen-escenarios-ecuador%2F&amp;sessionId=2e9831ea66f31251fdd6adb08c883fb6b332aaea&amp;siteScreenName=primicias&amp;theme=light&amp;widgetsVersion=a3525f077c700%3A1667415560940&amp;width=500px\" frameborder=\"0\" scrolling=\"no\" allowfullscreen=\"allowfullscreen\" data-tweet-id=\"1601915371849670657\"><\/iframe><\/div>\n<p><script data-minify=\"1\" async=\"\" src=\"https:\/\/www.primicias.ec\/wp-content\/cache\/min\/1\/widgets.js?ver=1670929246\" charset=\"utf-8\"><\/script><\/p>\n<\/div>\n<\/figure>\n<h2>Las v\u00edas parlamentarias<\/h2>\n<p class=\"selectionShareable\">La votaci\u00f3n del Parlamento, de este 12 de diciembre, deja <strong>en manos de la Comisi\u00f3n de Libertades Civiles<\/strong> la decisi\u00f3n sobre el paquete de exenciones.<\/p>\n<p class=\"selectionShareable\">El grupo legislativo dispondr\u00e1 de m\u00e1s tiempo para decidir qu\u00e9 hacer.<\/p>\n<ul>\n<li><strong>Escenario 1<\/strong><\/li>\n<\/ul>\n<p class=\"selectionShareable\">Una de las posibilidades ser\u00eda modificar el texto original de la propuesta, para <strong>sacar a Catar<\/strong>. Y que, bajo una enmienda, el paquete con los procesos de Kuwait, Ecuador y Om\u00e1n regrese al pleno parlamentario.<\/p>\n<p class=\"selectionShareable\">En este escenario, se espera que haya una <strong>votaci\u00f3n del organismo en enero<\/strong>, para hacer las modificaciones y remitir, nuevamente, la propuesta al Parlamento, que podr\u00eda debatirlo tambi\u00e9n a mediados de ese mismo mes.<\/p>\n<ul>\n<li><strong>Escenario 2<\/strong><\/li>\n<\/ul>\n<p class=\"selectionShareable\">El escenario m\u00e1s negativo es que la Euroc\u00e1mara rechace todo el dosier y que los peticionarios deban retomar sus intenciones en la siguiente oportunidad que, seg\u00fan los c\u00e1lculos del representante de la Uni\u00f3n Europea en Ecuador, podr\u00eda ser en dos o tres a\u00f1os m\u00e1s.<\/p>\n<p class=\"selectionShareable\">Si, finalmente, el paquete llega, nuevamente, al pleno parlamentario y recibe su benepl\u00e1cito, en ese momento <strong>empezar\u00e1n las negociaciones<\/strong> de un acuerdo con la Uni\u00f3n Europea, para definir las condiciones de la liberalizaci\u00f3n de la visa Schengen.<\/p>\n<p class=\"selectionShareable\">Adem\u00e1s, Ecuador tendr\u00e1 que pasar por <strong>un proceso de evaluaci\u00f3n<\/strong>, que deb\u00eda haberse hecho inicialmente, pero se posterg\u00f3 porque el pa\u00eds entr\u00f3 al proceso cuando este ya hab\u00eda arrancado.<\/p>\n<h2>Ecuador ante la UE<\/h2>\n<p class=\"selectionShareable\">El Parlamento Europeo, que tom\u00f3 la iniciativa de a\u00f1adir a Ecuador y Om\u00e1n, a la propuesta inicial de Bruselas, <strong>reconoce el compromiso de Ecuador<\/strong> al respeto de los derechos humanos y su campa\u00f1a diplom\u00e1tica para impulsar la petici\u00f3n del retiro de visas.<\/p>\n<p class=\"selectionShareable\">Sin embargo, la Euroc\u00e1mara s\u00ed espera un mayor trabajo del gobierno del presidente Guillermo Lasso en <strong>las condiciones de las c\u00e1rceles y los derechos de las mujeres<\/strong>, los pueblos ind\u00edgenas y los refugiados.<\/p>\n<p class=\"selectionShareable\">Por ello, este 13 de diciembre, la comisaria europea de Interior, Ylva Johansson, aclar\u00f3 que Ecuador \u201cha hecho un progreso significativo, pero hay <strong>a\u00fan pasos importantes que se tienen que adoptar<\/strong>\u201d antes de un posible retiro de visas.<\/p>\n<p class=\"selectionShareable\">Y agreg\u00f3 que la Comisi\u00f3n no cree que Ecuador ni Om\u00e1n est\u00e9n listos para recibir el beneficio. En el caso de Ecuador, el principal problema es <strong>el alto \u00edndice de solicitudes de visa rechazadas<\/strong>.<\/p>\n<p class=\"selectionShareable\"><em>Nota publicada inicialmente el 13 de diciembre de 2022, a las 05:29, y actualizada a las 11:30, con la versi\u00f3n de la comisionada Ylva Johansson.<\/em><\/p>\n<div class=\"noticia__single__enlaces\"><\/div>\n<\/div>\n<p><a href=\"https:\/\/www.primicias.ec\/noticias\/politica\/visa-schengen-escenarios-ecuador\/\">https:\/\/www.primicias.ec\/noticias\/politica\/visa-schengen-escenarios-ecuador\/<\/a><\/p>\n","protected":false},"excerpt":{"rendered":"<p>La campa\u00f1a diplom\u00e1tica de Ecuador para lograr la exoneraci\u00f3n de la visa Schengen se top\u00f3 con un contratiempo: Qatar empa\u00f1\u00f3 el proceso con presuntos actos de corrupci\u00f3n. Las supuestas acciones ilegales de Qatar golpearon el proceso que Ecuador lleva ante de la Uni\u00f3n Europea (UE) para conseguir la exenci\u00f3n de la visa Schengen, de corta estancia, para los ecuatorianos. Estaba previsto que el Parlamento Europeo (PE) vote sobre un paquete \u00fanico de exenciones esta semana. Ah\u00ed se deb\u00edan tratar las solicitudes de Qatar y Kuwait, a las que se anexaron las de Ecuador y Om\u00e1n. Pero el esc\u00e1ndalo de corrupci\u00f3n sobre unos presuntos sobornos de Qatar a algunos miembros del Parlamento puso un alto al proceso. Previamente, el tr\u00e1mite ya hab\u00eda sufrido un tropiezo y retraso por las ejecuciones en Kuwait a siete personas condenadas por asesinato y otros delitos. De todas formas, la presidenta del Parlamento, Roberta Metsola, dijo que el paquete regresar\u00e1 a la Comisi\u00f3n de Libertades Civiles, que hab\u00eda aprobado inicialmente el informe para la exenci\u00f3n. Esa decisi\u00f3n fue respaldada por el pleno y la eurodiputada, adem\u00e1s, afirm\u00f3 que no habr\u00e1 impunidad en el caso y anunci\u00f3 una investigaci\u00f3n interna. El duro golpe a la democracia europea, como lo llamaron la mayor\u00eda de eurodiputados, le costar\u00e1 el proceso a Qatar. Erik Marquardt, parte de la Comisi\u00f3n, dijo que el proceso para ese pa\u00eds no continuar\u00e1. Aunque el pa\u00eds \u00e1rabe niega cualquier v\u00ednculo con el caso. Las v\u00edas parlamentarias La votaci\u00f3n del Parlamento, de este 12 de diciembre, deja en manos de la Comisi\u00f3n de Libertades Civiles la decisi\u00f3n sobre el paquete de exenciones. El grupo legislativo dispondr\u00e1 de m\u00e1s tiempo para decidir qu\u00e9 hacer. Escenario 1 Una de las posibilidades ser\u00eda modificar el texto original de la propuesta, para sacar a Catar. Y que, bajo una enmienda, el paquete con los procesos de Kuwait, Ecuador y Om\u00e1n regrese al pleno parlamentario. En este escenario, se espera que haya una votaci\u00f3n del organismo en enero, para hacer las modificaciones y remitir, nuevamente, la propuesta al Parlamento, que podr\u00eda debatirlo tambi\u00e9n a mediados de ese mismo mes. Escenario 2 El escenario m\u00e1s negativo es que la Euroc\u00e1mara rechace todo el dosier y que los peticionarios deban retomar sus intenciones en la siguiente oportunidad que, seg\u00fan los c\u00e1lculos del representante de la Uni\u00f3n Europea en Ecuador, podr\u00eda ser en dos o tres a\u00f1os m\u00e1s. Si, finalmente, el paquete llega, nuevamente, al pleno parlamentario y recibe su benepl\u00e1cito, en ese momento empezar\u00e1n las negociaciones de un acuerdo con la Uni\u00f3n Europea, para definir las condiciones de la liberalizaci\u00f3n de la visa Schengen. Adem\u00e1s, Ecuador tendr\u00e1 que pasar por un proceso de evaluaci\u00f3n, que deb\u00eda haberse hecho inicialmente, pero se posterg\u00f3 porque el pa\u00eds entr\u00f3 al proceso cuando este ya hab\u00eda arrancado. Ecuador ante la UE El Parlamento Europeo, que tom\u00f3 la iniciativa de a\u00f1adir a Ecuador y Om\u00e1n, a la propuesta inicial de Bruselas, reconoce el compromiso de Ecuador al respeto de los derechos humanos y su campa\u00f1a diplom\u00e1tica para impulsar la petici\u00f3n del retiro de visas. Sin embargo, la Euroc\u00e1mara s\u00ed espera un mayor trabajo del gobierno del presidente Guillermo Lasso en las condiciones de las c\u00e1rceles y los derechos de las mujeres, los pueblos ind\u00edgenas y los refugiados. Por ello, este 13 de diciembre, la comisaria europea de Interior, Ylva Johansson, aclar\u00f3 que Ecuador \u201cha hecho un progreso significativo, pero hay a\u00fan pasos importantes que se tienen que adoptar\u201d antes de un posible retiro de visas. Y agreg\u00f3 que la Comisi\u00f3n no cree que Ecuador ni Om\u00e1n est\u00e9n listos para recibir el beneficio. En el caso de Ecuador, el principal problema es el alto \u00edndice de solicitudes de visa rechazadas. Nota publicada inicialmente el 13 de diciembre de 2022, a las 05:29, y actualizada a las 11:30, con la versi\u00f3n de la comisionada Ylva Johansson. https:\/\/www.primicias.ec\/noticias\/politica\/visa-schengen-escenarios-ecuador\/<\/p>\n","protected":false},"author":1,"featured_media":261163,"comment_status":"closed","ping_status":"closed","sticky":false,"template":"","format":"standard","meta":[],"categories":[40,23],"tags":[],"_links":{"self":[{"href":"https:\/\/www.ecuadortimes.net\/es\/wp-json\/wp\/v2\/posts\/261162"}],"collection":[{"href":"https:\/\/www.ecuadortimes.net\/es\/wp-json\/wp\/v2\/posts"}],"about":[{"href":"https:\/\/www.ecuadortimes.net\/es\/wp-json\/wp\/v2\/types\/post"}],"author":[{"embeddable":true,"href":"https:\/\/www.ecuadortimes.net\/es\/wp-json\/wp\/v2\/users\/1"}],"replies":[{"embeddable":true,"href":"https:\/\/www.ecuadortimes.net\/es\/wp-json\/wp\/v2\/comments?post=261162"}],"version-history":[{"count":1,"href":"https:\/\/www.ecuadortimes.net\/es\/wp-json\/wp\/v2\/posts\/261162\/revisions"}],"predecessor-version":[{"id":261164,"href":"https:\/\/www.ecuadortimes.net\/es\/wp-json\/wp\/v2\/posts\/261162\/revisions\/261164"}],"wp:featuredmedia":[{"embeddable":true,"href":"https:\/\/www.ecuadortimes.net\/es\/wp-json\/wp\/v2\/media\/261163"}],"wp:attachment":[{"href":"https:\/\/www.ecuadortimes.net\/es\/wp-json\/wp\/v2\/media?parent=261162"}],"wp:term":[{"taxonomy":"category","embeddable":true,"href":"https:\/\/www.ecuadortimes.net\/es\/wp-json\/wp\/v2\/categories?post=261162"},{"taxonomy":"post_tag","embeddable":true,"href":"https:\/\/www.ecuadortimes.net\/es\/wp-json\/wp\/v2\/tags?post=261162"}],"curies":[{"name":"wp","href":"https:\/\/api.w.org\/{rel}","templated":true}]}}