{"id":261168,"date":"2022-12-14T22:06:51","date_gmt":"2022-12-14T22:06:51","guid":{"rendered":"https:\/\/www.ecuadortimes.net\/es\/?p=261168"},"modified":"2022-12-14T22:06:51","modified_gmt":"2022-12-14T22:06:51","slug":"parlamento-europeo-habria-acordado-incluir-a-ecuador-en-regimen-de-exencion-de-visa-schengen","status":"publish","type":"post","link":"https:\/\/www.ecuadortimes.net\/es\/parlamento-europeo-habria-acordado-incluir-a-ecuador-en-regimen-de-exencion-de-visa-schengen\/","title":{"rendered":"Parlamento europeo habr\u00eda acordado incluir a Ecuador en r\u00e9gimen de exenci\u00f3n de visa Schengen"},"content":{"rendered":"<div class=\"itemFullText\">\n<p>El Parlamento Europeo acord\u00f3 incluir a Ecuador en el r\u00e9gimen de exenci\u00f3n de la visa Schengen. Lo explic\u00f3\u00a0el eurodiputado Javier Zarzalejos Nieto.<\/p>\n<div id=\"attachment_261169\" style=\"width: 1210px\" class=\"wp-caption alignnone\"><img aria-describedby=\"caption-attachment-261169\" loading=\"lazy\" class=\"size-full wp-image-261169\" src=\"https:\/\/www.ecuadortimes.net\/es\/wp-content\/uploads\/2022\/12\/ecuador-times-ecuador-news-european-parliament-would-have-agreed-to-include-ecuador-in-the-schengen-visa-exemption-regime.jpg\" alt=\"\" width=\"1200\" height=\"810\" srcset=\"https:\/\/www.ecuadortimes.net\/es\/wp-content\/uploads\/2022\/12\/ecuador-times-ecuador-news-european-parliament-would-have-agreed-to-include-ecuador-in-the-schengen-visa-exemption-regime.jpg 1200w, https:\/\/www.ecuadortimes.net\/es\/wp-content\/uploads\/2022\/12\/ecuador-times-ecuador-news-european-parliament-would-have-agreed-to-include-ecuador-in-the-schengen-visa-exemption-regime-75x52.jpg 75w\" sizes=\"(max-width: 1200px) 100vw, 1200px\" \/><p id=\"caption-attachment-261169\" class=\"wp-caption-text\">Parlamento europeo habr\u00eda acordado incluir a Ecuador en r\u00e9gimen de exenci\u00f3n de visa Schengen.<\/p><\/div>\n<p>&#8220;Los servicios de la Comisi\u00f3n tienen tres meses para hacer la evaluaci\u00f3n t\u00e9cnica, pero la decisi\u00f3n pol\u00edtica y legislativa ya est\u00e1 tomada&#8221;, refiri\u00f3 Zarzalejos Nieto, en rechazo a lo que dijo Ylva Johannson.\u00a0Ella se\u00f1al\u00f3 que \u201cEcuador no est\u00e1 listo\u201d para formar parte de la lista de pa\u00edses que no necesiten la visa.<\/p>\n<p>&#8220;Ella no puede hablar en nombre del Parlamento ni anticipar una evaluaci\u00f3n que la Comisi\u00f3n no ha hecho todav\u00eda&#8221;, asegur\u00f3 Zarzalejos Nieto.<\/p>\n<p>El debate sobre la exenci\u00f3n de la visa Schengen para ciudadanos ecuatorianos se desarrollar\u00e1 en enero de 2023. En una primera instancia, la decisi\u00f3n deb\u00eda tomarse en las \u00faltimas dos semanas del a\u00f1o, pero el esc\u00e1ndalo de corrupci\u00f3n de quien fuera vicepresidenta del Parlamento Europeo, Eva Kaili, retras\u00f3 el proceso.<\/p>\n<\/div>\n<p><a href=\"https:\/\/www.eltelegrafo.com.ec\/noticias\/actualidad\/44\/parlamento-europeo-habria-acordado-incluir-a-ecuador-en-regimen-de-exencion-de-visa-schengen\">https:\/\/www.eltelegrafo.com.ec\/noticias\/actualidad\/44\/parlamento-europeo-habria-acordado-incluir-a-ecuador-en-regimen-de-exencion-de-visa-schengen<\/a><\/p>\n","protected":false},"excerpt":{"rendered":"<p>El Parlamento Europeo acord\u00f3 incluir a Ecuador en el r\u00e9gimen de exenci\u00f3n de la visa Schengen. Lo explic\u00f3\u00a0el eurodiputado Javier Zarzalejos Nieto. &#8220;Los servicios de la Comisi\u00f3n tienen tres meses para hacer la evaluaci\u00f3n t\u00e9cnica, pero la decisi\u00f3n pol\u00edtica y legislativa ya est\u00e1 tomada&#8221;, refiri\u00f3 Zarzalejos Nieto, en rechazo a lo que dijo Ylva Johannson.\u00a0Ella se\u00f1al\u00f3 que \u201cEcuador no est\u00e1 listo\u201d para formar parte de la lista de pa\u00edses que no necesiten la visa. &#8220;Ella no puede hablar en nombre del Parlamento ni anticipar una evaluaci\u00f3n que la Comisi\u00f3n no ha hecho todav\u00eda&#8221;, asegur\u00f3 Zarzalejos Nieto. El debate sobre la exenci\u00f3n de la visa Schengen para ciudadanos ecuatorianos se desarrollar\u00e1 en enero de 2023. En una primera instancia, la decisi\u00f3n deb\u00eda tomarse en las \u00faltimas dos semanas del a\u00f1o, pero el esc\u00e1ndalo de corrupci\u00f3n de quien fuera vicepresidenta del Parlamento Europeo, Eva Kaili, retras\u00f3 el proceso. https:\/\/www.eltelegrafo.com.ec\/noticias\/actualidad\/44\/parlamento-europeo-habria-acordado-incluir-a-ecuador-en-regimen-de-exencion-de-visa-schengen<\/p>\n","protected":false},"author":1,"featured_media":261169,"comment_status":"closed","ping_status":"closed","sticky":false,"template":"","format":"standard","meta":[],"categories":[40,23],"tags":[],"_links":{"self":[{"href":"https:\/\/www.ecuadortimes.net\/es\/wp-json\/wp\/v2\/posts\/261168"}],"collection":[{"href":"https:\/\/www.ecuadortimes.net\/es\/wp-json\/wp\/v2\/posts"}],"about":[{"href":"https:\/\/www.ecuadortimes.net\/es\/wp-json\/wp\/v2\/types\/post"}],"author":[{"embeddable":true,"href":"https:\/\/www.ecuadortimes.net\/es\/wp-json\/wp\/v2\/users\/1"}],"replies":[{"embeddable":true,"href":"https:\/\/www.ecuadortimes.net\/es\/wp-json\/wp\/v2\/comments?post=261168"}],"version-history":[{"count":1,"href":"https:\/\/www.ecuadortimes.net\/es\/wp-json\/wp\/v2\/posts\/261168\/revisions"}],"predecessor-version":[{"id":261170,"href":"https:\/\/www.ecuadortimes.net\/es\/wp-json\/wp\/v2\/posts\/261168\/revisions\/261170"}],"wp:featuredmedia":[{"embeddable":true,"href":"https:\/\/www.ecuadortimes.net\/es\/wp-json\/wp\/v2\/media\/261169"}],"wp:attachment":[{"href":"https:\/\/www.ecuadortimes.net\/es\/wp-json\/wp\/v2\/media?parent=261168"}],"wp:term":[{"taxonomy":"category","embeddable":true,"href":"https:\/\/www.ecuadortimes.net\/es\/wp-json\/wp\/v2\/categories?post=261168"},{"taxonomy":"post_tag","embeddable":true,"href":"https:\/\/www.ecuadortimes.net\/es\/wp-json\/wp\/v2\/tags?post=261168"}],"curies":[{"name":"wp","href":"https:\/\/api.w.org\/{rel}","templated":true}]}}