{"id":261171,"date":"2022-12-14T22:29:27","date_gmt":"2022-12-14T22:29:27","guid":{"rendered":"https:\/\/www.ecuadortimes.net\/es\/?p=261171"},"modified":"2022-12-14T22:29:27","modified_gmt":"2022-12-14T22:29:27","slug":"fmi-concluye-revision-de-acuerdo-y-desembolsara-usd-700-millones-a-ecuador","status":"publish","type":"post","link":"https:\/\/www.ecuadortimes.net\/es\/fmi-concluye-revision-de-acuerdo-y-desembolsara-usd-700-millones-a-ecuador\/","title":{"rendered":"FMI concluye revisi\u00f3n de acuerdo y desembolsar\u00e1 USD 700 millones a Ecuador"},"content":{"rendered":"<div class=\"entry__content pw-ctt tbl-forkorts-article\">\n<p>El Directorio Ejecutivo del Fondo Monetario Internacional (FMI) anunci\u00f3 que <strong>concluy\u00f3<\/strong> la sexta y \u00faltima revisi\u00f3n del Servicio Ampliado del Fondo (SAF) de 27 meses para Ecuador. Una de las primeras aciones que tomar\u00e1 ser\u00e1 el <strong>desembolso inmediato<\/strong> de US$700 millones.<\/p>\n<div id=\"attachment_261172\" style=\"width: 710px\" class=\"wp-caption alignnone\"><img aria-describedby=\"caption-attachment-261172\" loading=\"lazy\" class=\"size-full wp-image-261172\" src=\"https:\/\/www.ecuadortimes.net\/es\/wp-content\/uploads\/2022\/12\/ecuador-times-ecuador-news-imf-concludes-agreement-review-and-will-disburse-usd-700-million-to-ecuador.png\" alt=\"\" width=\"700\" height=\"391\" \/><p id=\"caption-attachment-261172\" class=\"wp-caption-text\">Imagen referencial. En imagen el ministro de Finanzas Pablo Arosemena.<\/p><\/div>\n<p>El programa econ\u00f3mico de Ecuador respaldado por el FEP &#8220;ha ayudado a estabilizar la econom\u00eda, ha fortalecido la sostenibilidad fiscal y de la deuda, ha reforzado las bases del r\u00e9gimen de <strong>dolarizaci\u00f3n<\/strong>, ha ampliado la cobertura de los programas de asistencia social para proteger a los vulnerables, ha promovido una gesti\u00f3n transparente y m\u00e1s eficiente de los recursos p\u00fablicos y ha sentado las bases para un <strong>crecimiento<\/strong> sostenible e inclusivo&#8221;, dice un documento publicado por el <strong>FMI<\/strong> en su web.<\/p>\n<h2 id=\"h-objetivos-cumplidos\">Objetivos cumplidos<\/h2>\n<p>&#8220;Ecuador ha alcanzado un hito importante con la <strong>finalizaci\u00f3n<\/strong> del <strong>programa<\/strong> respaldado por el FEP, la primera finalizaci\u00f3n en dos d\u00e9cadas. El programa ha contribuido a mitigar los <strong>efectos<\/strong> socioecon\u00f3micos de la <strong>pandemia<\/strong> y otros shocks externos, manteniendo la estabilidad macroecon\u00f3mica&#8221;, dijo Antoinette Monsio Sayeh, Subdirectora Gerente del FMI.<\/p>\n<p>&#8220;Una gesti\u00f3n fiscal prudente permiti\u00f3 a las autoridades <strong>cumplir<\/strong> todos los criterios de rendimiento cuantitativo de finales de agosto de 2022 y se espera que el sector p\u00fablico logre su primer <strong>super\u00e1vit<\/strong> desde 2008. La red de seguridad social se reforz\u00f3 a\u00fan m\u00e1s y ahora llega a m\u00e1s del 80% de las familias de bajos ingresos, incluso en zonas remotas&#8221;, agreg\u00f3 Sayeh.<\/p>\n<h2 id=\"h-actividad-del-fmi-en-ecuador\">Actividad del FMI en Ecuador<\/h2>\n<p>Los representantes del\u00a0<strong>Fondo Monetario Internac<\/strong>ional (FMI) cumplen una agenda de\u00a0<strong>actividades en Ecuador<\/strong>, como parte del programa de revisi\u00f3n del acuerdo con el pa\u00eds.<\/p>\n<p>El pasado 9 de diciembre de 2022, miembros del multilateral y del\u00a0<strong>Banco Mundial (BM)\u00a0<\/strong>se reunieron con el gerente general del Banco del Instituto Ecuatoriano de Seguridad Social (Biess), Carlos Julio Arosemena.<\/p>\n<p>El objetivo del encuentro fue exponer a los representantes de los organismos internacionales, la estrategia financiera aplicada por el banco para la administraci\u00f3n de los fondos previsionales.<\/p>\n<p>Entre los temas espec\u00edficos desarrollados, se abord\u00f3 el marco normativo, el\u00a0<strong>sistema de fondeo del Biess<\/strong>. Adem\u00e1s, se abord\u00f3 la evoluci\u00f3n de estados financieros, el manejo de riesgos, la composici\u00f3n de las carteras de cr\u00e9dito y de inversi\u00f3n, la evoluci\u00f3n de los activos as\u00ed como los indicadores de rentabilidad, solvencia y liquidez de la entidad.<\/p>\n<div class=\"tbl-read-more-box\">\n<p>&nbsp;<\/p>\n<\/div>\n<\/div>\n<p><a href=\"https:\/\/www.elcomercio.com\/actualidad\/fmi-concluye-revision-de-acuerdo-y-desembolsara-usd-700-millones-a-ecuador.html\">https:\/\/www.elcomercio.com\/actualidad\/fmi-concluye-revision-de-acuerdo-y-desembolsara-usd-700-millones-a-ecuador.html<\/a><\/p>\n","protected":false},"excerpt":{"rendered":"<p>El Directorio Ejecutivo del Fondo Monetario Internacional (FMI) anunci\u00f3 que concluy\u00f3 la sexta y \u00faltima revisi\u00f3n del Servicio Ampliado del Fondo (SAF) de 27 meses para Ecuador. Una de las primeras aciones que tomar\u00e1 ser\u00e1 el desembolso inmediato de US$700 millones. El programa econ\u00f3mico de Ecuador respaldado por el FEP &#8220;ha ayudado a estabilizar la econom\u00eda, ha fortalecido la sostenibilidad fiscal y de la deuda, ha reforzado las bases del r\u00e9gimen de dolarizaci\u00f3n, ha ampliado la cobertura de los programas de asistencia social para proteger a los vulnerables, ha promovido una gesti\u00f3n transparente y m\u00e1s eficiente de los recursos p\u00fablicos y ha sentado las bases para un crecimiento sostenible e inclusivo&#8221;, dice un documento publicado por el FMI en su web. Objetivos cumplidos &#8220;Ecuador ha alcanzado un hito importante con la finalizaci\u00f3n del programa respaldado por el FEP, la primera finalizaci\u00f3n en dos d\u00e9cadas. El programa ha contribuido a mitigar los efectos socioecon\u00f3micos de la pandemia y otros shocks externos, manteniendo la estabilidad macroecon\u00f3mica&#8221;, dijo Antoinette Monsio Sayeh, Subdirectora Gerente del FMI. &#8220;Una gesti\u00f3n fiscal prudente permiti\u00f3 a las autoridades cumplir todos los criterios de rendimiento cuantitativo de finales de agosto de 2022 y se espera que el sector p\u00fablico logre su primer super\u00e1vit desde 2008. La red de seguridad social se reforz\u00f3 a\u00fan m\u00e1s y ahora llega a m\u00e1s del 80% de las familias de bajos ingresos, incluso en zonas remotas&#8221;, agreg\u00f3 Sayeh. Actividad del FMI en Ecuador Los representantes del\u00a0Fondo Monetario Internacional (FMI) cumplen una agenda de\u00a0actividades en Ecuador, como parte del programa de revisi\u00f3n del acuerdo con el pa\u00eds. El pasado 9 de diciembre de 2022, miembros del multilateral y del\u00a0Banco Mundial (BM)\u00a0se reunieron con el gerente general del Banco del Instituto Ecuatoriano de Seguridad Social (Biess), Carlos Julio Arosemena. El objetivo del encuentro fue exponer a los representantes de los organismos internacionales, la estrategia financiera aplicada por el banco para la administraci\u00f3n de los fondos previsionales. Entre los temas espec\u00edficos desarrollados, se abord\u00f3 el marco normativo, el\u00a0sistema de fondeo del Biess. Adem\u00e1s, se abord\u00f3 la evoluci\u00f3n de estados financieros, el manejo de riesgos, la composici\u00f3n de las carteras de cr\u00e9dito y de inversi\u00f3n, la evoluci\u00f3n de los activos as\u00ed como los indicadores de rentabilidad, solvencia y liquidez de la entidad. &nbsp; https:\/\/www.elcomercio.com\/actualidad\/fmi-concluye-revision-de-acuerdo-y-desembolsara-usd-700-millones-a-ecuador.html<\/p>\n","protected":false},"author":1,"featured_media":261172,"comment_status":"closed","ping_status":"closed","sticky":false,"template":"","format":"standard","meta":[],"categories":[43,24],"tags":[],"_links":{"self":[{"href":"https:\/\/www.ecuadortimes.net\/es\/wp-json\/wp\/v2\/posts\/261171"}],"collection":[{"href":"https:\/\/www.ecuadortimes.net\/es\/wp-json\/wp\/v2\/posts"}],"about":[{"href":"https:\/\/www.ecuadortimes.net\/es\/wp-json\/wp\/v2\/types\/post"}],"author":[{"embeddable":true,"href":"https:\/\/www.ecuadortimes.net\/es\/wp-json\/wp\/v2\/users\/1"}],"replies":[{"embeddable":true,"href":"https:\/\/www.ecuadortimes.net\/es\/wp-json\/wp\/v2\/comments?post=261171"}],"version-history":[{"count":1,"href":"https:\/\/www.ecuadortimes.net\/es\/wp-json\/wp\/v2\/posts\/261171\/revisions"}],"predecessor-version":[{"id":261173,"href":"https:\/\/www.ecuadortimes.net\/es\/wp-json\/wp\/v2\/posts\/261171\/revisions\/261173"}],"wp:featuredmedia":[{"embeddable":true,"href":"https:\/\/www.ecuadortimes.net\/es\/wp-json\/wp\/v2\/media\/261172"}],"wp:attachment":[{"href":"https:\/\/www.ecuadortimes.net\/es\/wp-json\/wp\/v2\/media?parent=261171"}],"wp:term":[{"taxonomy":"category","embeddable":true,"href":"https:\/\/www.ecuadortimes.net\/es\/wp-json\/wp\/v2\/categories?post=261171"},{"taxonomy":"post_tag","embeddable":true,"href":"https:\/\/www.ecuadortimes.net\/es\/wp-json\/wp\/v2\/tags?post=261171"}],"curies":[{"name":"wp","href":"https:\/\/api.w.org\/{rel}","templated":true}]}}