{"id":261174,"date":"2022-12-15T22:08:12","date_gmt":"2022-12-15T22:08:12","guid":{"rendered":"https:\/\/www.ecuadortimes.net\/es\/?p=261174"},"modified":"2022-12-15T22:08:12","modified_gmt":"2022-12-15T22:08:12","slug":"estados-unidos-incomodo-con-el-sistema-de-justicia-de-ecuador","status":"publish","type":"post","link":"https:\/\/www.ecuadortimes.net\/es\/estados-unidos-incomodo-con-el-sistema-de-justicia-de-ecuador\/","title":{"rendered":"Estados Unidos, inc\u00f3modo con el sistema de justicia de Ecuador"},"content":{"rendered":"<div id=\"entry-content-inarticle\" class=\"entry-content\">\n<h3 class=\"noticia__entradilla\">En un evento en la Universidad Andina, el embajador de Estados Unidos, Michael Fitzpatrick, critic\u00f3 el sistema de justicia ecuatoriano y el avance del narcotr\u00e1fico en el pa\u00eds. El canciller Holgu\u00edn defiende la cooperaci\u00f3n binacional.<\/h3>\n<div id=\"attachment_261175\" style=\"width: 1034px\" class=\"wp-caption alignnone\"><img aria-describedby=\"caption-attachment-261175\" loading=\"lazy\" class=\"size-full wp-image-261175\" src=\"https:\/\/www.ecuadortimes.net\/es\/wp-content\/uploads\/2022\/12\/ecuador-times-ecuador-news-united-states-uncomfortable-with-ecuador-justice-system.jpg\" alt=\"\" width=\"1024\" height=\"574\" \/><p id=\"caption-attachment-261175\" class=\"wp-caption-text\">El canciller Juan Carlos Holgu\u00edn junto al embajador de Estados Unidos en Ecuador, Michael Fitzpatrick, durante la visita del secretario de Seguridad, Alejandro Mayorkas, el 7 de diciembre de 2022.<\/p><\/div>\n<p class=\"selectionShareable\">El <strong>sistema de justicia ecuatoriano<\/strong> fue nuevamente cuestionado por <strong>Estados Unidos<\/strong>. Su embajador en Ecuador, <strong>Michael Fitzpatrick<\/strong>, hizo duras cr\u00edticas al respecto y al avance del narcotr\u00e1fico en el pa\u00eds.<\/p>\n<p class=\"selectionShareable\">Lo hace un a\u00f1o despu\u00e9s de la entrevista que concedi\u00f3 a <strong>PRIMICIAS<\/strong>, sobre su preocupaci\u00f3n por la presencia de <strong>&#8216;narco generales&#8217;<\/strong>\u00a0en Ecuador.<\/p>\n<p class=\"selectionShareable\">En el evento \u2018Jornada internacional: Iniciativas anticorrupci\u00f3n\u2019, de la <a href=\"https:\/\/twitter.com\/uasbecuador\/status\/1603045085024817156\" target=\"_blank\" rel=\"noreferrer noopener\"><strong>Universidad Andina<\/strong><\/a>, el diplom\u00e1tico estadounidense manifest\u00f3 que la <strong>pelea de los c\u00e1rteles<\/strong> no solo es por el control de las rutas y los puertos para la droga, sino tambi\u00e9n por el <strong>poder en la justicia<\/strong>.<\/p>\n<p class=\"selectionShareable\">De all\u00ed que cuestion\u00f3 el sistema judicial, e incluso ironiz\u00f3 sobre el proceso en \u00e9pocas de Pablo Escobar. \u201cAlguien me puede explicar por qu\u00e9 hay que<strong> notificar formalmente<\/strong> a un <strong>sospechoso<\/strong> de la <strong>apertura de un caso<\/strong> en plena etapa de la investigaci\u00f3n\u201d, se\u00f1al\u00f3.<\/p>\n<figure class=\"wp-block-embed is-type-rich is-provider-twitter wp-block-embed-twitter\">\n<div class=\"wp-block-embed__wrapper\">\n<div class=\"twitter-tweet twitter-tweet-rendered\" style=\"display: flex; max-width: 500px; width: 100%; margin-top: 10px; margin-bottom: 10px;\"><iframe id=\"twitter-widget-0\" class=\"\" style=\"position: static; visibility: visible; width: 500px; height: 621px; display: block; flex-grow: 1;\" title=\"Twitter Tweet\" src=\"https:\/\/platform.twitter.com\/embed\/Tweet.html?dnt=true&amp;embedId=twitter-widget-0&amp;features=eyJ0ZndfdGltZWxpbmVfbGlzdCI6eyJidWNrZXQiOlsibGlua3RyLmVlIiwidHIuZWUiLCJ0ZXJyYS5jb20uYnIiLCJ3d3cubGlua3RyLmVlIiwid3d3LnRyLmVlIiwid3d3LnRlcnJhLmNvbS5iciJdLCJ2ZXJzaW9uIjpudWxsfSwidGZ3X2hvcml6b25fdGltZWxpbmVfMTIwMzQiOnsiYnVja2V0IjoidHJlYXRtZW50IiwidmVyc2lvbiI6bnVsbH0sInRmd190d2VldF9lZGl0X2JhY2tlbmQiOnsiYnVja2V0Ijoib24iLCJ2ZXJzaW9uIjpudWxsfSwidGZ3X3JlZnNyY19zZXNzaW9uIjp7ImJ1Y2tldCI6Im9uIiwidmVyc2lvbiI6bnVsbH0sInRmd19zaG93X2J1c2luZXNzX3ZlcmlmaWVkX2JhZGdlIjp7ImJ1Y2tldCI6Im9uIiwidmVyc2lvbiI6bnVsbH0sInRmd19jaGluX3BpbGxzXzE0NzQxIjp7ImJ1Y2tldCI6ImNvbG9yX2ljb25zIiwidmVyc2lvbiI6bnVsbH0sInRmd190d2VldF9yZXN1bHRfbWlncmF0aW9uXzEzOTc5Ijp7ImJ1Y2tldCI6InR3ZWV0X3Jlc3VsdCIsInZlcnNpb24iOm51bGx9LCJ0Zndfc2Vuc2l0aXZlX21lZGlhX2ludGVyc3RpdGlhbF8xMzk2MyI6eyJidWNrZXQiOiJpbnRlcnN0aXRpYWwiLCJ2ZXJzaW9uIjpudWxsfSwidGZ3X2V4cGVyaW1lbnRzX2Nvb2tpZV9leHBpcmF0aW9uIjp7ImJ1Y2tldCI6MTIwOTYwMCwidmVyc2lvbiI6bnVsbH0sInRmd19kdXBsaWNhdGVfc2NyaWJlc190b19zZXR0aW5ncyI6eyJidWNrZXQiOiJvbiIsInZlcnNpb24iOm51bGx9LCJ0ZndfdmlkZW9faGxzX2R5bmFtaWNfbWFuaWZlc3RzXzE1MDgyIjp7ImJ1Y2tldCI6InRydWVfYml0cmF0ZSIsInZlcnNpb24iOm51bGx9LCJ0Zndfc2hvd19ibHVlX3ZlcmlmaWVkX2JhZGdlIjp7ImJ1Y2tldCI6Im9uIiwidmVyc2lvbiI6bnVsbH0sInRmd19zaG93X2dvdl92ZXJpZmllZF9iYWRnZSI6eyJidWNrZXQiOiJvZmYiLCJ2ZXJzaW9uIjpudWxsfSwidGZ3X3Nob3dfYnVzaW5lc3NfYWZmaWxpYXRlX2JhZGdlIjp7ImJ1Y2tldCI6Im9mZiIsInZlcnNpb24iOm51bGx9LCJ0ZndfdHdlZXRfZWRpdF9mcm9udGVuZCI6eyJidWNrZXQiOiJvbiIsInZlcnNpb24iOm51bGx9fQ%3D%3D&amp;frame=false&amp;hideCard=false&amp;hideThread=false&amp;id=1603135409952694272&amp;lang=es&amp;origin=https%3A%2F%2Fwww.primicias.ec%2Fnoticias%2Fpolitica%2Fecuador-estados-unidos-sistema-justicia%2F&amp;sessionId=25136ac416cec7b33c6b0927c75633ef5008a5a7&amp;siteScreenName=primicias&amp;theme=light&amp;widgetsVersion=a3525f077c700%3A1667415560940&amp;width=500px\" frameborder=\"0\" scrolling=\"no\" allowfullscreen=\"allowfullscreen\" data-tweet-id=\"1603135409952694272\"><\/iframe><\/div>\n<p><script data-minify=\"1\" async=\"\" src=\"https:\/\/www.primicias.ec\/wp-content\/cache\/min\/1\/widgets.js?ver=1671120624\" charset=\"utf-8\"><\/script><\/p>\n<\/div>\n<\/figure>\n<p class=\"selectionShareable\">Al respecto, el <strong>canciller Juan Carlos Holgu\u00edn <\/strong>resalt\u00f3 el trabajo conjunto contra esta problem\u00e1tica. \u201cTenemos una <strong>cooperaci\u00f3n importante con Estados Unidos<\/strong> en esta lucha\u201d, dijo en entrevista con Teleamazonas.<\/p>\n<p class=\"selectionShareable\">\u201cTuvimos hace unos d\u00edas la visita de embajadores de B\u00e9lgica y de Pa\u00edses Bajos, y en La Haya mantuvimos una reuni\u00f3n con Europol, para analizar el fen\u00f3meno de las estructuras criminales trasnacionales, que carcome las estructuras del poder convencional\u201d, sostuvo Holgu\u00edn.<\/p>\n<p class=\"selectionShareable\">Seg\u00fan el canciller, hay una mirada de unidad, en la comunidad internacional, para <strong>fortalecer los sistemas de justicia de Ecuador<\/strong>, que -agreg\u00f3- requiere \u201cfortalecimiento inmediato\u201d, en relaci\u00f3n a las <strong>estructuras<\/strong> de <strong>tr\u00e1fico de droga<\/strong> y de personas, as\u00ed como en las fronteras.<\/p>\n<p class=\"selectionShareable\">Tambi\u00e9n involucr\u00f3 a las estructuras que est\u00e1n detr\u00e1s de la <strong>migraci\u00f3n riesgosa <\/strong>y de la <strong>miner\u00eda ilegal<\/strong>. Estas \u201cpertenecen a las mismas estructuras criminales\u201d, enfatiz\u00f3.<\/p>\n<p class=\"selectionShareable\">Holgu\u00edn cuestion\u00f3, por ejemplo, que se dejara en libertad a <strong>Luis Alfredo A., alias \u2018Gordo Luis\u2019<\/strong>, cabecilla de <strong>Los Lobos<\/strong> y uno de los implicados en el asesinato del <strong>director de la c\u00e1rcel de El Inca<\/strong>, Santiago Loza.<\/p>\n<p class=\"selectionShareable\">\u201cEso da\u00f1a todo un trabajo objetivo y t\u00e9cnico de la fuerza p\u00fablica\u201d, asegur\u00f3.<\/p>\n<p class=\"selectionShareable\">Holgu\u00edn y Fitzpatrick coincidieron en que la propuesta del <strong>referendo<\/strong>, sobre la <strong>extradici\u00f3n<\/strong> de personas vinculadas al narcotr\u00e1fico, es una salida contra la impunidad.<\/p>\n<p class=\"selectionShareable\">\u201cHay personas que tienen pedidos de captura en Estados Unidos por narcotr\u00e1fico y que no pueden ser extraditados, porque cuando el presidente (Rafael) Correa lider\u00f3 el pa\u00eds, blind\u00f3 constitucionalmente a los narcocriminales para que no sean extraditados\u201d, record\u00f3 el canciller.<\/p>\n<div class=\"noticia__single__enlaces\"><\/div>\n<\/div>\n<p><a href=\"https:\/\/www.primicias.ec\/noticias\/politica\/ecuador-estados-unidos-sistema-justicia\/\">https:\/\/www.primicias.ec\/noticias\/politica\/ecuador-estados-unidos-sistema-justicia\/<\/a><\/p>\n","protected":false},"excerpt":{"rendered":"<p>En un evento en la Universidad Andina, el embajador de Estados Unidos, Michael Fitzpatrick, critic\u00f3 el sistema de justicia ecuatoriano y el avance del narcotr\u00e1fico en el pa\u00eds. El canciller Holgu\u00edn defiende la cooperaci\u00f3n binacional. El sistema de justicia ecuatoriano fue nuevamente cuestionado por Estados Unidos. Su embajador en Ecuador, Michael Fitzpatrick, hizo duras cr\u00edticas al respecto y al avance del narcotr\u00e1fico en el pa\u00eds. Lo hace un a\u00f1o despu\u00e9s de la entrevista que concedi\u00f3 a PRIMICIAS, sobre su preocupaci\u00f3n por la presencia de &#8216;narco generales&#8217;\u00a0en Ecuador. En el evento \u2018Jornada internacional: Iniciativas anticorrupci\u00f3n\u2019, de la Universidad Andina, el diplom\u00e1tico estadounidense manifest\u00f3 que la pelea de los c\u00e1rteles no solo es por el control de las rutas y los puertos para la droga, sino tambi\u00e9n por el poder en la justicia. De all\u00ed que cuestion\u00f3 el sistema judicial, e incluso ironiz\u00f3 sobre el proceso en \u00e9pocas de Pablo Escobar. \u201cAlguien me puede explicar por qu\u00e9 hay que notificar formalmente a un sospechoso de la apertura de un caso en plena etapa de la investigaci\u00f3n\u201d, se\u00f1al\u00f3. Al respecto, el canciller Juan Carlos Holgu\u00edn resalt\u00f3 el trabajo conjunto contra esta problem\u00e1tica. \u201cTenemos una cooperaci\u00f3n importante con Estados Unidos en esta lucha\u201d, dijo en entrevista con Teleamazonas. \u201cTuvimos hace unos d\u00edas la visita de embajadores de B\u00e9lgica y de Pa\u00edses Bajos, y en La Haya mantuvimos una reuni\u00f3n con Europol, para analizar el fen\u00f3meno de las estructuras criminales trasnacionales, que carcome las estructuras del poder convencional\u201d, sostuvo Holgu\u00edn. Seg\u00fan el canciller, hay una mirada de unidad, en la comunidad internacional, para fortalecer los sistemas de justicia de Ecuador, que -agreg\u00f3- requiere \u201cfortalecimiento inmediato\u201d, en relaci\u00f3n a las estructuras de tr\u00e1fico de droga y de personas, as\u00ed como en las fronteras. Tambi\u00e9n involucr\u00f3 a las estructuras que est\u00e1n detr\u00e1s de la migraci\u00f3n riesgosa y de la miner\u00eda ilegal. Estas \u201cpertenecen a las mismas estructuras criminales\u201d, enfatiz\u00f3. Holgu\u00edn cuestion\u00f3, por ejemplo, que se dejara en libertad a Luis Alfredo A., alias \u2018Gordo Luis\u2019, cabecilla de Los Lobos y uno de los implicados en el asesinato del director de la c\u00e1rcel de El Inca, Santiago Loza. \u201cEso da\u00f1a todo un trabajo objetivo y t\u00e9cnico de la fuerza p\u00fablica\u201d, asegur\u00f3. Holgu\u00edn y Fitzpatrick coincidieron en que la propuesta del referendo, sobre la extradici\u00f3n de personas vinculadas al narcotr\u00e1fico, es una salida contra la impunidad. \u201cHay personas que tienen pedidos de captura en Estados Unidos por narcotr\u00e1fico y que no pueden ser extraditados, porque cuando el presidente (Rafael) Correa lider\u00f3 el pa\u00eds, blind\u00f3 constitucionalmente a los narcocriminales para que no sean extraditados\u201d, record\u00f3 el canciller. https:\/\/www.primicias.ec\/noticias\/politica\/ecuador-estados-unidos-sistema-justicia\/<\/p>\n","protected":false},"author":1,"featured_media":261175,"comment_status":"closed","ping_status":"closed","sticky":false,"template":"","format":"standard","meta":[],"categories":[40,23],"tags":[],"_links":{"self":[{"href":"https:\/\/www.ecuadortimes.net\/es\/wp-json\/wp\/v2\/posts\/261174"}],"collection":[{"href":"https:\/\/www.ecuadortimes.net\/es\/wp-json\/wp\/v2\/posts"}],"about":[{"href":"https:\/\/www.ecuadortimes.net\/es\/wp-json\/wp\/v2\/types\/post"}],"author":[{"embeddable":true,"href":"https:\/\/www.ecuadortimes.net\/es\/wp-json\/wp\/v2\/users\/1"}],"replies":[{"embeddable":true,"href":"https:\/\/www.ecuadortimes.net\/es\/wp-json\/wp\/v2\/comments?post=261174"}],"version-history":[{"count":1,"href":"https:\/\/www.ecuadortimes.net\/es\/wp-json\/wp\/v2\/posts\/261174\/revisions"}],"predecessor-version":[{"id":261176,"href":"https:\/\/www.ecuadortimes.net\/es\/wp-json\/wp\/v2\/posts\/261174\/revisions\/261176"}],"wp:featuredmedia":[{"embeddable":true,"href":"https:\/\/www.ecuadortimes.net\/es\/wp-json\/wp\/v2\/media\/261175"}],"wp:attachment":[{"href":"https:\/\/www.ecuadortimes.net\/es\/wp-json\/wp\/v2\/media?parent=261174"}],"wp:term":[{"taxonomy":"category","embeddable":true,"href":"https:\/\/www.ecuadortimes.net\/es\/wp-json\/wp\/v2\/categories?post=261174"},{"taxonomy":"post_tag","embeddable":true,"href":"https:\/\/www.ecuadortimes.net\/es\/wp-json\/wp\/v2\/tags?post=261174"}],"curies":[{"name":"wp","href":"https:\/\/api.w.org\/{rel}","templated":true}]}}