{"id":261180,"date":"2022-12-16T20:29:15","date_gmt":"2022-12-16T20:29:15","guid":{"rendered":"https:\/\/www.ecuadortimes.net\/es\/?p=261180"},"modified":"2022-12-16T20:29:15","modified_gmt":"2022-12-16T20:29:15","slug":"ecuador-esta-a-tres-pasos-del-retiro-de-la-visa-schengen","status":"publish","type":"post","link":"https:\/\/www.ecuadortimes.net\/es\/ecuador-esta-a-tres-pasos-del-retiro-de-la-visa-schengen\/","title":{"rendered":"Ecuador est\u00e1 a tres pasos del retiro de la visa Schengen"},"content":{"rendered":"<div id=\"entry-content-inarticle\" class=\"entry-content\">\n<h3 class=\"noticia__entradilla\">El eurodiputado Javier Zarzalejos explica a PRIMICIAS que el ingreso de Ecuador en la lista de pa\u00edses que no requieren una visa Schengen tendr\u00eda los votos para ser aprobado en el Parlamento Europeo. Lo que restar\u00eda es la evaluaci\u00f3n t\u00e9cnica para implementar esa libre movilidad y el acuerdo que la ponga en vigencia.<\/h3>\n<div id=\"attachment_261181\" style=\"width: 1034px\" class=\"wp-caption alignnone\"><img aria-describedby=\"caption-attachment-261181\" loading=\"lazy\" class=\"size-full wp-image-261181\" src=\"https:\/\/www.ecuadortimes.net\/es\/wp-content\/uploads\/2022\/12\/ecuador-times-ecuador-news-ecuador-is-three-steps-away-from-the-withdrawal-of-the-schengen-visa.jpg\" alt=\"\" width=\"1024\" height=\"574\" \/><p id=\"caption-attachment-261181\" class=\"wp-caption-text\">Imagen referencial del eurodiputado Javier Zarzalejos.<\/p><\/div>\n<p class=\"selectionShareable\">La expectativa sobre el posible retiro de la visa Schengen, de <strong>corta estancia<\/strong>, para ecuatorianos creci\u00f3 en los \u00faltimos d\u00edas. Sin embargo, la esperanza se vio opacada por un caso de corrupci\u00f3n en el Parlamento Europeo.<\/p>\n<p class=\"selectionShareable\">El <strong>eurodiputado Javier Zarzalejos<\/strong> convers\u00f3 con PRIMICIAS para aclarar el escenario y explicar cu\u00e1les son los pasos pendientes para que Ecuador consiga entrar a la lista de pa\u00edses que no requieren de una visa para ingresar a Europa.<\/p>\n<p class=\"selectionShareable\">Seg\u00fan <a href=\"https:\/\/twitter.com\/FZarzalejos\" target=\"_blank\" rel=\"noreferrer noopener\">el parlamentario<\/a>, <strong>no hay motivos para que la medida pueda ser rechazada<\/strong> y lo que queda por delante son temas t\u00e9cnicos y no pol\u00edticos. Adem\u00e1s, en el Parlamento Europeo habr\u00eda los votos para aprobar la medida.<\/p>\n<h3>\u00bfCu\u00e1les son los pasos que quedan para completar el proceso de exenci\u00f3n de la visa Schengen?<\/h3>\n<p class=\"selectionShareable\">Hemos dado un paso que ya es importante: la comisi\u00f3n legislativa ha adoptado la decisi\u00f3n de que Ecuador forme parte de la lista de pa\u00edses que no necesitan visado para entrar en el territorio Schengen.<\/p>\n<p class=\"selectionShareable\">El siguiente paso es que esta votaci\u00f3n sea ratificada por el pleno del Parlamento Europeo. Y, a partir de ah\u00ed, la decisi\u00f3n ser\u00e1 adoptada por el colegislador que es el Consejo Europeo, que re\u00fane a los gobiernos.<\/p>\n<p class=\"selectionShareable\">Entonces se tienen que hacer los procedimientos t\u00e9cnicos para la implementaci\u00f3n pr\u00e1ctica de la medida.<\/p>\n<h3>La petici\u00f3n de Ecuador estaba dentro del mismo paquete que Qatar, Kuwait y Om\u00e1n. Despu\u00e9s del esc\u00e1ndalo de corrupci\u00f3n que envuelve a Qatar, \u00bfqu\u00e9 pasar\u00e1 ahora con ese dossier?<\/h3>\n<p class=\"selectionShareable\">Hemos trabajado muy duramente junto con las autoridades ecuatorianas para incorporar a Ecuador a esta lista. Y queremos evitar a toda costa que Ecuador sea damnificado por unas circunstancias que, precisamente, no le afectan, sino todo lo contrario.<\/p>\n<p class=\"selectionShareable\">En ese sentido, la situaci\u00f3n de Ecuador es exactamente la misma que hab\u00eda. Ning\u00fan grupo pol\u00edtico ha opuesto ninguna tacha, ninguna reserva, ninguna objeci\u00f3n.<\/p>\n<p class=\"selectionShareable\">Y, para quienes hemos impulsado la incorporaci\u00f3n de Ecuador a esta lista, supone un gran honor haber abogado por un pa\u00eds cuya naturaleza democr\u00e1tica est\u00e1 reconocida.<\/p>\n<p class=\"selectionShareable\">Al conocer las alegaciones con relaci\u00f3n a Qatar hemos adoptado una decisi\u00f3n l\u00f3gica: retirar este asunto del orden del d\u00eda y reconsiderar la situaci\u00f3n de Qatar.<\/p>\n<p class=\"selectionShareable\">En las pr\u00f3ximas semanas, probablemente el pr\u00f3ximo pleno del Parlamento Europeo, esto ya sea una realidad. Y puedo decir que los dem\u00e1s ponentes de otros grupos pol\u00edticos coinciden en que Ecuador no tiene que pagar los platos rotos de otros pa\u00edses.<\/p>\n<h3>En la votaci\u00f3n de enero, entonces, se tomar\u00eda una decisi\u00f3n sobre Qatar, \u00bfy el proceso de Ecuador seguir\u00eda su curso?<\/h3>\n<p class=\"selectionShareable\">Tenemos que ver cu\u00e1l es el tratamiento espec\u00edfico que damos al caso de Qatar. Como tambi\u00e9n nos ocurri\u00f3 con Kuwait, que hace unas semanas hab\u00eda aplicado la pena de muerte a siete presos, cuando est\u00e1bamos a punto de votar este reglamento.<\/p>\n<p class=\"selectionShareable\">Eso tambi\u00e9n signific\u00f3 que tuvi\u00e9ramos que reconsiderar la situaci\u00f3n de Kuwait y as\u00ed lo hicimos. Pero eso no afect\u00f3 al conjunto del reglamento.<\/p>\n<p class=\"selectionShareable\">Ahora acordaremos una f\u00f3rmula, una enmienda espec\u00edfica, que someteremos al pleno del Parlamento Europeo con relaci\u00f3n a Qatar.<\/p>\n<p class=\"selectionShareable\">Pero ya existe un texto aprobado por la Comisi\u00f3n legislativa, aprobado por los grupos parlamentarios, que simplemente tiene que ser ratificado en el pleno. Y que habr\u00eda sido ratificado, como todos hubi\u00e9ramos esperado, si no hubiera surgido esta investigaci\u00f3n.<\/p>\n<h3>\u00bfQu\u00e9 n\u00famero de votos se requiere para la aprobaci\u00f3n?<\/h3>\n<p class=\"selectionShareable\">La mayor\u00eda simple, la mitad m\u00e1s uno de los votos que se emitan. Pero la votaci\u00f3n en comisi\u00f3n, donde est\u00e1n presentes todos los grupos, fue absolutamente holgada y amplia en favor de esta regulaci\u00f3n.<\/p>\n<h3>Sin embargo, hubo unas declaraciones dentro del Parlamento sobre que Ecuador no estar\u00eda listo para entrar a la lista de exenci\u00f3n de la visa Schengen.<\/h3>\n<p class=\"selectionShareable\">Esas declaraciones pueden haber sido confusas, por parte de la comisaria de interior, con la que yo he hablado de este tema.<\/p>\n<p class=\"selectionShareable\">Pero, incluso, cuando hablamos de los par\u00e1metros que deben ser cumplidos, Ecuador ha introducido con \u00e9xito y eficiencia el pasaporte biom\u00e9trico, que es una exigencia importante.<\/p>\n<p class=\"selectionShareable\">Tambi\u00e9n ha adoptado una legislaci\u00f3n que es plenamente satisfactoria para la cuesti\u00f3n del retorno de personas que entran o permanecen irregularmente en el territorio de la Uni\u00f3n, a trav\u00e9s de la Ley de Movilidad Humana y el reglamento.<\/p>\n<p class=\"selectionShareable\">Est\u00e1n iniciando un proceso para facilitar mayor y mejor informaci\u00f3n a los ciudadanos de Ecuador, para que sepan c\u00f3mo tienen que actuar en relaci\u00f3n con su estancia en la Uni\u00f3n Europea.<\/p>\n<p class=\"selectionShareable\">Y, finalmente, est\u00e1 el tema de la tasa de rechazo de solicitudes que son denegadas. Pero, aunque en este momento la tasa es ligeramente superior, se ha producido una evoluci\u00f3n muy positiva.<\/p>\n<p class=\"selectionShareable\">Por otra parte, este es un dato que necesita ser depurado, porque estamos hablando de diversas solicitudes, por tanto, el dato no es en absoluto exacto.<\/p>\n<p class=\"selectionShareable\">De modo que, sinceramente, creo que en el curso de las conversaciones t\u00e9cnicas, entre la Comisi\u00f3n Europea y las autoridades ecuatorianas, se va a poder llegar a una soluci\u00f3n perfectamente satisfactoria.<\/p>\n<h3>\u00bfDe qu\u00e9 se trata esa evaluaci\u00f3n t\u00e9cnica?<\/h3>\n<p class=\"selectionShareable\">Lo que prev\u00e9 la ley es que dentro de los tres meses siguientes a la entrada en vigor de este reglamento (despu\u00e9s de la votaci\u00f3n en el Parlamento), la Comisi\u00f3n Europea tiene que facilitar una evaluaci\u00f3n t\u00e9cnica de las condiciones de Ecuador para implementar t\u00e9cnicamente la exenci\u00f3n de visados.<\/p>\n<p class=\"selectionShareable\">No digo para acceder a la lista de exenciones, porque esa decisi\u00f3n ya est\u00e1 tomada.<\/p>\n<p class=\"selectionShareable\">Va a haber un di\u00e1logo entre los poderes Ejecutivos, entre las autoridades ecuatorianas y los expertos en la materia de la Uni\u00f3n Europea que viajen al pa\u00eds, para dar las explicaciones y la informaci\u00f3n necesaria.<\/p>\n<p class=\"selectionShareable\">Y la Comisi\u00f3n puede hacer observaciones, decir d\u00f3nde hay que hacer un esfuerzo m\u00e1s o d\u00f3nde hay que mejorar.<\/p>\n<p class=\"selectionShareable\">Los procedimientos t\u00e9cnicos implican que las autoridades tengan el intercambio de informaci\u00f3n necesaria, formularios, procesos que sustituyan la comparecencia personal en los consulados europeos para pedir el visado, etc\u00e9tera.<\/p>\n<h3>\u00bfHay otros plazos despu\u00e9s de la evaluaci\u00f3n?<\/h3>\n<p class=\"selectionShareable\">No, el \u00fanico es el de tres meses que se da a la Comisi\u00f3n Europea.<\/p>\n<h3>Una vez superada la evaluaci\u00f3n, \u00bfse firma el acuerdo bilateral para la implementaci\u00f3n?<\/h3>\n<p class=\"selectionShareable\">Despu\u00e9s de la evaluaci\u00f3n t\u00e9cnica empiezan los contactos bilaterales y se fija un texto entre Ecuador y la Uni\u00f3n Europea, ya no entran aqu\u00ed los pa\u00edses, que establece los compromisos, los procedimientos de intercambio de informaci\u00f3n, etc\u00e9tera.<\/p>\n<p class=\"selectionShareable\">A partir de la firma del acuerdo entrar\u00e1 en vigencia de la exenci\u00f3n. Es m\u00e1s, en el Parlamento hemos considerado, que la propia firma del acuerdo no necesitar\u00eda una ratificaci\u00f3n posterior.<\/p>\n<h3>\u00bfCu\u00e1les son los respaldos pol\u00edticos con los que cuenta Ecuador en este proceso?<\/h3>\n<p class=\"selectionShareable\">En este punto, tanto el Partido Popular Espa\u00f1ol con el Partido Socialista hemos actuado de la mano y hemos podido tambi\u00e9n influir y convencer a nuestros socios europeos.<\/p>\n<p class=\"selectionShareable\">A m\u00ed me produce una gran satisfacci\u00f3n, el apoyo que, como oponente, he recibido de todo el Partido Popular Europeo. Con el Partido Socialista iniciamos una negociaci\u00f3n muy breve, porque est\u00e1bamos en la misma onda.<\/p>\n<p class=\"selectionShareable\">El Gobierno espa\u00f1ol ya hab\u00eda expresado su deseo de que esto tuviera lugar. Y en el segundo semestre del pr\u00f3ximo a\u00f1o ser\u00e1 la presidencia espa\u00f1ola de la Uni\u00f3n Europea y queremos que el proceso pueda culminar ah\u00ed.<\/p>\n<h3>\u00bfC\u00f3mo ve el trabajo del Gobierno ecuatoriano en esto?<\/h3>\n<p class=\"selectionShareable\">Ha sido muy importante el liderazgo del presidente Guillermo Lasso, al plantear directamente este tema, no por pasillos, no de manera tangencial. De hablar con las fuerzas pol\u00edticas espa\u00f1olas, directamente con el presidente del Gobierno espa\u00f1ol y con el l\u00edder del Partido Popular.<\/p>\n<p class=\"selectionShareable\">Y luego ha habido un trabajo coordinado entre la Canciller\u00eda y su representaci\u00f3n en Bruselas, en un mundo sin duda complejo como es este de la Uni\u00f3n Europea.<\/p>\n<p class=\"selectionShareable\">En conjunto ha sido un trabajo muy satisfactorio.<\/p>\n<h3>El Gobierno anterior lo intent\u00f3 tambi\u00e9n. \u00bfCu\u00e1l fue la diferencia ahora?<\/h3>\n<p class=\"selectionShareable\">Creo que ahora ha habido la inteligencia pol\u00edtica suficiente para llevar este asunto a al Parlamento Europeo e iniciar una estrategia de acercamiento y para conseguir el apoyo.<\/p>\n<p class=\"selectionShareable\">Entonces, cuando ha surgido la oportunidad, nos hemos subido a ese veh\u00edculo y con tanto \u00e9xito que Ecuador es un pa\u00eds incuestionado en un proceso en el que, desgraciadamente, hemos tenido que cuestionar a otros pa\u00edses.<\/p>\n<h3>Una vez que la exenci\u00f3n entre en vigencia, \u00bfpuede la decisi\u00f3n reverse y echarse para atr\u00e1s?<\/h3>\n<p class=\"selectionShareable\">No. Tendr\u00eda que producirse una situaci\u00f3n de incumplimiento, de descontrol, de una crisis migratoria con la que nadie cuenta.<\/p>\n<p class=\"selectionShareable\">Una vez establec\u00eda la exenci\u00f3n, hay un mecanismo regular en el que, anualmente, Ecuador y la Comisi\u00f3n Europea analizan c\u00f3mo va la marcha de ese proceso.<\/p>\n<p class=\"selectionShareable\">Pero, sinceramente, una vez establecida y operativa la exenci\u00f3n, tienen que pasar cosas verdaderamente inimaginables para que eso pudiera ser as\u00ed.<\/p>\n<div class=\"noticia__single__enlaces\"><\/div>\n<\/div>\n<p><a href=\"https:\/\/www.primicias.ec\/noticias\/politica\/ecuador-tres-pasos-retiro-visa-schengen\/\">https:\/\/www.primicias.ec\/noticias\/politica\/ecuador-tres-pasos-retiro-visa-schengen\/<\/a><\/p>\n","protected":false},"excerpt":{"rendered":"<p>El eurodiputado Javier Zarzalejos explica a PRIMICIAS que el ingreso de Ecuador en la lista de pa\u00edses que no requieren una visa Schengen tendr\u00eda los votos para ser aprobado en el Parlamento Europeo. Lo que restar\u00eda es la evaluaci\u00f3n t\u00e9cnica para implementar esa libre movilidad y el acuerdo que la ponga en vigencia. La expectativa sobre el posible retiro de la visa Schengen, de corta estancia, para ecuatorianos creci\u00f3 en los \u00faltimos d\u00edas. Sin embargo, la esperanza se vio opacada por un caso de corrupci\u00f3n en el Parlamento Europeo. El eurodiputado Javier Zarzalejos convers\u00f3 con PRIMICIAS para aclarar el escenario y explicar cu\u00e1les son los pasos pendientes para que Ecuador consiga entrar a la lista de pa\u00edses que no requieren de una visa para ingresar a Europa. Seg\u00fan el parlamentario, no hay motivos para que la medida pueda ser rechazada y lo que queda por delante son temas t\u00e9cnicos y no pol\u00edticos. Adem\u00e1s, en el Parlamento Europeo habr\u00eda los votos para aprobar la medida. \u00bfCu\u00e1les son los pasos que quedan para completar el proceso de exenci\u00f3n de la visa Schengen? Hemos dado un paso que ya es importante: la comisi\u00f3n legislativa ha adoptado la decisi\u00f3n de que Ecuador forme parte de la lista de pa\u00edses que no necesitan visado para entrar en el territorio Schengen. El siguiente paso es que esta votaci\u00f3n sea ratificada por el pleno del Parlamento Europeo. Y, a partir de ah\u00ed, la decisi\u00f3n ser\u00e1 adoptada por el colegislador que es el Consejo Europeo, que re\u00fane a los gobiernos. Entonces se tienen que hacer los procedimientos t\u00e9cnicos para la implementaci\u00f3n pr\u00e1ctica de la medida. La petici\u00f3n de Ecuador estaba dentro del mismo paquete que Qatar, Kuwait y Om\u00e1n. Despu\u00e9s del esc\u00e1ndalo de corrupci\u00f3n que envuelve a Qatar, \u00bfqu\u00e9 pasar\u00e1 ahora con ese dossier? Hemos trabajado muy duramente junto con las autoridades ecuatorianas para incorporar a Ecuador a esta lista. Y queremos evitar a toda costa que Ecuador sea damnificado por unas circunstancias que, precisamente, no le afectan, sino todo lo contrario. En ese sentido, la situaci\u00f3n de Ecuador es exactamente la misma que hab\u00eda. Ning\u00fan grupo pol\u00edtico ha opuesto ninguna tacha, ninguna reserva, ninguna objeci\u00f3n. Y, para quienes hemos impulsado la incorporaci\u00f3n de Ecuador a esta lista, supone un gran honor haber abogado por un pa\u00eds cuya naturaleza democr\u00e1tica est\u00e1 reconocida. Al conocer las alegaciones con relaci\u00f3n a Qatar hemos adoptado una decisi\u00f3n l\u00f3gica: retirar este asunto del orden del d\u00eda y reconsiderar la situaci\u00f3n de Qatar. En las pr\u00f3ximas semanas, probablemente el pr\u00f3ximo pleno del Parlamento Europeo, esto ya sea una realidad. Y puedo decir que los dem\u00e1s ponentes de otros grupos pol\u00edticos coinciden en que Ecuador no tiene que pagar los platos rotos de otros pa\u00edses. En la votaci\u00f3n de enero, entonces, se tomar\u00eda una decisi\u00f3n sobre Qatar, \u00bfy el proceso de Ecuador seguir\u00eda su curso? Tenemos que ver cu\u00e1l es el tratamiento espec\u00edfico que damos al caso de Qatar. Como tambi\u00e9n nos ocurri\u00f3 con Kuwait, que hace unas semanas hab\u00eda aplicado la pena de muerte a siete presos, cuando est\u00e1bamos a punto de votar este reglamento. Eso tambi\u00e9n signific\u00f3 que tuvi\u00e9ramos que reconsiderar la situaci\u00f3n de Kuwait y as\u00ed lo hicimos. Pero eso no afect\u00f3 al conjunto del reglamento. Ahora acordaremos una f\u00f3rmula, una enmienda espec\u00edfica, que someteremos al pleno del Parlamento Europeo con relaci\u00f3n a Qatar. Pero ya existe un texto aprobado por la Comisi\u00f3n legislativa, aprobado por los grupos parlamentarios, que simplemente tiene que ser ratificado en el pleno. Y que habr\u00eda sido ratificado, como todos hubi\u00e9ramos esperado, si no hubiera surgido esta investigaci\u00f3n. \u00bfQu\u00e9 n\u00famero de votos se requiere para la aprobaci\u00f3n? La mayor\u00eda simple, la mitad m\u00e1s uno de los votos que se emitan. Pero la votaci\u00f3n en comisi\u00f3n, donde est\u00e1n presentes todos los grupos, fue absolutamente holgada y amplia en favor de esta regulaci\u00f3n. Sin embargo, hubo unas declaraciones dentro del Parlamento sobre que Ecuador no estar\u00eda listo para entrar a la lista de exenci\u00f3n de la visa Schengen. Esas declaraciones pueden haber sido confusas, por parte de la comisaria de interior, con la que yo he hablado de este tema. Pero, incluso, cuando hablamos de los par\u00e1metros que deben ser cumplidos, Ecuador ha introducido con \u00e9xito y eficiencia el pasaporte biom\u00e9trico, que es una exigencia importante. Tambi\u00e9n ha adoptado una legislaci\u00f3n que es plenamente satisfactoria para la cuesti\u00f3n del retorno de personas que entran o permanecen irregularmente en el territorio de la Uni\u00f3n, a trav\u00e9s de la Ley de Movilidad Humana y el reglamento. Est\u00e1n iniciando un proceso para facilitar mayor y mejor informaci\u00f3n a los ciudadanos de Ecuador, para que sepan c\u00f3mo tienen que actuar en relaci\u00f3n con su estancia en la Uni\u00f3n Europea. Y, finalmente, est\u00e1 el tema de la tasa de rechazo de solicitudes que son denegadas. Pero, aunque en este momento la tasa es ligeramente superior, se ha producido una evoluci\u00f3n muy positiva. Por otra parte, este es un dato que necesita ser depurado, porque estamos hablando de diversas solicitudes, por tanto, el dato no es en absoluto exacto. De modo que, sinceramente, creo que en el curso de las conversaciones t\u00e9cnicas, entre la Comisi\u00f3n Europea y las autoridades ecuatorianas, se va a poder llegar a una soluci\u00f3n perfectamente satisfactoria. \u00bfDe qu\u00e9 se trata esa evaluaci\u00f3n t\u00e9cnica? Lo que prev\u00e9 la ley es que dentro de los tres meses siguientes a la entrada en vigor de este reglamento (despu\u00e9s de la votaci\u00f3n en el Parlamento), la Comisi\u00f3n Europea tiene que facilitar una evaluaci\u00f3n t\u00e9cnica de las condiciones de Ecuador para implementar t\u00e9cnicamente la exenci\u00f3n de visados. No digo para acceder a la lista de exenciones, porque esa decisi\u00f3n ya est\u00e1 tomada. Va a haber un di\u00e1logo entre los poderes Ejecutivos, entre las autoridades ecuatorianas y los expertos en la materia de la Uni\u00f3n Europea que viajen al pa\u00eds, para dar las explicaciones y la informaci\u00f3n necesaria. Y la Comisi\u00f3n puede hacer observaciones, decir d\u00f3nde hay que hacer un esfuerzo m\u00e1s o d\u00f3nde hay que mejorar. Los procedimientos t\u00e9cnicos implican que las autoridades tengan el [&hellip;]<\/p>\n","protected":false},"author":1,"featured_media":261181,"comment_status":"closed","ping_status":"closed","sticky":false,"template":"","format":"standard","meta":[],"categories":[40,23],"tags":[],"_links":{"self":[{"href":"https:\/\/www.ecuadortimes.net\/es\/wp-json\/wp\/v2\/posts\/261180"}],"collection":[{"href":"https:\/\/www.ecuadortimes.net\/es\/wp-json\/wp\/v2\/posts"}],"about":[{"href":"https:\/\/www.ecuadortimes.net\/es\/wp-json\/wp\/v2\/types\/post"}],"author":[{"embeddable":true,"href":"https:\/\/www.ecuadortimes.net\/es\/wp-json\/wp\/v2\/users\/1"}],"replies":[{"embeddable":true,"href":"https:\/\/www.ecuadortimes.net\/es\/wp-json\/wp\/v2\/comments?post=261180"}],"version-history":[{"count":1,"href":"https:\/\/www.ecuadortimes.net\/es\/wp-json\/wp\/v2\/posts\/261180\/revisions"}],"predecessor-version":[{"id":261182,"href":"https:\/\/www.ecuadortimes.net\/es\/wp-json\/wp\/v2\/posts\/261180\/revisions\/261182"}],"wp:featuredmedia":[{"embeddable":true,"href":"https:\/\/www.ecuadortimes.net\/es\/wp-json\/wp\/v2\/media\/261181"}],"wp:attachment":[{"href":"https:\/\/www.ecuadortimes.net\/es\/wp-json\/wp\/v2\/media?parent=261180"}],"wp:term":[{"taxonomy":"category","embeddable":true,"href":"https:\/\/www.ecuadortimes.net\/es\/wp-json\/wp\/v2\/categories?post=261180"},{"taxonomy":"post_tag","embeddable":true,"href":"https:\/\/www.ecuadortimes.net\/es\/wp-json\/wp\/v2\/tags?post=261180"}],"curies":[{"name":"wp","href":"https:\/\/api.w.org\/{rel}","templated":true}]}}