{"id":261183,"date":"2022-12-16T20:38:26","date_gmt":"2022-12-16T20:38:26","guid":{"rendered":"https:\/\/www.ecuadortimes.net\/es\/?p=261183"},"modified":"2022-12-16T20:38:26","modified_gmt":"2022-12-16T20:38:26","slug":"el-presidente-lasso-se-reunira-con-joe-biden-en-washington","status":"publish","type":"post","link":"https:\/\/www.ecuadortimes.net\/es\/el-presidente-lasso-se-reunira-con-joe-biden-en-washington\/","title":{"rendered":"El presidente Lasso se reunir\u00e1 con Joe Biden en Washington"},"content":{"rendered":"<div id=\"entry-content-inarticle\" class=\"entry-content\">\n<h3 class=\"noticia__entradilla\">El presidente Guillermo Lasso viajar\u00e1 a Estados Unidos este domingo, para una visita oficial a la Casa Blanca. Los mandatarios tratar\u00e1n temas de seguridad, democracia y comercio.<\/h3>\n<div id=\"attachment_261184\" style=\"width: 1034px\" class=\"wp-caption alignnone\"><img aria-describedby=\"caption-attachment-261184\" loading=\"lazy\" class=\"size-full wp-image-261184\" src=\"https:\/\/www.ecuadortimes.net\/es\/wp-content\/uploads\/2022\/12\/ecuador-times-ecuador-news-president-lasso-will-meet-with-joe-biden-in-washington.jpg\" alt=\"\" width=\"1024\" height=\"574\" \/><p id=\"caption-attachment-261184\" class=\"wp-caption-text\">El presidente Guillermo Lasso mantuvo una reuni\u00f3n con Chris Dodd, asesor presidencial para las Am\u00e9ricas de Estados Unidos, el 13 de diciembre de 2022.<\/p><\/div>\n<p class=\"selectionShareable\">El presidente Guillermo Lasso y una comitiva de 11 funcionarios viajar\u00e1n a Estados Unidos, del 18 al 21 de diciembre, para mantener un encuentro bilateral con <strong>la administraci\u00f3n de Joe Biden<\/strong>.<\/p>\n<figure class=\"wp-block-embed is-type-rich is-provider-twitter wp-block-embed-twitter\">\n<div class=\"wp-block-embed__wrapper\">\n<div class=\"twitter-tweet twitter-tweet-rendered\" style=\"display: flex; max-width: 500px; width: 100%; margin-top: 10px; margin-bottom: 10px;\"><iframe id=\"twitter-widget-0\" class=\"\" style=\"position: static; visibility: visible; width: 500px; height: 712px; display: block; flex-grow: 1;\" title=\"Twitter Tweet\" src=\"https:\/\/platform.twitter.com\/embed\/Tweet.html?dnt=true&amp;embedId=twitter-widget-0&amp;features=eyJ0ZndfdGltZWxpbmVfbGlzdCI6eyJidWNrZXQiOlsibGlua3RyLmVlIiwidHIuZWUiLCJ0ZXJyYS5jb20uYnIiLCJ3d3cubGlua3RyLmVlIiwid3d3LnRyLmVlIiwid3d3LnRlcnJhLmNvbS5iciJdLCJ2ZXJzaW9uIjpudWxsfSwidGZ3X2hvcml6b25fdGltZWxpbmVfMTIwMzQiOnsiYnVja2V0IjoidHJlYXRtZW50IiwidmVyc2lvbiI6bnVsbH0sInRmd190d2VldF9lZGl0X2JhY2tlbmQiOnsiYnVja2V0Ijoib24iLCJ2ZXJzaW9uIjpudWxsfSwidGZ3X3JlZnNyY19zZXNzaW9uIjp7ImJ1Y2tldCI6Im9uIiwidmVyc2lvbiI6bnVsbH0sInRmd19zaG93X2J1c2luZXNzX3ZlcmlmaWVkX2JhZGdlIjp7ImJ1Y2tldCI6Im9uIiwidmVyc2lvbiI6bnVsbH0sInRmd19jaGluX3BpbGxzXzE0NzQxIjp7ImJ1Y2tldCI6ImNvbG9yX2ljb25zIiwidmVyc2lvbiI6bnVsbH0sInRmd190d2VldF9yZXN1bHRfbWlncmF0aW9uXzEzOTc5Ijp7ImJ1Y2tldCI6InR3ZWV0X3Jlc3VsdCIsInZlcnNpb24iOm51bGx9LCJ0Zndfc2Vuc2l0aXZlX21lZGlhX2ludGVyc3RpdGlhbF8xMzk2MyI6eyJidWNrZXQiOiJpbnRlcnN0aXRpYWwiLCJ2ZXJzaW9uIjpudWxsfSwidGZ3X2V4cGVyaW1lbnRzX2Nvb2tpZV9leHBpcmF0aW9uIjp7ImJ1Y2tldCI6MTIwOTYwMCwidmVyc2lvbiI6bnVsbH0sInRmd19kdXBsaWNhdGVfc2NyaWJlc190b19zZXR0aW5ncyI6eyJidWNrZXQiOiJvbiIsInZlcnNpb24iOm51bGx9LCJ0ZndfdmlkZW9faGxzX2R5bmFtaWNfbWFuaWZlc3RzXzE1MDgyIjp7ImJ1Y2tldCI6InRydWVfYml0cmF0ZSIsInZlcnNpb24iOm51bGx9LCJ0Zndfc2hvd19ibHVlX3ZlcmlmaWVkX2JhZGdlIjp7ImJ1Y2tldCI6Im9uIiwidmVyc2lvbiI6bnVsbH0sInRmd19zaG93X2dvdl92ZXJpZmllZF9iYWRnZSI6eyJidWNrZXQiOiJvZmYiLCJ2ZXJzaW9uIjpudWxsfSwidGZ3X3Nob3dfYnVzaW5lc3NfYWZmaWxpYXRlX2JhZGdlIjp7ImJ1Y2tldCI6Im9mZiIsInZlcnNpb24iOm51bGx9LCJ0ZndfdHdlZXRfZWRpdF9mcm9udGVuZCI6eyJidWNrZXQiOiJvbiIsInZlcnNpb24iOm51bGx9fQ%3D%3D&amp;frame=false&amp;hideCard=false&amp;hideThread=false&amp;id=1603763448877223936&amp;lang=es&amp;origin=https%3A%2F%2Fwww.primicias.ec%2Fnoticias%2Fpolitica%2Fpresidente-lasso-joe-biden-washington%2F&amp;sessionId=8c39b0cf49b9dd60d73e53e91091447786d8bde6&amp;siteScreenName=primicias&amp;theme=light&amp;widgetsVersion=a3525f077c700%3A1667415560940&amp;width=500px\" frameborder=\"0\" scrolling=\"no\" allowfullscreen=\"allowfullscreen\" data-tweet-id=\"1603763448877223936\"><\/iframe><\/div>\n<p><script data-minify=\"1\" async=\"\" src=\"https:\/\/www.primicias.ec\/wp-content\/cache\/min\/1\/widgets.js?ver=1671145912\" charset=\"utf-8\"><\/script><\/p>\n<\/div>\n<\/figure>\n<p class=\"selectionShareable\">El 13 de diciembre, Lasso recibi\u00f3 en Quito <strong>la visita de Chris Dodd<\/strong>, asesor presidencial de Biden para las Am\u00e9ricas. Esa fue la cita que confirm\u00f3 la invitaci\u00f3n oficial para Ecuador, que contin\u00faa estrechando lasos con Washington.<\/p>\n<p class=\"selectionShareable\"><a href=\"https:\/\/www.whitehouse.gov\/briefing-room\/statements-releases\/2022\/12\/16\/statement-by-white-house-press-secretary-karine-jean-pierre-on-the-visit-of-president-guillermo-lasso-of-ecuador\/\">En un comunicado<\/a>, la portavoz de la Casa Blanca, Karine Jean-Pierre, apunt\u00f3 que esta visita ofrece la oportunidad a Biden de consultar a Lasso sobre una serie de <strong>cuestiones regionales y globales importantes,<\/strong> incluidas las consecuencias de la guerra \u201cinjustificada\u201d en Ucrania.<\/p>\n<p class=\"selectionShareable\">El <strong>\u201cliderazgo\u201d de Ecuador en materia de migraci\u00f3n<\/strong> ser\u00e1, seg\u00fan Jean-Pierre, una de las principales cuestiones que tratar\u00e1n ambos mandatarios.<\/p>\n<p class=\"selectionShareable\">En el encuentro, los l\u00edderes subrayar\u00e1n<strong> \u201cla importancia de fortalecer las instituciones democr\u00e1ticas\u201d <\/strong>y discutir\u00e1n las iniciativas destinadas a la integraci\u00f3n econ\u00f3mica, incluida la Alianza para la Prosperidad Econ\u00f3mica en las Am\u00e9ricas, promovida por Biden en la cumbre de las Am\u00e9ricas celebrada este a\u00f1o en Los \u00c1ngeles.<\/p>\n<p class=\"selectionShareable\">Tambi\u00e9n se tratar\u00e1n cuestiones relacionadas con la <strong>cooperaci\u00f3n en seguridad, <\/strong>seg\u00fan destac\u00f3 Jean-Pierre en el comunicado<\/p>\n<p class=\"selectionShareable\">Despu\u00e9s de la cita bilateral, los representantes del Gobierno ecuatoriano mantendr\u00e1n reuniones con representantes de la Organizaci\u00f3n de Estados Americanos, la Agencia de Cooperaci\u00f3n Internacional de Estados Unidos, el Banco Mundial, el Banco Interamericano de Desarrollo y los miembros del Comit\u00e9 de Relaciones Exteriores del Senado.<\/p>\n<div class=\"noticia__single__enlaces\"><\/div>\n<\/div>\n<p><a href=\"https:\/\/www.primicias.ec\/noticias\/politica\/presidente-lasso-joe-biden-washington\/\">https:\/\/www.primicias.ec\/noticias\/politica\/presidente-lasso-joe-biden-washington\/<\/a><\/p>\n","protected":false},"excerpt":{"rendered":"<p>El presidente Guillermo Lasso viajar\u00e1 a Estados Unidos este domingo, para una visita oficial a la Casa Blanca. Los mandatarios tratar\u00e1n temas de seguridad, democracia y comercio. El presidente Guillermo Lasso y una comitiva de 11 funcionarios viajar\u00e1n a Estados Unidos, del 18 al 21 de diciembre, para mantener un encuentro bilateral con la administraci\u00f3n de Joe Biden. El 13 de diciembre, Lasso recibi\u00f3 en Quito la visita de Chris Dodd, asesor presidencial de Biden para las Am\u00e9ricas. Esa fue la cita que confirm\u00f3 la invitaci\u00f3n oficial para Ecuador, que contin\u00faa estrechando lasos con Washington. En un comunicado, la portavoz de la Casa Blanca, Karine Jean-Pierre, apunt\u00f3 que esta visita ofrece la oportunidad a Biden de consultar a Lasso sobre una serie de cuestiones regionales y globales importantes, incluidas las consecuencias de la guerra \u201cinjustificada\u201d en Ucrania. El \u201cliderazgo\u201d de Ecuador en materia de migraci\u00f3n ser\u00e1, seg\u00fan Jean-Pierre, una de las principales cuestiones que tratar\u00e1n ambos mandatarios. En el encuentro, los l\u00edderes subrayar\u00e1n \u201cla importancia de fortalecer las instituciones democr\u00e1ticas\u201d y discutir\u00e1n las iniciativas destinadas a la integraci\u00f3n econ\u00f3mica, incluida la Alianza para la Prosperidad Econ\u00f3mica en las Am\u00e9ricas, promovida por Biden en la cumbre de las Am\u00e9ricas celebrada este a\u00f1o en Los \u00c1ngeles. Tambi\u00e9n se tratar\u00e1n cuestiones relacionadas con la cooperaci\u00f3n en seguridad, seg\u00fan destac\u00f3 Jean-Pierre en el comunicado Despu\u00e9s de la cita bilateral, los representantes del Gobierno ecuatoriano mantendr\u00e1n reuniones con representantes de la Organizaci\u00f3n de Estados Americanos, la Agencia de Cooperaci\u00f3n Internacional de Estados Unidos, el Banco Mundial, el Banco Interamericano de Desarrollo y los miembros del Comit\u00e9 de Relaciones Exteriores del Senado. https:\/\/www.primicias.ec\/noticias\/politica\/presidente-lasso-joe-biden-washington\/<\/p>\n","protected":false},"author":1,"featured_media":261184,"comment_status":"closed","ping_status":"closed","sticky":false,"template":"","format":"standard","meta":[],"categories":[40,24],"tags":[],"_links":{"self":[{"href":"https:\/\/www.ecuadortimes.net\/es\/wp-json\/wp\/v2\/posts\/261183"}],"collection":[{"href":"https:\/\/www.ecuadortimes.net\/es\/wp-json\/wp\/v2\/posts"}],"about":[{"href":"https:\/\/www.ecuadortimes.net\/es\/wp-json\/wp\/v2\/types\/post"}],"author":[{"embeddable":true,"href":"https:\/\/www.ecuadortimes.net\/es\/wp-json\/wp\/v2\/users\/1"}],"replies":[{"embeddable":true,"href":"https:\/\/www.ecuadortimes.net\/es\/wp-json\/wp\/v2\/comments?post=261183"}],"version-history":[{"count":1,"href":"https:\/\/www.ecuadortimes.net\/es\/wp-json\/wp\/v2\/posts\/261183\/revisions"}],"predecessor-version":[{"id":261185,"href":"https:\/\/www.ecuadortimes.net\/es\/wp-json\/wp\/v2\/posts\/261183\/revisions\/261185"}],"wp:featuredmedia":[{"embeddable":true,"href":"https:\/\/www.ecuadortimes.net\/es\/wp-json\/wp\/v2\/media\/261184"}],"wp:attachment":[{"href":"https:\/\/www.ecuadortimes.net\/es\/wp-json\/wp\/v2\/media?parent=261183"}],"wp:term":[{"taxonomy":"category","embeddable":true,"href":"https:\/\/www.ecuadortimes.net\/es\/wp-json\/wp\/v2\/categories?post=261183"},{"taxonomy":"post_tag","embeddable":true,"href":"https:\/\/www.ecuadortimes.net\/es\/wp-json\/wp\/v2\/tags?post=261183"}],"curies":[{"name":"wp","href":"https:\/\/api.w.org\/{rel}","templated":true}]}}