{"id":261195,"date":"2022-12-20T22:47:23","date_gmt":"2022-12-20T22:47:23","guid":{"rendered":"https:\/\/www.ecuadortimes.net\/es\/?p=261195"},"modified":"2022-12-20T22:47:23","modified_gmt":"2022-12-20T22:47:23","slug":"buenas-noticias-hallaron-neonatos-y-juveniles-de-iguanas-rosadas-en-galapagos","status":"publish","type":"post","link":"https:\/\/www.ecuadortimes.net\/es\/buenas-noticias-hallaron-neonatos-y-juveniles-de-iguanas-rosadas-en-galapagos\/","title":{"rendered":"\u00a1Buenas noticias! Hallaron neonatos y juveniles de iguanas rosadas en Gal\u00e1pagos"},"content":{"rendered":"<div class=\"itemFullText\">\n<p><span style=\"font-weight: 400;\">Tras a\u00f1os de investigaci\u00f3n, y por primera vez, en el Parque Nacional Gal\u00e1pagos se hallaron neonatos y juveniles de iguanas rosadas. La informaci\u00f3n se difundi\u00f3 a trav\u00e9s de la red social Twitter del ministro de Ambiente, Gustavo Manrique, la ma\u00f1ana de este martes 20 de diciembre de 2022.<\/span><\/p>\n<div id=\"attachment_261196\" style=\"width: 1210px\" class=\"wp-caption alignnone\"><img aria-describedby=\"caption-attachment-261196\" loading=\"lazy\" class=\"size-full wp-image-261196\" src=\"https:\/\/www.ecuadortimes.net\/es\/wp-content\/uploads\/2022\/12\/ecuador-times-ecuador-news-good-news-they-found-hatchlings-and-juveniles-of-pink-iguanas-in-galapagos.jpg\" alt=\"\" width=\"1200\" height=\"810\" srcset=\"https:\/\/www.ecuadortimes.net\/es\/wp-content\/uploads\/2022\/12\/ecuador-times-ecuador-news-good-news-they-found-hatchlings-and-juveniles-of-pink-iguanas-in-galapagos.jpg 1200w, https:\/\/www.ecuadortimes.net\/es\/wp-content\/uploads\/2022\/12\/ecuador-times-ecuador-news-good-news-they-found-hatchlings-and-juveniles-of-pink-iguanas-in-galapagos-75x52.jpg 75w\" sizes=\"(max-width: 1200px) 100vw, 1200px\" \/><p id=\"caption-attachment-261196\" class=\"wp-caption-text\">Las iguanas rosadas est\u00e1 en la Lista Roja de Especies Amenazadas de la UICN.<\/p><\/div>\n<p><span style=\"font-weight: 400;\">Las especies se encontraron al norte de la isla Isabela, en el volc\u00e1n Wolf. Manrique mencion\u00f3 que \u201c\u00a1Buenas noticias para nuestro pa\u00eds! Tras a\u00f1os de investigaci\u00f3n se hallaron por primera vez neonatos y juveniles de iguanas rosadas. Esto, gracias a un equipo de investigaci\u00f3n del @parquegalapagos y @savegalapagos\u201d.<\/span><\/p>\n<div class=\"twitter-tweet twitter-tweet-rendered\" style=\"display: flex; max-width: 550px; width: 100%; margin-top: 10px; margin-bottom: 10px;\"><iframe id=\"twitter-widget-1\" class=\"\" style=\"position: static; visibility: visible; width: 550px; height: 618px; display: block; flex-grow: 1;\" title=\"Twitter Tweet\" src=\"https:\/\/platform.twitter.com\/embed\/Tweet.html?creatorScreenName=el_telegrafo&amp;dnt=false&amp;embedId=twitter-widget-1&amp;features=eyJ0ZndfdGltZWxpbmVfbGlzdCI6eyJidWNrZXQiOlsibGlua3RyLmVlIiwidHIuZWUiLCJ0ZXJyYS5jb20uYnIiLCJ3d3cubGlua3RyLmVlIiwid3d3LnRyLmVlIiwid3d3LnRlcnJhLmNvbS5iciJdLCJ2ZXJzaW9uIjpudWxsfSwidGZ3X2hvcml6b25fdGltZWxpbmVfMTIwMzQiOnsiYnVja2V0IjoidHJlYXRtZW50IiwidmVyc2lvbiI6bnVsbH0sInRmd190d2VldF9lZGl0X2JhY2tlbmQiOnsiYnVja2V0Ijoib24iLCJ2ZXJzaW9uIjpudWxsfSwidGZ3X3JlZnNyY19zZXNzaW9uIjp7ImJ1Y2tldCI6Im9uIiwidmVyc2lvbiI6bnVsbH0sInRmd19zaG93X2J1c2luZXNzX3ZlcmlmaWVkX2JhZGdlIjp7ImJ1Y2tldCI6Im9uIiwidmVyc2lvbiI6bnVsbH0sInRmd19jaGluX3BpbGxzXzE0NzQxIjp7ImJ1Y2tldCI6ImNvbG9yX2ljb25zIiwidmVyc2lvbiI6bnVsbH0sInRmd190d2VldF9yZXN1bHRfbWlncmF0aW9uXzEzOTc5Ijp7ImJ1Y2tldCI6InR3ZWV0X3Jlc3VsdCIsInZlcnNpb24iOm51bGx9LCJ0Zndfc2Vuc2l0aXZlX21lZGlhX2ludGVyc3RpdGlhbF8xMzk2MyI6eyJidWNrZXQiOiJpbnRlcnN0aXRpYWwiLCJ2ZXJzaW9uIjpudWxsfSwidGZ3X2V4cGVyaW1lbnRzX2Nvb2tpZV9leHBpcmF0aW9uIjp7ImJ1Y2tldCI6MTIwOTYwMCwidmVyc2lvbiI6bnVsbH0sInRmd19kdXBsaWNhdGVfc2NyaWJlc190b19zZXR0aW5ncyI6eyJidWNrZXQiOiJvbiIsInZlcnNpb24iOm51bGx9LCJ0ZndfdmlkZW9faGxzX2R5bmFtaWNfbWFuaWZlc3RzXzE1MDgyIjp7ImJ1Y2tldCI6InRydWVfYml0cmF0ZSIsInZlcnNpb24iOm51bGx9LCJ0Zndfc2hvd19ibHVlX3ZlcmlmaWVkX2JhZGdlIjp7ImJ1Y2tldCI6Im9uIiwidmVyc2lvbiI6bnVsbH0sInRmd19zaG93X2dvdl92ZXJpZmllZF9iYWRnZSI6eyJidWNrZXQiOiJvbiIsInZlcnNpb24iOm51bGx9LCJ0Zndfc2hvd19idXNpbmVzc19hZmZpbGlhdGVfYmFkZ2UiOnsiYnVja2V0Ijoib24iLCJ2ZXJzaW9uIjpudWxsfSwidGZ3X3R3ZWV0X2VkaXRfZnJvbnRlbmQiOnsiYnVja2V0Ijoib24iLCJ2ZXJzaW9uIjpudWxsfX0%3D&amp;frame=false&amp;hideCard=false&amp;hideThread=false&amp;id=1605184387615711233&amp;lang=es&amp;origin=https%3A%2F%2Fwww.eltelegrafo.com.ec%2Fnoticias%2Factualidad%2F44%2Fbuenas-noticias-hallaron-neonatos-y-juveniles-de-iguanas-rosadas-en-galapagos&amp;sessionId=721b86ec9842cdff7543e0bccb328644fd67de19&amp;siteScreenName=el_telegrafo&amp;theme=light&amp;widgetsVersion=a3525f077c700%3A1667415560940&amp;width=550px\" frameborder=\"0\" scrolling=\"no\" allowfullscreen=\"allowfullscreen\" data-tweet-id=\"1605184387615711233\"><\/iframe><\/div>\n<p><span style=\"font-weight: 400;\">Este es un hito trascendental para esta especie \u00fanica en el mundo. El trabajo estuvo a cargo de la Direcci\u00f3n del Parque Nacional Gal\u00e1pagos, el Ministerio de Ambiente, Agua y Transici\u00f3n Ecol\u00f3gica, junto a Gal\u00e1pagos Conservancy. Ellos est\u00e1n involucrados en el programa Iniciativa Gal\u00e1pagos, con el cual han realizado siete expediciones para conocer el estado de este reptil, se han identificado amenazas, se ha documentado sitios de anidaci\u00f3n y se ha monitoreado a las cr\u00edas en sus diferentes estados de desarrollo. <\/span><\/p>\n<p><span style=\"font-weight: 400;\">Para la protecci\u00f3n de las iguanas rosadas se instal\u00f3 una estaci\u00f3n permanente de investigaci\u00f3n y monitoreo de la biodiversidad del volc\u00e1n Wolf. Su objetivo es la restauraci\u00f3n de la poblaci\u00f3n de iguanas rosadas (<em>Conolophus marthae<\/em>) que est\u00e1n en peligro de extinci\u00f3n.\u00a0<\/span><\/p>\n<p><span style=\"font-weight: 400;\">Este reptil est\u00e1 en la <a href=\"https:\/\/www.iucnredlist.org\/es\/species\/174472\/1414375\" target=\"_blank\" rel=\"noopener noreferrer\">Lista Roja de Especies Amenazadas<\/a> de la Uni\u00f3n Internacional para la Conservaci\u00f3n de la Naturaleza (UICN). El motivo principal es que la poblaci\u00f3n es de aproximadamente 192 individuos maduros. Ellos comparten h\u00e1bitat con iguanas amarillas y tortugas gigantes (<em>Chelonoidis becki)\u00a0<\/em>en esta isla. <\/span><\/p>\n<\/div>\n<p><a href=\"https:\/\/www.eltelegrafo.com.ec\/noticias\/actualidad\/44\/buenas-noticias-hallaron-neonatos-y-juveniles-de-iguanas-rosadas-en-galapagos\">https:\/\/www.eltelegrafo.com.ec\/noticias\/actualidad\/44\/buenas-noticias-hallaron-neonatos-y-juveniles-de-iguanas-rosadas-en-galapagos<\/a><\/p>\n","protected":false},"excerpt":{"rendered":"<p>Tras a\u00f1os de investigaci\u00f3n, y por primera vez, en el Parque Nacional Gal\u00e1pagos se hallaron neonatos y juveniles de iguanas rosadas. La informaci\u00f3n se difundi\u00f3 a trav\u00e9s de la red social Twitter del ministro de Ambiente, Gustavo Manrique, la ma\u00f1ana de este martes 20 de diciembre de 2022. Las especies se encontraron al norte de la isla Isabela, en el volc\u00e1n Wolf. Manrique mencion\u00f3 que \u201c\u00a1Buenas noticias para nuestro pa\u00eds! Tras a\u00f1os de investigaci\u00f3n se hallaron por primera vez neonatos y juveniles de iguanas rosadas. Esto, gracias a un equipo de investigaci\u00f3n del @parquegalapagos y @savegalapagos\u201d. Este es un hito trascendental para esta especie \u00fanica en el mundo. El trabajo estuvo a cargo de la Direcci\u00f3n del Parque Nacional Gal\u00e1pagos, el Ministerio de Ambiente, Agua y Transici\u00f3n Ecol\u00f3gica, junto a Gal\u00e1pagos Conservancy. Ellos est\u00e1n involucrados en el programa Iniciativa Gal\u00e1pagos, con el cual han realizado siete expediciones para conocer el estado de este reptil, se han identificado amenazas, se ha documentado sitios de anidaci\u00f3n y se ha monitoreado a las cr\u00edas en sus diferentes estados de desarrollo. Para la protecci\u00f3n de las iguanas rosadas se instal\u00f3 una estaci\u00f3n permanente de investigaci\u00f3n y monitoreo de la biodiversidad del volc\u00e1n Wolf. Su objetivo es la restauraci\u00f3n de la poblaci\u00f3n de iguanas rosadas (Conolophus marthae) que est\u00e1n en peligro de extinci\u00f3n.\u00a0 Este reptil est\u00e1 en la Lista Roja de Especies Amenazadas de la Uni\u00f3n Internacional para la Conservaci\u00f3n de la Naturaleza (UICN). El motivo principal es que la poblaci\u00f3n es de aproximadamente 192 individuos maduros. Ellos comparten h\u00e1bitat con iguanas amarillas y tortugas gigantes (Chelonoidis becki)\u00a0en esta isla. https:\/\/www.eltelegrafo.com.ec\/noticias\/actualidad\/44\/buenas-noticias-hallaron-neonatos-y-juveniles-de-iguanas-rosadas-en-galapagos<\/p>\n","protected":false},"author":1,"featured_media":261196,"comment_status":"closed","ping_status":"closed","sticky":false,"template":"","format":"standard","meta":[],"categories":[35,24],"tags":[],"_links":{"self":[{"href":"https:\/\/www.ecuadortimes.net\/es\/wp-json\/wp\/v2\/posts\/261195"}],"collection":[{"href":"https:\/\/www.ecuadortimes.net\/es\/wp-json\/wp\/v2\/posts"}],"about":[{"href":"https:\/\/www.ecuadortimes.net\/es\/wp-json\/wp\/v2\/types\/post"}],"author":[{"embeddable":true,"href":"https:\/\/www.ecuadortimes.net\/es\/wp-json\/wp\/v2\/users\/1"}],"replies":[{"embeddable":true,"href":"https:\/\/www.ecuadortimes.net\/es\/wp-json\/wp\/v2\/comments?post=261195"}],"version-history":[{"count":1,"href":"https:\/\/www.ecuadortimes.net\/es\/wp-json\/wp\/v2\/posts\/261195\/revisions"}],"predecessor-version":[{"id":261197,"href":"https:\/\/www.ecuadortimes.net\/es\/wp-json\/wp\/v2\/posts\/261195\/revisions\/261197"}],"wp:featuredmedia":[{"embeddable":true,"href":"https:\/\/www.ecuadortimes.net\/es\/wp-json\/wp\/v2\/media\/261196"}],"wp:attachment":[{"href":"https:\/\/www.ecuadortimes.net\/es\/wp-json\/wp\/v2\/media?parent=261195"}],"wp:term":[{"taxonomy":"category","embeddable":true,"href":"https:\/\/www.ecuadortimes.net\/es\/wp-json\/wp\/v2\/categories?post=261195"},{"taxonomy":"post_tag","embeddable":true,"href":"https:\/\/www.ecuadortimes.net\/es\/wp-json\/wp\/v2\/tags?post=261195"}],"curies":[{"name":"wp","href":"https:\/\/api.w.org\/{rel}","templated":true}]}}