{"id":261198,"date":"2022-12-21T21:21:00","date_gmt":"2022-12-21T21:21:00","guid":{"rendered":"https:\/\/www.ecuadortimes.net\/es\/?p=261198"},"modified":"2022-12-21T21:21:00","modified_gmt":"2022-12-21T21:21:00","slug":"senadores-apoyan-un-acuerdo-comercial-entre-ecuador-y-estados-unidos","status":"publish","type":"post","link":"https:\/\/www.ecuadortimes.net\/es\/senadores-apoyan-un-acuerdo-comercial-entre-ecuador-y-estados-unidos\/","title":{"rendered":"Senadores apoyan un acuerdo comercial entre Ecuador y Estados Unidos"},"content":{"rendered":"<div class=\"itemFullText\">\n<p>Ecuador sum\u00f3 el respaldo de senadores para la negociaci\u00f3n de un tratado de libre comercio con Estados Unidos. Los legisladores Robert Men\u00e9ndez, presidente del Comit\u00e9 de Relaciones Exteriores del Senado, y Rob Portman enviaron una carta a Antony Blinken, secretario de Estado; y a Katherine Tai, representante comercial de la naci\u00f3n, para impulsar las negociaciones de un acuerdo comercial con Ecuador.<\/p>\n<div id=\"attachment_261199\" style=\"width: 1210px\" class=\"wp-caption alignnone\"><img aria-describedby=\"caption-attachment-261199\" loading=\"lazy\" class=\"size-full wp-image-261199\" src=\"https:\/\/www.ecuadortimes.net\/es\/wp-content\/uploads\/2022\/12\/ecuador-times-ecuador-news-senators-support-a-trade-agreement-between-ecuador-and-the-united-states.jpg\" alt=\"\" width=\"1200\" height=\"810\" srcset=\"https:\/\/www.ecuadortimes.net\/es\/wp-content\/uploads\/2022\/12\/ecuador-times-ecuador-news-senators-support-a-trade-agreement-between-ecuador-and-the-united-states.jpg 1200w, https:\/\/www.ecuadortimes.net\/es\/wp-content\/uploads\/2022\/12\/ecuador-times-ecuador-news-senators-support-a-trade-agreement-between-ecuador-and-the-united-states-75x52.jpg 75w\" sizes=\"(max-width: 1200px) 100vw, 1200px\" \/><p id=\"caption-attachment-261199\" class=\"wp-caption-text\">El presidente Lasso se reuni\u00f3 con miembros del Comit\u00e9 de Relaciones Exteriores de Estados Unidos en Washington.<\/p><\/div>\n<p>Este tema fue parte de las conversaciones que sostuvo el presidente Guillermo Lasso con su hom\u00f3logo de Estados Unidos, Joe Biden, durante la reuni\u00f3n que mantuvieron en la Casa Blanca de Washington el lunes 19 de diciembre de 2022. En su visita, el mandatario ecuatoriano tambi\u00e9n dialog\u00f3 con miembros del Comit\u00e9 de Relaciones Exteriores del Senado.<\/p>\n<p>En la misiva, los senadores se\u00f1alaron a Ecuador como un socio comercial estrat\u00e9gico y elogiaron las medidas emprendidas por la naci\u00f3n para impulsar la inversi\u00f3n extranjera.<\/p>\n<p>&#8220;Perseguir acuerdos integrales con cada pa\u00eds no solo ofrecer\u00eda un mejor acceso al mercado para los exportadores estadounidenses, sino que tambi\u00e9n facilitar\u00e1 una mayor colaboraci\u00f3n en materia de derechos laborales, sostenibilidad medioambiental, medidas anticorrupci\u00f3n, desarrollo inclusivo y pol\u00edticas que beneficien a las peque\u00f1as y medianas empresas&#8221;, indicaron en la carta.<\/p>\n<p>El presidente Lasso ratific\u00f3 su compromiso para fortalecer los acuerdos comerciales con los socios estrat\u00e9gicos de Ecuador y con ello impulsar la generaci\u00f3n de empleo a trav\u00e9s de la inversi\u00f3n extranjera.<\/p>\n<div class=\"twitter-tweet twitter-tweet-rendered\" style=\"display: flex; max-width: 550px; width: 100%; margin-top: 10px; margin-bottom: 10px;\"><iframe id=\"twitter-widget-1\" class=\"\" style=\"position: static; visibility: visible; width: 550px; height: 702px; display: block; flex-grow: 1;\" title=\"Twitter Tweet\" src=\"https:\/\/platform.twitter.com\/embed\/Tweet.html?creatorScreenName=el_telegrafo&amp;dnt=false&amp;embedId=twitter-widget-1&amp;features=eyJ0ZndfdGltZWxpbmVfbGlzdCI6eyJidWNrZXQiOlsibGlua3RyLmVlIiwidHIuZWUiLCJ0ZXJyYS5jb20uYnIiLCJ3d3cubGlua3RyLmVlIiwid3d3LnRyLmVlIiwid3d3LnRlcnJhLmNvbS5iciJdLCJ2ZXJzaW9uIjpudWxsfSwidGZ3X2hvcml6b25fdGltZWxpbmVfMTIwMzQiOnsiYnVja2V0IjoidHJlYXRtZW50IiwidmVyc2lvbiI6bnVsbH0sInRmd190d2VldF9lZGl0X2JhY2tlbmQiOnsiYnVja2V0Ijoib24iLCJ2ZXJzaW9uIjpudWxsfSwidGZ3X3JlZnNyY19zZXNzaW9uIjp7ImJ1Y2tldCI6Im9uIiwidmVyc2lvbiI6bnVsbH0sInRmd19zaG93X2J1c2luZXNzX3ZlcmlmaWVkX2JhZGdlIjp7ImJ1Y2tldCI6Im9uIiwidmVyc2lvbiI6bnVsbH0sInRmd19jaGluX3BpbGxzXzE0NzQxIjp7ImJ1Y2tldCI6ImNvbG9yX2ljb25zIiwidmVyc2lvbiI6bnVsbH0sInRmd190d2VldF9yZXN1bHRfbWlncmF0aW9uXzEzOTc5Ijp7ImJ1Y2tldCI6InR3ZWV0X3Jlc3VsdCIsInZlcnNpb24iOm51bGx9LCJ0Zndfc2Vuc2l0aXZlX21lZGlhX2ludGVyc3RpdGlhbF8xMzk2MyI6eyJidWNrZXQiOiJpbnRlcnN0aXRpYWwiLCJ2ZXJzaW9uIjpudWxsfSwidGZ3X2V4cGVyaW1lbnRzX2Nvb2tpZV9leHBpcmF0aW9uIjp7ImJ1Y2tldCI6MTIwOTYwMCwidmVyc2lvbiI6bnVsbH0sInRmd19kdXBsaWNhdGVfc2NyaWJlc190b19zZXR0aW5ncyI6eyJidWNrZXQiOiJvbiIsInZlcnNpb24iOm51bGx9LCJ0ZndfdmlkZW9faGxzX2R5bmFtaWNfbWFuaWZlc3RzXzE1MDgyIjp7ImJ1Y2tldCI6InRydWVfYml0cmF0ZSIsInZlcnNpb24iOm51bGx9LCJ0Zndfc2hvd19ibHVlX3ZlcmlmaWVkX2JhZGdlIjp7ImJ1Y2tldCI6Im9uIiwidmVyc2lvbiI6bnVsbH0sInRmd19zaG93X2dvdl92ZXJpZmllZF9iYWRnZSI6eyJidWNrZXQiOiJvbiIsInZlcnNpb24iOm51bGx9LCJ0Zndfc2hvd19idXNpbmVzc19hZmZpbGlhdGVfYmFkZ2UiOnsiYnVja2V0Ijoib24iLCJ2ZXJzaW9uIjpudWxsfSwidGZ3X3R3ZWV0X2VkaXRfZnJvbnRlbmQiOnsiYnVja2V0Ijoib24iLCJ2ZXJzaW9uIjpudWxsfX0%3D&amp;frame=false&amp;hideCard=false&amp;hideThread=false&amp;id=1605575973352505345&amp;lang=es&amp;origin=https%3A%2F%2Fwww.eltelegrafo.com.ec%2Fnoticias%2Factualidad%2F44%2Fsenadores-apoyan-acuerdo-estados-unidos&amp;sessionId=3488eb8b8af7033427e0bc98dacf17ffbbbefbcf&amp;siteScreenName=el_telegrafo&amp;theme=light&amp;widgetsVersion=a3525f077c700%3A1667415560940&amp;width=550px\" frameborder=\"0\" scrolling=\"no\" allowfullscreen=\"allowfullscreen\" data-tweet-id=\"1605575973352505345\"><\/iframe><\/div>\n<p><script src=\"https:\/\/platform.twitter.com\/widgets.js\"><\/script><\/p>\n<\/div>\n<p><a href=\"https:\/\/www.eltelegrafo.com.ec\/noticias\/actualidad\/44\/senadores-apoyan-acuerdo-estados-unidos\">https:\/\/www.eltelegrafo.com.ec\/noticias\/actualidad\/44\/senadores-apoyan-acuerdo-estados-unidos<\/a><\/p>\n","protected":false},"excerpt":{"rendered":"<p>Ecuador sum\u00f3 el respaldo de senadores para la negociaci\u00f3n de un tratado de libre comercio con Estados Unidos. Los legisladores Robert Men\u00e9ndez, presidente del Comit\u00e9 de Relaciones Exteriores del Senado, y Rob Portman enviaron una carta a Antony Blinken, secretario de Estado; y a Katherine Tai, representante comercial de la naci\u00f3n, para impulsar las negociaciones de un acuerdo comercial con Ecuador. Este tema fue parte de las conversaciones que sostuvo el presidente Guillermo Lasso con su hom\u00f3logo de Estados Unidos, Joe Biden, durante la reuni\u00f3n que mantuvieron en la Casa Blanca de Washington el lunes 19 de diciembre de 2022. En su visita, el mandatario ecuatoriano tambi\u00e9n dialog\u00f3 con miembros del Comit\u00e9 de Relaciones Exteriores del Senado. En la misiva, los senadores se\u00f1alaron a Ecuador como un socio comercial estrat\u00e9gico y elogiaron las medidas emprendidas por la naci\u00f3n para impulsar la inversi\u00f3n extranjera. &#8220;Perseguir acuerdos integrales con cada pa\u00eds no solo ofrecer\u00eda un mejor acceso al mercado para los exportadores estadounidenses, sino que tambi\u00e9n facilitar\u00e1 una mayor colaboraci\u00f3n en materia de derechos laborales, sostenibilidad medioambiental, medidas anticorrupci\u00f3n, desarrollo inclusivo y pol\u00edticas que beneficien a las peque\u00f1as y medianas empresas&#8221;, indicaron en la carta. El presidente Lasso ratific\u00f3 su compromiso para fortalecer los acuerdos comerciales con los socios estrat\u00e9gicos de Ecuador y con ello impulsar la generaci\u00f3n de empleo a trav\u00e9s de la inversi\u00f3n extranjera. https:\/\/www.eltelegrafo.com.ec\/noticias\/actualidad\/44\/senadores-apoyan-acuerdo-estados-unidos<\/p>\n","protected":false},"author":1,"featured_media":261199,"comment_status":"closed","ping_status":"closed","sticky":false,"template":"","format":"standard","meta":[],"categories":[43,23],"tags":[],"_links":{"self":[{"href":"https:\/\/www.ecuadortimes.net\/es\/wp-json\/wp\/v2\/posts\/261198"}],"collection":[{"href":"https:\/\/www.ecuadortimes.net\/es\/wp-json\/wp\/v2\/posts"}],"about":[{"href":"https:\/\/www.ecuadortimes.net\/es\/wp-json\/wp\/v2\/types\/post"}],"author":[{"embeddable":true,"href":"https:\/\/www.ecuadortimes.net\/es\/wp-json\/wp\/v2\/users\/1"}],"replies":[{"embeddable":true,"href":"https:\/\/www.ecuadortimes.net\/es\/wp-json\/wp\/v2\/comments?post=261198"}],"version-history":[{"count":1,"href":"https:\/\/www.ecuadortimes.net\/es\/wp-json\/wp\/v2\/posts\/261198\/revisions"}],"predecessor-version":[{"id":261200,"href":"https:\/\/www.ecuadortimes.net\/es\/wp-json\/wp\/v2\/posts\/261198\/revisions\/261200"}],"wp:featuredmedia":[{"embeddable":true,"href":"https:\/\/www.ecuadortimes.net\/es\/wp-json\/wp\/v2\/media\/261199"}],"wp:attachment":[{"href":"https:\/\/www.ecuadortimes.net\/es\/wp-json\/wp\/v2\/media?parent=261198"}],"wp:term":[{"taxonomy":"category","embeddable":true,"href":"https:\/\/www.ecuadortimes.net\/es\/wp-json\/wp\/v2\/categories?post=261198"},{"taxonomy":"post_tag","embeddable":true,"href":"https:\/\/www.ecuadortimes.net\/es\/wp-json\/wp\/v2\/tags?post=261198"}],"curies":[{"name":"wp","href":"https:\/\/api.w.org\/{rel}","templated":true}]}}