{"id":261210,"date":"2022-12-23T22:24:22","date_gmt":"2022-12-23T22:24:22","guid":{"rendered":"https:\/\/www.ecuadortimes.net\/es\/?p=261210"},"modified":"2022-12-23T22:24:22","modified_gmt":"2022-12-23T22:24:22","slug":"crisis-migratoria-mas-de-20-000-ecuatorianos-cruzaron-el-darien","status":"publish","type":"post","link":"https:\/\/www.ecuadortimes.net\/es\/crisis-migratoria-mas-de-20-000-ecuatorianos-cruzaron-el-darien\/","title":{"rendered":"Crisis migratoria: m\u00e1s de 20.000 ecuatorianos cruzaron el Dari\u00e9n"},"content":{"rendered":"<div id=\"entry-content-inarticle\" class=\"entry-content\">\n<h3 class=\"noticia__entradilla\">La migraci\u00f3n irregular de ecuatorianos, que se aventuran por la peligrosa selva colombo paname\u00f1a, se dispar\u00f3 entre enero de 2021 y octubre de 2022.<\/h3>\n<div id=\"attachment_261211\" style=\"width: 1034px\" class=\"wp-caption alignnone\"><img aria-describedby=\"caption-attachment-261211\" loading=\"lazy\" class=\"size-full wp-image-261211\" src=\"https:\/\/www.ecuadortimes.net\/es\/wp-content\/uploads\/2022\/12\/ecuador-times-ecuador-news-migration-crisis-more-than-20000-ecuadorians-crossed-the-darien.jpg\" alt=\"\" width=\"1024\" height=\"574\" \/><p id=\"caption-attachment-261211\" class=\"wp-caption-text\">Miles de migrantes hacen fila el 14 de octubre de 2022, en el pueblo de Bajo Chiquito para ser enviados a una estaci\u00f3n de recepci\u00f3n migratoria en Panam\u00e1, tras cruzar la selva del Dari\u00e9n.<\/p><\/div>\n<p class=\"selectionShareable\">La ola migratoria desde Ecuador, Venezuela, Hait\u00ed, Cuba y otros pa\u00edses a ra\u00edz de la pandemia del Covid-19 ha reconfigurado el tr\u00e1fico ilegal de migrantes.<\/p>\n<p class=\"selectionShareable\">Desde septiembre de 2021, pa\u00edses como M\u00e9xico y Guatemala, empezaron a solicitar visa a los ecuatorianos para ingresar y transitar por sus territorios. Ambos pa\u00edses eran utilizados como <strong>rutas del tr\u00e1nsito irregular <\/strong>hacia <strong>Estados Unidos.<\/strong><\/p>\n<p class=\"selectionShareable\">Esto llev\u00f3 a las redes de traficantes de personas o \u2018coyoteros\u2019 a buscar nuevas rutas. Por ejemplo, a trav\u00e9s de Colombia y Panam\u00e1, donde hay que atravesar a pie la peligrosa <strong>selva del Dari\u00e9n<\/strong>.<\/p>\n<p class=\"selectionShareable\">El Dari\u00e9n es una zona temida, de selva cerrada, dif\u00edcil y hostil y con <strong>presencia de grupos criminales.<\/strong><\/p>\n<p class=\"selectionShareable\">Cifras del <a href=\"https:\/\/www.datosabiertos.gob.pa\/dataset\/migracion-irregulares-en-transito-por-darien-por-pais-de-enero-a-noviembre-2021\" target=\"_blank\" rel=\"noreferrer noopener\">Servicio Nacional de Migraci\u00f3n de Panam\u00e1<\/a> reflejan este fen\u00f3meno. Seg\u00fan sus estad\u00edsticas, en <strong>2021<\/strong> unos <strong>331 ecuatorianos <\/strong>irregulares cruzaron por esa zona. Mientras que entre enero y noviembre de <strong>2022<\/strong> ese n\u00famero se eleva a <strong>21.535 personas<\/strong>.<\/p>\n<div class=\"flourish-embed flourish-chart\" data-src=\"visualisation\/12251081\">\n<p><script src=\"https:\/\/public.flourish.studio\/resources\/embed.js\"><\/script><iframe style=\"width: 100%; height: 575px;\" title=\"Interactive or visual content\" src=\"https:\/\/flo.uri.sh\/visualisation\/12251081\/embed?auto=1\" frameborder=\"0\" scrolling=\"no\" sandbox=\"allow-same-origin allow-forms allow-scripts allow-downloads allow-popups allow-popups-to-escape-sandbox allow-top-navigation-by-user-activation\"><\/iframe><\/p>\n<div class=\"flourish-credit\" style=\"width: 100%!important; margin: 0 0 4px!important; text-align: right!important; font-family: Helvetica,sans-serif!important; color: #888!important; font-size: 11px!important; font-weight: bold!important; font-style: normal!important; -webkit-font-smoothing: antialiased!important; box-shadow: none!important;\"><a style=\"display: inline-block!important; text-decoration: none!important; font: inherit!important; color: inherit!important; border: none!important; margin: 0 5px!important; box-shadow: none!important;\" href=\"https:\/\/public.flourish.studio\/visualisation\/12251081\/?utm_source=showcase&amp;utm_campaign=visualisation\/12251081\" target=\"_top\" rel=\"noopener\"><img style=\"font: inherit!important; width: auto!important; height: 12px!important; border: none!important; margin: 0 2px 0!important; vertical-align: middle!important; display: inline-block!important; box-shadow: none!important;\" src=\"https:\/\/public.flourish.studio\/resources\/bosh.svg\" alt=\"Flourish logo\" \/><span style=\"font: inherit!important; color: #888!important; vertical-align: middle!important; display: inline-block!important; box-shadow: none!important;\">A Flourish chart<\/span><\/a><\/div>\n<\/div>\n<p class=\"selectionShareable\">En enero de 2021, el gobierno paname\u00f1o rastre\u00f3 a tres ecuatorianos cruzando por esa zona selv\u00e1tica hacia Estados Unidos. En octubre de 2022, el registro subi\u00f3 a<strong> 8.487 ecuatorianos.<\/strong><\/p>\n<h2>La tragedia de una familia<\/h2>\n<p class=\"selectionShareable\">Para finales de noviembre de 2022, cinco miembros de la <strong>familia guayaquile\u00f1a Pincay Toaza<\/strong> emprendieron un <strong>viaje hacia Estados Unidos<\/strong>.<\/p>\n<p class=\"selectionShareable\">La ruta elegida por los \u2018coyotes\u2019 contratados por esta familia fue la <strong>selva del Dari\u00e9n<\/strong>.<\/p>\n<p class=\"selectionShareable\">Seg\u00fan la historia recogida por la ONG <a href=\"https:\/\/www.facebook.com\/1800Migrante\/\" target=\"_blank\" rel=\"noreferrer noopener\">1800-Migrante<\/a>, los ecuatorianos lograron cruzar la frontera norte de Colombia. Pero al entrar a la zona selv\u00e1tica las cosas cambiaron.<\/p>\n<p class=\"selectionShareable\">Un mal c\u00e1lculo hizo que la <strong>familia se quedara sin comida<\/strong>. Dos integrantes del grupo de migrantes contaron que estuvieron tres d\u00edas sin probar bocado. Pero lograron llegar al \u00faltimo tramo, antes del punto fronterizo paname\u00f1o conocido como Candil.<\/p>\n<p class=\"selectionShareable\">All\u00ed deb\u00edan cruzar un r\u00edo y contrataron a lugare\u00f1os para que los ayudaran. Ten\u00edan que hacerlo a bordo de una lancha peque\u00f1a y la regla era que primero cruzaran las mujeres y los ni\u00f1os. En la familia ecuatoriana hab\u00eda tres mujeres que se embarcaron en ese primer viaje.<\/p>\n<p class=\"selectionShareable\">En medio del r\u00edo, el lanchero hizo una mala maniobra contra corriente y <strong>la embarcaci\u00f3n se volte\u00f3<\/strong>. Todos los tripulantes desaparecieron. Aunque la mayor\u00eda de los migrantes fue rescatada, <strong>tres mujeres se ahogaron y dos siguen desparecidas<\/strong>.<\/p>\n<p class=\"selectionShareable\">Una de las <strong>v\u00edctimas mortales es Sonia Pincay Toaza<\/strong>. Su cuerpo fue recuperado y llevado a una morgue en Panam\u00e1.<\/p>\n<p class=\"selectionShareable\">Sonia ten\u00eda 52 a\u00f1os y era <strong>madre de cinco hijos<\/strong>. Seg\u00fan el reporte de la organizaci\u00f3n, luego de una colecta familiar para costear la repatriaci\u00f3n, el 22 de diciembre de 2022 el cad\u00e1ver estaba en tr\u00e1nsito hacia Ecuador.<\/p>\n<p class=\"selectionShareable\">Pero el drama de la familia guayaquile\u00f1a no acaba ah\u00ed. Todav\u00eda buscan a <strong>dos de sus parientes, ambas mujeres<\/strong>.<\/p>\n<p class=\"selectionShareable\">Teresa Pincay Toaza y Yamileth Rodr\u00edguez Pincay, de 62 y 20 a\u00f1os respectivamente, son las dos ecuatorianas que <strong>siguen desaparecidas<\/strong>.<\/p>\n<figure class=\"wp-block-embed is-type-rich is-provider-twitter wp-block-embed-twitter\">\n<div class=\"wp-block-embed__wrapper\">\n<div class=\"twitter-tweet twitter-tweet-rendered\" style=\"display: flex; max-width: 500px; width: 100%; margin-top: 10px; margin-bottom: 10px;\"><iframe id=\"twitter-widget-0\" class=\"\" style=\"position: static; visibility: visible; width: 500px; height: 644px; display: block; flex-grow: 1;\" title=\"Twitter Tweet\" src=\"https:\/\/platform.twitter.com\/embed\/Tweet.html?dnt=true&amp;embedId=twitter-widget-0&amp;features=eyJ0ZndfdGltZWxpbmVfbGlzdCI6eyJidWNrZXQiOlsibGlua3RyLmVlIiwidHIuZWUiLCJ0ZXJyYS5jb20uYnIiLCJ3d3cubGlua3RyLmVlIiwid3d3LnRyLmVlIiwid3d3LnRlcnJhLmNvbS5iciJdLCJ2ZXJzaW9uIjpudWxsfSwidGZ3X2hvcml6b25fdGltZWxpbmVfMTIwMzQiOnsiYnVja2V0IjoidHJlYXRtZW50IiwidmVyc2lvbiI6bnVsbH0sInRmd190d2VldF9lZGl0X2JhY2tlbmQiOnsiYnVja2V0Ijoib24iLCJ2ZXJzaW9uIjpudWxsfSwidGZ3X3JlZnNyY19zZXNzaW9uIjp7ImJ1Y2tldCI6Im9uIiwidmVyc2lvbiI6bnVsbH0sInRmd19zaG93X2J1c2luZXNzX3ZlcmlmaWVkX2JhZGdlIjp7ImJ1Y2tldCI6Im9uIiwidmVyc2lvbiI6bnVsbH0sInRmd19jaGluX3BpbGxzXzE0NzQxIjp7ImJ1Y2tldCI6ImNvbG9yX2ljb25zIiwidmVyc2lvbiI6bnVsbH0sInRmd190d2VldF9yZXN1bHRfbWlncmF0aW9uXzEzOTc5Ijp7ImJ1Y2tldCI6InR3ZWV0X3Jlc3VsdCIsInZlcnNpb24iOm51bGx9LCJ0ZndfbWl4ZWRfbWVkaWFfMTU4OTciOnsiYnVja2V0IjoidHJlYXRtZW50IiwidmVyc2lvbiI6bnVsbH0sInRmd19zZW5zaXRpdmVfbWVkaWFfaW50ZXJzdGl0aWFsXzEzOTYzIjp7ImJ1Y2tldCI6ImludGVyc3RpdGlhbCIsInZlcnNpb24iOm51bGx9LCJ0ZndfZXhwZXJpbWVudHNfY29va2llX2V4cGlyYXRpb24iOnsiYnVja2V0IjoxMjA5NjAwLCJ2ZXJzaW9uIjpudWxsfSwidGZ3X2R1cGxpY2F0ZV9zY3JpYmVzX3RvX3NldHRpbmdzIjp7ImJ1Y2tldCI6Im9uIiwidmVyc2lvbiI6bnVsbH0sInRmd192aWRlb19obHNfZHluYW1pY19tYW5pZmVzdHNfMTUwODIiOnsiYnVja2V0IjoidHJ1ZV9iaXRyYXRlIiwidmVyc2lvbiI6bnVsbH0sInRmd19zaG93X2JsdWVfdmVyaWZpZWRfYmFkZ2UiOnsiYnVja2V0Ijoib24iLCJ2ZXJzaW9uIjpudWxsfSwidGZ3X3Nob3dfZ292X3ZlcmlmaWVkX2JhZGdlIjp7ImJ1Y2tldCI6Im9uIiwidmVyc2lvbiI6bnVsbH0sInRmd19zaG93X2J1c2luZXNzX2FmZmlsaWF0ZV9iYWRnZSI6eyJidWNrZXQiOiJvbiIsInZlcnNpb24iOm51bGx9LCJ0ZndfdHdlZXRfZWRpdF9mcm9udGVuZCI6eyJidWNrZXQiOiJvbiIsInZlcnNpb24iOm51bGx9fQ%3D%3D&amp;frame=false&amp;hideCard=false&amp;hideThread=false&amp;id=1605985710619512832&amp;lang=es&amp;origin=https%3A%2F%2Fwww.primicias.ec%2Fnoticias%2Fen-exclusiva%2Fcrisis-migratoria-ecuatorianos-selva-darien%2F&amp;sessionId=105d31bfab3577bc26452e3d032f1388da18cf90&amp;siteScreenName=primicias&amp;theme=light&amp;widgetsVersion=a3525f077c700%3A1667415560940&amp;width=500px\" frameborder=\"0\" scrolling=\"no\" allowfullscreen=\"allowfullscreen\" data-tweet-id=\"1605985710619512832\"><\/iframe><\/div>\n<p><script data-minify=\"1\" async=\"\" src=\"https:\/\/www.primicias.ec\/wp-content\/cache\/min\/1\/widgets.js?ver=1671793221\" charset=\"utf-8\"><\/script><\/p>\n<\/div>\n<\/figure>\n<h2>Por qu\u00e9 Panam\u00e1<\/h2>\n<p class=\"selectionShareable\"><strong>Panam\u00e1 <\/strong>es uno de los 156 pa\u00edses del mundo que <strong>no pide visa a ecuatorianos<\/strong>. Por esta raz\u00f3n, los migrantes pueden ingresar a ese pa\u00eds por cualquiera de sus fronteras y seguir su camino hacia Estados Unidos.<\/p>\n<p class=\"selectionShareable\">Solo si una persona necesita permanecer en Panam\u00e1 m\u00e1s de 90 d\u00edas, debe tramitar un permiso especial ante los servicios migratorios paname\u00f1os.<\/p>\n<p class=\"selectionShareable\">Sin embargo, los datos migratorios de Ecuador muestran que los ecuatorianos que est\u00e1n usando la selva del Dari\u00e9n como ruta de tr\u00e1nsito no llegan a Panam\u00e1 a trav\u00e9s de fronteras legales:<strong> cruzan a trav\u00e9s de pasos irregulares y no registran su salida<\/strong>.<\/p>\n<div class=\"flourish-embed flourish-chart\" data-src=\"visualisation\/12251507\">\n<p><script src=\"https:\/\/public.flourish.studio\/resources\/embed.js\"><\/script><iframe style=\"width: 100%; height: 575px;\" title=\"Interactive or visual content\" src=\"https:\/\/flo.uri.sh\/visualisation\/12251507\/embed?auto=1\" frameborder=\"0\" scrolling=\"no\" sandbox=\"allow-same-origin allow-forms allow-scripts allow-downloads allow-popups allow-popups-to-escape-sandbox allow-top-navigation-by-user-activation\"><\/iframe><\/p>\n<div class=\"flourish-credit\" style=\"width: 100%!important; margin: 0 0 4px!important; text-align: right!important; font-family: Helvetica,sans-serif!important; color: #888!important; font-size: 11px!important; font-weight: bold!important; font-style: normal!important; -webkit-font-smoothing: antialiased!important; box-shadow: none!important;\"><a style=\"display: inline-block!important; text-decoration: none!important; font: inherit!important; color: inherit!important; border: none!important; margin: 0 5px!important; box-shadow: none!important;\" href=\"https:\/\/public.flourish.studio\/visualisation\/12251507\/?utm_source=showcase&amp;utm_campaign=visualisation\/12251507\" target=\"_top\" rel=\"noopener\"><img style=\"font: inherit!important; width: auto!important; height: 12px!important; border: none!important; margin: 0 2px 0!important; vertical-align: middle!important; display: inline-block!important; box-shadow: none!important;\" src=\"https:\/\/public.flourish.studio\/resources\/bosh.svg\" alt=\"Flourish logo\" \/><span style=\"font: inherit!important; color: #888!important; vertical-align: middle!important; display: inline-block!important; box-shadow: none!important;\">A Flourish chart<\/span><\/a><\/div>\n<\/div>\n<p class=\"selectionShareable\">Los datos migratorios ecuatorianos muestran tambi\u00e9n que la<strong> ruta por Nicaragua todav\u00eda sigue siendo utilizada<\/strong>. Incluso se increment\u00f3 en septiembre y octubre de 2022.<\/p>\n<p class=\"selectionShareable\">En estos dos meses, 9.536 ecuatorianos viajaron a ese pa\u00eds y solo volvieron 105. Hay una diferencia de 9.431 migrantes que se quedaron en Nicaragua o siguieron en tr\u00e1nsito hacia el norte de Am\u00e9rica.<\/p>\n<div class=\"flourish-embed flourish-chart\" data-src=\"visualisation\/12251486\">\n<p><script src=\"https:\/\/public.flourish.studio\/resources\/embed.js\"><\/script><iframe style=\"width: 100%; height: 575px;\" title=\"Interactive or visual content\" src=\"https:\/\/flo.uri.sh\/visualisation\/12251486\/embed?auto=1\" frameborder=\"0\" scrolling=\"no\" sandbox=\"allow-same-origin allow-forms allow-scripts allow-downloads allow-popups allow-popups-to-escape-sandbox allow-top-navigation-by-user-activation\"><\/iframe><\/p>\n<div class=\"flourish-credit\" style=\"width: 100%!important; margin: 0 0 4px!important; text-align: right!important; font-family: Helvetica,sans-serif!important; color: #888!important; font-size: 11px!important; font-weight: bold!important; font-style: normal!important; -webkit-font-smoothing: antialiased!important; box-shadow: none!important;\"><a style=\"display: inline-block!important; text-decoration: none!important; font: inherit!important; color: inherit!important; border: none!important; margin: 0 5px!important; box-shadow: none!important;\" href=\"https:\/\/public.flourish.studio\/visualisation\/12251486\/?utm_source=showcase&amp;utm_campaign=visualisation\/12251486\" target=\"_top\" rel=\"noopener\"><img style=\"font: inherit!important; width: auto!important; height: 12px!important; border: none!important; margin: 0 2px 0!important; vertical-align: middle!important; display: inline-block!important; box-shadow: none!important;\" src=\"https:\/\/public.flourish.studio\/resources\/bosh.svg\" alt=\"Flourish logo\" \/><span style=\"font: inherit!important; color: #888!important; vertical-align: middle!important; display: inline-block!important; box-shadow: none!important;\">A Flourish chart<\/span><\/a><\/div>\n<\/div>\n<h2>Entrega a cambio de regularizaci\u00f3n<\/h2>\n<p class=\"selectionShareable\">Los miles de migrantes de Ecuador, Colombia, Cuba, Venezuela, Haiti, Nicaragua y otros pa\u00edses que buscan llegar a Estados Unidos, conformaron lo que se denominaron caravanas.<\/p>\n<p class=\"selectionShareable\">Se trata de grandes <strong>grupos de caminantes<\/strong> que intentan evitar los controles mexicanos, el \u00faltimo escollo antes de llegar a la frontera con Estados Unidos.<\/p>\n<p class=\"selectionShareable\">Pero el incremento de controles de las autoridades migratorias mexicanas ha obligado a las caravanas a cambiar de metodolog\u00eda.<\/p>\n<p class=\"selectionShareable\">El 20 de diciembre de 2022, la agencia EFE report\u00f3 que <strong>cientos de migrantes decidieron entregarse voluntariamente<\/strong> ante un operativo del Instituto Nacional de Migraci\u00f3n (INM) y de la Guardia Nacional, en la frontera sur de M\u00e9xico.<\/p>\n<p class=\"selectionShareable\">Este filtro lo hicieron las autoridades mexicanas en el parque central Miguel Hidalgo, de la ciudad de<strong> Tapachula<\/strong>, para evitar que m\u00e1s migrantes salgan en caravana con rumbo a los Estados Unidos.<\/p>\n<p class=\"selectionShareable\">Las autoridades les ofrecieron llevarlos a la Estaci\u00f3n Migratoria Siglo XXI, en donde les extendieron un <strong>permiso de 30 d\u00edas para estar en territorio mexicano.<\/strong><\/p>\n<p class=\"selectionShareable\">A diferencia de otras ocasiones, en las que los agentes llegaban y los persegu\u00edan, los propios migrantes subieron de manera masiva a las unidades, con el af\u00e1n de poder estar de forma legal en M\u00e9xico mientras avanzan hacia Estados Unidos.<\/p>\n<p class=\"selectionShareable\">Ese permiso u<strong> oficio de salida<\/strong> les permite acudir al centro de atenci\u00f3n provisional y <strong>permanecer legalmente durante 30 d\u00edas<\/strong> en el estado de Chiapas, al sur de M\u00e9xico.<\/p>\n<div class=\"noticia__single__enlaces\"><\/div>\n<\/div>\n<p><a href=\"https:\/\/www.primicias.ec\/noticias\/en-exclusiva\/crisis-migratoria-ecuatorianos-selva-darien\/\">https:\/\/www.primicias.ec\/noticias\/en-exclusiva\/crisis-migratoria-ecuatorianos-selva-darien\/<\/a><\/p>\n","protected":false},"excerpt":{"rendered":"<p>La migraci\u00f3n irregular de ecuatorianos, que se aventuran por la peligrosa selva colombo paname\u00f1a, se dispar\u00f3 entre enero de 2021 y octubre de 2022. La ola migratoria desde Ecuador, Venezuela, Hait\u00ed, Cuba y otros pa\u00edses a ra\u00edz de la pandemia del Covid-19 ha reconfigurado el tr\u00e1fico ilegal de migrantes. Desde septiembre de 2021, pa\u00edses como M\u00e9xico y Guatemala, empezaron a solicitar visa a los ecuatorianos para ingresar y transitar por sus territorios. Ambos pa\u00edses eran utilizados como rutas del tr\u00e1nsito irregular hacia Estados Unidos. Esto llev\u00f3 a las redes de traficantes de personas o \u2018coyoteros\u2019 a buscar nuevas rutas. Por ejemplo, a trav\u00e9s de Colombia y Panam\u00e1, donde hay que atravesar a pie la peligrosa selva del Dari\u00e9n. El Dari\u00e9n es una zona temida, de selva cerrada, dif\u00edcil y hostil y con presencia de grupos criminales. Cifras del Servicio Nacional de Migraci\u00f3n de Panam\u00e1 reflejan este fen\u00f3meno. Seg\u00fan sus estad\u00edsticas, en 2021 unos 331 ecuatorianos irregulares cruzaron por esa zona. Mientras que entre enero y noviembre de 2022 ese n\u00famero se eleva a 21.535 personas. A Flourish chart En enero de 2021, el gobierno paname\u00f1o rastre\u00f3 a tres ecuatorianos cruzando por esa zona selv\u00e1tica hacia Estados Unidos. En octubre de 2022, el registro subi\u00f3 a 8.487 ecuatorianos. La tragedia de una familia Para finales de noviembre de 2022, cinco miembros de la familia guayaquile\u00f1a Pincay Toaza emprendieron un viaje hacia Estados Unidos. La ruta elegida por los \u2018coyotes\u2019 contratados por esta familia fue la selva del Dari\u00e9n. Seg\u00fan la historia recogida por la ONG 1800-Migrante, los ecuatorianos lograron cruzar la frontera norte de Colombia. Pero al entrar a la zona selv\u00e1tica las cosas cambiaron. Un mal c\u00e1lculo hizo que la familia se quedara sin comida. Dos integrantes del grupo de migrantes contaron que estuvieron tres d\u00edas sin probar bocado. Pero lograron llegar al \u00faltimo tramo, antes del punto fronterizo paname\u00f1o conocido como Candil. All\u00ed deb\u00edan cruzar un r\u00edo y contrataron a lugare\u00f1os para que los ayudaran. Ten\u00edan que hacerlo a bordo de una lancha peque\u00f1a y la regla era que primero cruzaran las mujeres y los ni\u00f1os. En la familia ecuatoriana hab\u00eda tres mujeres que se embarcaron en ese primer viaje. En medio del r\u00edo, el lanchero hizo una mala maniobra contra corriente y la embarcaci\u00f3n se volte\u00f3. Todos los tripulantes desaparecieron. Aunque la mayor\u00eda de los migrantes fue rescatada, tres mujeres se ahogaron y dos siguen desparecidas. Una de las v\u00edctimas mortales es Sonia Pincay Toaza. Su cuerpo fue recuperado y llevado a una morgue en Panam\u00e1. Sonia ten\u00eda 52 a\u00f1os y era madre de cinco hijos. Seg\u00fan el reporte de la organizaci\u00f3n, luego de una colecta familiar para costear la repatriaci\u00f3n, el 22 de diciembre de 2022 el cad\u00e1ver estaba en tr\u00e1nsito hacia Ecuador. Pero el drama de la familia guayaquile\u00f1a no acaba ah\u00ed. Todav\u00eda buscan a dos de sus parientes, ambas mujeres. Teresa Pincay Toaza y Yamileth Rodr\u00edguez Pincay, de 62 y 20 a\u00f1os respectivamente, son las dos ecuatorianas que siguen desaparecidas. Por qu\u00e9 Panam\u00e1 Panam\u00e1 es uno de los 156 pa\u00edses del mundo que no pide visa a ecuatorianos. Por esta raz\u00f3n, los migrantes pueden ingresar a ese pa\u00eds por cualquiera de sus fronteras y seguir su camino hacia Estados Unidos. Solo si una persona necesita permanecer en Panam\u00e1 m\u00e1s de 90 d\u00edas, debe tramitar un permiso especial ante los servicios migratorios paname\u00f1os. Sin embargo, los datos migratorios de Ecuador muestran que los ecuatorianos que est\u00e1n usando la selva del Dari\u00e9n como ruta de tr\u00e1nsito no llegan a Panam\u00e1 a trav\u00e9s de fronteras legales: cruzan a trav\u00e9s de pasos irregulares y no registran su salida. A Flourish chart Los datos migratorios ecuatorianos muestran tambi\u00e9n que la ruta por Nicaragua todav\u00eda sigue siendo utilizada. Incluso se increment\u00f3 en septiembre y octubre de 2022. En estos dos meses, 9.536 ecuatorianos viajaron a ese pa\u00eds y solo volvieron 105. Hay una diferencia de 9.431 migrantes que se quedaron en Nicaragua o siguieron en tr\u00e1nsito hacia el norte de Am\u00e9rica. A Flourish chart Entrega a cambio de regularizaci\u00f3n Los miles de migrantes de Ecuador, Colombia, Cuba, Venezuela, Haiti, Nicaragua y otros pa\u00edses que buscan llegar a Estados Unidos, conformaron lo que se denominaron caravanas. Se trata de grandes grupos de caminantes que intentan evitar los controles mexicanos, el \u00faltimo escollo antes de llegar a la frontera con Estados Unidos. Pero el incremento de controles de las autoridades migratorias mexicanas ha obligado a las caravanas a cambiar de metodolog\u00eda. El 20 de diciembre de 2022, la agencia EFE report\u00f3 que cientos de migrantes decidieron entregarse voluntariamente ante un operativo del Instituto Nacional de Migraci\u00f3n (INM) y de la Guardia Nacional, en la frontera sur de M\u00e9xico. Este filtro lo hicieron las autoridades mexicanas en el parque central Miguel Hidalgo, de la ciudad de Tapachula, para evitar que m\u00e1s migrantes salgan en caravana con rumbo a los Estados Unidos. Las autoridades les ofrecieron llevarlos a la Estaci\u00f3n Migratoria Siglo XXI, en donde les extendieron un permiso de 30 d\u00edas para estar en territorio mexicano. A diferencia de otras ocasiones, en las que los agentes llegaban y los persegu\u00edan, los propios migrantes subieron de manera masiva a las unidades, con el af\u00e1n de poder estar de forma legal en M\u00e9xico mientras avanzan hacia Estados Unidos. Ese permiso u oficio de salida les permite acudir al centro de atenci\u00f3n provisional y permanecer legalmente durante 30 d\u00edas en el estado de Chiapas, al sur de M\u00e9xico. https:\/\/www.primicias.ec\/noticias\/en-exclusiva\/crisis-migratoria-ecuatorianos-selva-darien\/<\/p>\n","protected":false},"author":1,"featured_media":261211,"comment_status":"closed","ping_status":"closed","sticky":false,"template":"","format":"standard","meta":[],"categories":[35,23],"tags":[],"_links":{"self":[{"href":"https:\/\/www.ecuadortimes.net\/es\/wp-json\/wp\/v2\/posts\/261210"}],"collection":[{"href":"https:\/\/www.ecuadortimes.net\/es\/wp-json\/wp\/v2\/posts"}],"about":[{"href":"https:\/\/www.ecuadortimes.net\/es\/wp-json\/wp\/v2\/types\/post"}],"author":[{"embeddable":true,"href":"https:\/\/www.ecuadortimes.net\/es\/wp-json\/wp\/v2\/users\/1"}],"replies":[{"embeddable":true,"href":"https:\/\/www.ecuadortimes.net\/es\/wp-json\/wp\/v2\/comments?post=261210"}],"version-history":[{"count":1,"href":"https:\/\/www.ecuadortimes.net\/es\/wp-json\/wp\/v2\/posts\/261210\/revisions"}],"predecessor-version":[{"id":261212,"href":"https:\/\/www.ecuadortimes.net\/es\/wp-json\/wp\/v2\/posts\/261210\/revisions\/261212"}],"wp:featuredmedia":[{"embeddable":true,"href":"https:\/\/www.ecuadortimes.net\/es\/wp-json\/wp\/v2\/media\/261211"}],"wp:attachment":[{"href":"https:\/\/www.ecuadortimes.net\/es\/wp-json\/wp\/v2\/media?parent=261210"}],"wp:term":[{"taxonomy":"category","embeddable":true,"href":"https:\/\/www.ecuadortimes.net\/es\/wp-json\/wp\/v2\/categories?post=261210"},{"taxonomy":"post_tag","embeddable":true,"href":"https:\/\/www.ecuadortimes.net\/es\/wp-json\/wp\/v2\/tags?post=261210"}],"curies":[{"name":"wp","href":"https:\/\/api.w.org\/{rel}","templated":true}]}}