{"id":261222,"date":"2022-12-30T22:26:01","date_gmt":"2022-12-30T22:26:01","guid":{"rendered":"https:\/\/www.ecuadortimes.net\/es\/?p=261222"},"modified":"2022-12-30T22:26:01","modified_gmt":"2022-12-30T22:26:01","slug":"los-jovenes-ecuatorianos-no-saben-que-hacer-al-terminar-el-colegio","status":"publish","type":"post","link":"https:\/\/www.ecuadortimes.net\/es\/los-jovenes-ecuatorianos-no-saben-que-hacer-al-terminar-el-colegio\/","title":{"rendered":"Los j\u00f3venes ecuatorianos no saben qu\u00e9 hacer al terminar el colegio"},"content":{"rendered":"<div id=\"entry-content-inarticle\" class=\"entry-content\">\n<h3 class=\"noticia__entradilla\">Al terminar el colegio, los j\u00f3venes ecuatorianos deben rendir un examen para tratar de ingresar a la universidad. Algunos pasan, otros no. Los que est\u00e1n en este segundo grupo viven en el limbo.<\/h3>\n<div id=\"attachment_261223\" style=\"width: 1034px\" class=\"wp-caption alignnone\"><img aria-describedby=\"caption-attachment-261223\" loading=\"lazy\" class=\"size-full wp-image-261223\" src=\"https:\/\/www.ecuadortimes.net\/es\/wp-content\/uploads\/2022\/12\/ecuador-times-ecuador-news-young-ecuadorians-do-not-know-what-to-do-when-they-finish-school.jpeg\" alt=\"\" width=\"1024\" height=\"574\" \/><p id=\"caption-attachment-261223\" class=\"wp-caption-text\">Estudiantes rinden el examen Transformar, el 2 de septiembre de 2022 en Quito.<\/p><\/div>\n<p class=\"selectionShareable\"><em>Esta nota est\u00e1 basada en el art\u00edculo<a href=\"https:\/\/revistamundodiners.com\/jovenes-ecuatorianos-limbo\/\" target=\"_blank\" rel=\"noreferrer noopener\"> \u201cLos chicos no est\u00e1n bien\u201d, de Marco Mart\u00ednez, <\/a>publicado en la revista Mundo Diners de diciembre 2022.<\/em><\/p>\n<p class=\"selectionShareable\">Ximena L\u00f3pez, de 18 a\u00f1os, ha rendido tres veces el <strong>examen de ingreso a la universidad.<\/strong> Al igual que muchos j\u00f3venes ecuatorianos, al terminar el colegio pens\u00f3 que no ser\u00eda complicado aprobarlo.<\/p>\n<p class=\"selectionShareable\">Ella <strong>quer\u00eda ser azafata<\/strong>, pero esa es una <strong>carrera costosa<\/strong>.\u00a0 Por lo tanto, tuvo que <strong>dejar su<\/strong> <strong>vocaci\u00f3n <\/strong>y ser consecuente con las posibilidades econ\u00f3micas de su familia. Durante un tiempo se <strong>prepar\u00f3 <\/strong>como <strong>auxiliar en odontolog\u00eda<\/strong> e hizo pr\u00e1cticas en un hospital de Guayaquil.<\/p>\n<p class=\"selectionShareable\">Pero eso no era lo suyo.<\/p>\n<p class=\"selectionShareable\">\u00bfLe sucedi\u00f3 lo mismo a sus amigos del colegio? \u201cPoqu\u00edsimos lograron entrar a una universidad p\u00fablica. Algunos est\u00e1n en <a href=\"https:\/\/revistamundodiners.com\/75-anios-universidad-catolica-ecuador\/\">universidades privadas.<\/a> Otros obtuvieron becas del municipio\u201d, comenta.<\/p>\n<p class=\"selectionShareable\">Y luego la pregunta de rigor: \u00bfc\u00f3mo se siente despu\u00e9s de los intentos fallidos? \u201cMe sent\u00ed un poco frustrada, pero sin bajonearme y no he dejado de intentarlo\u201d.<\/p>\n<p class=\"selectionShareable\">En <strong>septiembre de este a\u00f1o<\/strong> rindi\u00f3 por <strong>cuarta ocasi\u00f3n el test de admisi\u00f3n.<\/strong> Esta vez opt\u00f3 por <strong>Administraci\u00f3n de Empresas<\/strong>.\u00a0 Pensaba que con esa carrera podr\u00eda vincularse al negocio de las concesionarias de autos y tener mejores ingresos.<\/p>\n<p class=\"selectionShareable\">Sin embargo, el <strong>puntaje <\/strong>que obtuvo<strong> no le alcanz\u00f3 <\/strong>para elegir Administraci\u00f3n.<\/p>\n<h2>\u00bfQu\u00e9 pasa con los j\u00f3venes?<\/h2>\n<p class=\"selectionShareable\">Aunque Ximena no se confiesa decepcionada, luego de o\u00edr su testimonio subyacen algunas preguntas: \u00bfqu\u00e9 pasa con los j\u00f3venes ecuatorianos? \u00bfest\u00e1n confundidos, descorazonados?<\/p>\n<p class=\"selectionShareable\">Acudimos a una <strong>profesora de secundaria <\/strong>en busca de respuestas.\u00a0 Ella es <strong>Tatiana Mendoza<\/strong>, maestra de lengua y literatura de la Unidad Educativa Felipe Costa von Buchwald.\u00a0 Da clases a estudiantes en sus \u00faltimos a\u00f1os de colegio, previos a la universidad.<\/p>\n<p class=\"selectionShareable\">\u201c<strong>Los chicos est\u00e1n conscientes del pesimismo generalizado<\/strong> que se vive aqu\u00ed en el pa\u00eds y en todos lados. De 40 alumnos de un sal\u00f3n, 35 no saben todav\u00eda qu\u00e9 estudiar, les da <strong>miedo elegir mal y equivocarse<\/strong>\u201c.<\/p>\n<p class=\"selectionShareable\">\u201cEncima tienen a los padres dici\u00e9ndoles todo el tiempo que ya deber\u00edan tener claro qu\u00e9 profesi\u00f3n seguir. Se trata de una edad en la <strong>que es tan vital el tema de los cambios<\/strong>, que es injusto exigirles a los chicos que tomen una decisi\u00f3n tan importante\u201d.<\/p>\n<p class=\"selectionShareable\">Entonces a los j\u00f3venes que terminan el colegio les falta <strong>conocerse a s\u00ed mismos<\/strong>.\u00a0 Al parecer <strong>no.<\/strong>\u00a0 Seg\u00fan Tatiana, m\u00e1s que no saber qu\u00e9 estudiar, <strong>dudan<\/strong> que la carrera que les gusta les permita <strong>conseguir un trabajo<\/strong> y <strong>ganar<\/strong> lo <strong>suficiente.<\/strong><\/p>\n<h2>La vida al terminar el colegio<\/h2>\n<p class=\"selectionShareable\"><strong>Kristel Alc\u00edvar,<\/strong> tiene<strong> 19 a\u00f1os<\/strong>.\u00a0 En cuanto <strong>termin\u00f3 el colegio<\/strong>, ella y sus amigos se registraron en l\u00ednea para rendir la prueba. <strong>Empezaron a prepararse: <\/strong>estudiaron, vieron tutoriales, practicaron con los simuladores online y rindieron el test.<\/p>\n<p class=\"selectionShareable\">No obstante, el <strong>resultado <\/strong>fue <strong>negativo.<\/strong><\/p>\n<p class=\"selectionShareable\">Kristel <strong>opt\u00f3 por Psicolog\u00eda y Econom\u00eda<\/strong>, tambi\u00e9n le atrae la <strong>Criminal\u00edstica<\/strong>. Por eso, luego del primer intento fallido, se matricul\u00f3 en un curso de preparaci\u00f3n f\u00edsica con el objetivo de <strong>ingresar a la Polic\u00eda Nacional.<\/strong><\/p>\n<p class=\"selectionShareable\">En alg\u00fan momento<strong> consider\u00f3<\/strong> estudiar <strong>Periodismo<\/strong>, as\u00ed como ahora piensa en ser educadora de p\u00e1rvulos. Mal que mal, est\u00e1 tratando de responder la gran pregunta:<strong> \u00bfqu\u00e9 hago con mi vida?<\/strong><\/p>\n<p class=\"selectionShareable\">Dos amigos cercanos a Kristel est\u00e1n ya estudiando en universidades p\u00fablicas.\u00a0 Ella espera <strong>ansiosa 2023 para volver a intentar su lucha por un cupo<\/strong>.<\/p>\n<p class=\"selectionShareable\">Mientras tanto, <strong>trabaja<\/strong> en una tienda departamental para <strong>ahorrar para una universidad privada<\/strong>, en caso de que, una vez m\u00e1s, no logre pasar el examen.<\/p>\n<div class=\"noticia__single__enlaces\"><\/div>\n<\/div>\n<p><a href=\"https:\/\/www.primicias.ec\/noticias\/el-chat\/jovenes-ecuatorianos-terminar-colegio\/\">https:\/\/www.primicias.ec\/noticias\/el-chat\/jovenes-ecuatorianos-terminar-colegio\/<\/a><\/p>\n","protected":false},"excerpt":{"rendered":"<p>Al terminar el colegio, los j\u00f3venes ecuatorianos deben rendir un examen para tratar de ingresar a la universidad. Algunos pasan, otros no. Los que est\u00e1n en este segundo grupo viven en el limbo. Esta nota est\u00e1 basada en el art\u00edculo \u201cLos chicos no est\u00e1n bien\u201d, de Marco Mart\u00ednez, publicado en la revista Mundo Diners de diciembre 2022. Ximena L\u00f3pez, de 18 a\u00f1os, ha rendido tres veces el examen de ingreso a la universidad. Al igual que muchos j\u00f3venes ecuatorianos, al terminar el colegio pens\u00f3 que no ser\u00eda complicado aprobarlo. Ella quer\u00eda ser azafata, pero esa es una carrera costosa.\u00a0 Por lo tanto, tuvo que dejar su vocaci\u00f3n y ser consecuente con las posibilidades econ\u00f3micas de su familia. Durante un tiempo se prepar\u00f3 como auxiliar en odontolog\u00eda e hizo pr\u00e1cticas en un hospital de Guayaquil. Pero eso no era lo suyo. \u00bfLe sucedi\u00f3 lo mismo a sus amigos del colegio? \u201cPoqu\u00edsimos lograron entrar a una universidad p\u00fablica. Algunos est\u00e1n en universidades privadas. Otros obtuvieron becas del municipio\u201d, comenta. Y luego la pregunta de rigor: \u00bfc\u00f3mo se siente despu\u00e9s de los intentos fallidos? \u201cMe sent\u00ed un poco frustrada, pero sin bajonearme y no he dejado de intentarlo\u201d. En septiembre de este a\u00f1o rindi\u00f3 por cuarta ocasi\u00f3n el test de admisi\u00f3n. Esta vez opt\u00f3 por Administraci\u00f3n de Empresas.\u00a0 Pensaba que con esa carrera podr\u00eda vincularse al negocio de las concesionarias de autos y tener mejores ingresos. Sin embargo, el puntaje que obtuvo no le alcanz\u00f3 para elegir Administraci\u00f3n. \u00bfQu\u00e9 pasa con los j\u00f3venes? Aunque Ximena no se confiesa decepcionada, luego de o\u00edr su testimonio subyacen algunas preguntas: \u00bfqu\u00e9 pasa con los j\u00f3venes ecuatorianos? \u00bfest\u00e1n confundidos, descorazonados? Acudimos a una profesora de secundaria en busca de respuestas.\u00a0 Ella es Tatiana Mendoza, maestra de lengua y literatura de la Unidad Educativa Felipe Costa von Buchwald.\u00a0 Da clases a estudiantes en sus \u00faltimos a\u00f1os de colegio, previos a la universidad. \u201cLos chicos est\u00e1n conscientes del pesimismo generalizado que se vive aqu\u00ed en el pa\u00eds y en todos lados. De 40 alumnos de un sal\u00f3n, 35 no saben todav\u00eda qu\u00e9 estudiar, les da miedo elegir mal y equivocarse\u201c. \u201cEncima tienen a los padres dici\u00e9ndoles todo el tiempo que ya deber\u00edan tener claro qu\u00e9 profesi\u00f3n seguir. Se trata de una edad en la que es tan vital el tema de los cambios, que es injusto exigirles a los chicos que tomen una decisi\u00f3n tan importante\u201d. Entonces a los j\u00f3venes que terminan el colegio les falta conocerse a s\u00ed mismos.\u00a0 Al parecer no.\u00a0 Seg\u00fan Tatiana, m\u00e1s que no saber qu\u00e9 estudiar, dudan que la carrera que les gusta les permita conseguir un trabajo y ganar lo suficiente. La vida al terminar el colegio Kristel Alc\u00edvar, tiene 19 a\u00f1os.\u00a0 En cuanto termin\u00f3 el colegio, ella y sus amigos se registraron en l\u00ednea para rendir la prueba. Empezaron a prepararse: estudiaron, vieron tutoriales, practicaron con los simuladores online y rindieron el test. No obstante, el resultado fue negativo. Kristel opt\u00f3 por Psicolog\u00eda y Econom\u00eda, tambi\u00e9n le atrae la Criminal\u00edstica. Por eso, luego del primer intento fallido, se matricul\u00f3 en un curso de preparaci\u00f3n f\u00edsica con el objetivo de ingresar a la Polic\u00eda Nacional. En alg\u00fan momento consider\u00f3 estudiar Periodismo, as\u00ed como ahora piensa en ser educadora de p\u00e1rvulos. Mal que mal, est\u00e1 tratando de responder la gran pregunta: \u00bfqu\u00e9 hago con mi vida? Dos amigos cercanos a Kristel est\u00e1n ya estudiando en universidades p\u00fablicas.\u00a0 Ella espera ansiosa 2023 para volver a intentar su lucha por un cupo. Mientras tanto, trabaja en una tienda departamental para ahorrar para una universidad privada, en caso de que, una vez m\u00e1s, no logre pasar el examen. https:\/\/www.primicias.ec\/noticias\/el-chat\/jovenes-ecuatorianos-terminar-colegio\/<\/p>\n","protected":false},"author":1,"featured_media":261223,"comment_status":"closed","ping_status":"closed","sticky":false,"template":"","format":"standard","meta":[],"categories":[35,23],"tags":[],"_links":{"self":[{"href":"https:\/\/www.ecuadortimes.net\/es\/wp-json\/wp\/v2\/posts\/261222"}],"collection":[{"href":"https:\/\/www.ecuadortimes.net\/es\/wp-json\/wp\/v2\/posts"}],"about":[{"href":"https:\/\/www.ecuadortimes.net\/es\/wp-json\/wp\/v2\/types\/post"}],"author":[{"embeddable":true,"href":"https:\/\/www.ecuadortimes.net\/es\/wp-json\/wp\/v2\/users\/1"}],"replies":[{"embeddable":true,"href":"https:\/\/www.ecuadortimes.net\/es\/wp-json\/wp\/v2\/comments?post=261222"}],"version-history":[{"count":2,"href":"https:\/\/www.ecuadortimes.net\/es\/wp-json\/wp\/v2\/posts\/261222\/revisions"}],"predecessor-version":[{"id":261225,"href":"https:\/\/www.ecuadortimes.net\/es\/wp-json\/wp\/v2\/posts\/261222\/revisions\/261225"}],"wp:featuredmedia":[{"embeddable":true,"href":"https:\/\/www.ecuadortimes.net\/es\/wp-json\/wp\/v2\/media\/261223"}],"wp:attachment":[{"href":"https:\/\/www.ecuadortimes.net\/es\/wp-json\/wp\/v2\/media?parent=261222"}],"wp:term":[{"taxonomy":"category","embeddable":true,"href":"https:\/\/www.ecuadortimes.net\/es\/wp-json\/wp\/v2\/categories?post=261222"},{"taxonomy":"post_tag","embeddable":true,"href":"https:\/\/www.ecuadortimes.net\/es\/wp-json\/wp\/v2\/tags?post=261222"}],"curies":[{"name":"wp","href":"https:\/\/api.w.org\/{rel}","templated":true}]}}