{"id":261239,"date":"2023-01-04T23:00:41","date_gmt":"2023-01-04T23:00:41","guid":{"rendered":"https:\/\/www.ecuadortimes.net\/es\/?p=261239"},"modified":"2023-01-05T05:00:37","modified_gmt":"2023-01-05T05:00:37","slug":"las-marcas-si-cafe-y-pres-2-se-renuevan","status":"publish","type":"post","link":"https:\/\/www.ecuadortimes.net\/es\/las-marcas-si-cafe-y-pres-2-se-renuevan\/","title":{"rendered":"Las marcas S\u00ed Caf\u00e9 y Pres 2 se renuevan"},"content":{"rendered":"<div class=\"chain chain-section | col-span-12 sm:col-span-12 md:col-span-12 lg:col-span-12 space-y-2 \">\n<div id=\"fusion-static-exit:f0fsgMIScsFm1j9\" style=\"display: none;\" data-fusion-component=\"f0fsgMIScsFm1j9\"><\/div>\n<section class=\"article-body grid md:grid lg:block prose prose-lg md:prose mx-auto space-y-3 font-secondary\">\n<p class=\"prose-text\">Compa\u00f1\u00eda de Elaborados de Caf\u00e9 ELCAF\u00c9 C. A., empresa ecuatoriana con m\u00e1s de 45 a\u00f1os de experiencia en la producci\u00f3n de caf\u00e9 soluble, ha realizado importantes inversiones para asegurar la calidad de sus productos y procesos. Exporta a m\u00e1s de 20 pa\u00edses.<\/p>\n<p><img loading=\"lazy\" class=\"alignnone size-full wp-image-261240\" src=\"https:\/\/www.ecuadortimes.net\/es\/wp-content\/uploads\/2023\/01\/ecuador-times-ecuador-news-the-Si-Cafe-and-Pres-2-brands-are-renewed.jpg\" alt=\"Cafe ElCafe ecuador import export pres2 SiCafe instant coffee roast ground bulk concentrate EEUU Rusia japon spray dried freeze aglomerated atomizado liofilizado aglomerado descafeinado\" width=\"1600\" height=\"533\" \/><\/p>\n<h3 class=\"\"><b>HITOS DESTACADOS DEL 2022<\/b><\/h3>\n<p class=\"prose-text\">Escuchando de cerca a sus consu-midores y clientes, las marcas S\u00cd CAF\u00c9 y PRES 2 renuevan su imagen y ofrecen caf\u00e9s de alta calidad, con m\u00e1s sabor y aroma.<\/p>\n<p class=\"prose-text\">Estas importantes marcas tradicionales del Ecuador son producidas por la Compa\u00f1\u00eda de Elaborados de Caf\u00e9 EL-CAF\u00c9 C. A., una empresa ecuatoriana con m\u00e1s de 45 a\u00f1os de experiencia en la producci\u00f3n de caf\u00e9 soluble y con ventas en m\u00e1s de 20 pa\u00edses.<\/p>\n<h3 class=\"\"><b>1. S\u00cd CAF\u00c9<\/b><\/h3>\n<p class=\"prose-text\">La tradici\u00f3n y gran calidad de S\u00cd CAF\u00c9 ahora con nueva imagen en su atractivo empaque.<\/p>\n<p class=\"prose-text\">S\u00cd CAF\u00c9 con agradable aroma y sabor intenso, que se logra con una mezcla de granos de caf\u00e9 cuidadosamente seleccionados, para brindar un equilibrio perfecto en cada taza de caf\u00e9.<\/p>\n<div class=\"embeded-image mb-6 bg-grey-100\">\n<figure>\n<div class=\"sc-ursye9 hICrBm img-content w-full h-full mx-auto\">\n<picture><source srcset=\"https:\/\/www.eluniverso.com\/resizer\/L0EAY7Sxk9EglaQrLTzrbCuHBYk=\/200x336\/smart\/filters:quality(70)\/cloudfront-us-east-1.images.arcpublishing.com\/eluniverso\/PFKTPAK3HBA7BIRGT3CKLJVRBM.png 200w, https:\/\/www.eluniverso.com\/resizer\/mOlGxA8zeM2cqnyLmElW4Yw66bs=\/399x670\/smart\/filters:quality(70)\/cloudfront-us-east-1.images.arcpublishing.com\/eluniverso\/PFKTPAK3HBA7BIRGT3CKLJVRBM.png 399w, https:\/\/www.eluniverso.com\/resizer\/IuqCZBvcz5KjnsNmvz27nUEE-gc=\/599x1006\/smart\/filters:quality(70)\/cloudfront-us-east-1.images.arcpublishing.com\/eluniverso\/PFKTPAK3HBA7BIRGT3CKLJVRBM.png 599w, https:\/\/www.eluniverso.com\/resizer\/RGHnhl2McU75d-ZQU4kUGdi97rw=\/662x1112\/smart\/filters:quality(70)\/cloudfront-us-east-1.images.arcpublishing.com\/eluniverso\/PFKTPAK3HBA7BIRGT3CKLJVRBM.png 662w\" sizes=\"(max-width: 399px) 100vw, 399px\" \/><img loading=\"lazy\" class=\"sc-i5xb18 fkbsJk h-auto m-0 alignnone\" title=\"Cafe ElCafe ecuador import export pres2 SiCafe instant coffee roast ground bulk concentrate EEUU Rusia japon spray dried freeze aglomerated atomizado liofilizado aglomerado descafeinado\" src=\"https:\/\/www.eluniverso.com\/resizer\/mOlGxA8zeM2cqnyLmElW4Yw66bs=\/399x670\/smart\/filters:quality(70)\/cloudfront-us-east-1.images.arcpublishing.com\/eluniverso\/PFKTPAK3HBA7BIRGT3CKLJVRBM.png\" sizes=\"(max-width: 399px) 100vw, 399px\" srcset=\"https:\/\/www.eluniverso.com\/resizer\/L0EAY7Sxk9EglaQrLTzrbCuHBYk=\/200x336\/smart\/filters:quality(70)\/cloudfront-us-east-1.images.arcpublishing.com\/eluniverso\/PFKTPAK3HBA7BIRGT3CKLJVRBM.png 200w, https:\/\/www.eluniverso.com\/resizer\/mOlGxA8zeM2cqnyLmElW4Yw66bs=\/399x670\/smart\/filters:quality(70)\/cloudfront-us-east-1.images.arcpublishing.com\/eluniverso\/PFKTPAK3HBA7BIRGT3CKLJVRBM.png 399w, https:\/\/www.eluniverso.com\/resizer\/IuqCZBvcz5KjnsNmvz27nUEE-gc=\/599x1006\/smart\/filters:quality(70)\/cloudfront-us-east-1.images.arcpublishing.com\/eluniverso\/PFKTPAK3HBA7BIRGT3CKLJVRBM.png 599w, https:\/\/www.eluniverso.com\/resizer\/RGHnhl2McU75d-ZQU4kUGdi97rw=\/662x1112\/smart\/filters:quality(70)\/cloudfront-us-east-1.images.arcpublishing.com\/eluniverso\/PFKTPAK3HBA7BIRGT3CKLJVRBM.png 662w\" alt=\"Cafe ElCafe ecuador import export pres2 SiCafe instant coffee roast ground bulk concentrate EEUU Rusia japon spray dried freeze aglomerated atomizado liofilizado aglomerado descafeinado\" width=\"399\" height=\"670\" \/><\/picture>\n<\/div>\n<\/figure>\n<\/div>\n<p class=\"prose-text\">Es el caf\u00e9 perfecto para aquellas personas que les gusta disfrutar el caf\u00e9 en diferentes momentos o con personas especiales, pero sobre todo para los que les gusta preparar el caf\u00e9 a su manera.<\/p>\n<p class=\"prose-text\"><b>\u00a1Te invitamos a probarlo y disfrutarlo como te gusta!<\/b><\/p>\n<h3 class=\"\"><b>2. PRES 2<\/b><\/h3>\n<p class=\"prose-text\">PRES 2 se recarga de nueva energ\u00eda y ahora viene con un renovado y atractivo empaque, que invita a ser disfrutado durante todo el d\u00eda.<\/p>\n<p class=\"prose-text\">Pres 2 refresc\u00f3 su imagen, resaltando su atractiva e ic\u00f3nica taza amarilla, que refleja la identidad de la marca. Sus granos seleccionados ofrecen un sabor m\u00e1s intenso, mayor aroma y calidad.<\/p>\n<div class=\"embeded-image mb-6 bg-grey-100\">\n<figure>\n<div class=\"sc-ursye9 hyqcnw img-content w-full h-full mx-auto\">\n<picture><source srcset=\"https:\/\/www.eluniverso.com\/resizer\/un96aegcTUYYJj7lGaxjrGSAaBU=\/168x168\/smart\/filters:quality(70)\/cloudfront-us-east-1.images.arcpublishing.com\/eluniverso\/HRLXISSEKJAI3BIIH2V5GPCGWU.png 168w, https:\/\/www.eluniverso.com\/resizer\/QpTD3CqbpZMWPyXbuYSylRWn9Lk=\/335x335\/smart\/filters:quality(70)\/cloudfront-us-east-1.images.arcpublishing.com\/eluniverso\/HRLXISSEKJAI3BIIH2V5GPCGWU.png 335w, https:\/\/www.eluniverso.com\/resizer\/hGR8RNaWkf3G2tFJxT1wGve3gzI=\/670x670\/smart\/filters:quality(70)\/cloudfront-us-east-1.images.arcpublishing.com\/eluniverso\/HRLXISSEKJAI3BIIH2V5GPCGWU.png 670w, https:\/\/www.eluniverso.com\/resizer\/xPVz764ESC5QEhpJ5Cf83cmsmHs=\/800x800\/smart\/filters:quality(70)\/cloudfront-us-east-1.images.arcpublishing.com\/eluniverso\/HRLXISSEKJAI3BIIH2V5GPCGWU.png 800w\" sizes=\"(max-width: 670px) 100vw, 670px\" \/><img loading=\"lazy\" class=\"sc-i5xb18 fkbsJk h-auto m-0 alignnone\" title=\"Cafe ElCafe ecuador import export pres2 SiCafe instant coffee roast ground bulk concentrate EEUU Rusia japon spray dried freeze aglomerated atomizado liofilizado aglomerado descafeinado\" src=\"https:\/\/www.eluniverso.com\/resizer\/hGR8RNaWkf3G2tFJxT1wGve3gzI=\/670x670\/smart\/filters:quality(70)\/cloudfront-us-east-1.images.arcpublishing.com\/eluniverso\/HRLXISSEKJAI3BIIH2V5GPCGWU.png\" sizes=\"(max-width: 670px) 100vw, 670px\" srcset=\"https:\/\/www.eluniverso.com\/resizer\/un96aegcTUYYJj7lGaxjrGSAaBU=\/168x168\/smart\/filters:quality(70)\/cloudfront-us-east-1.images.arcpublishing.com\/eluniverso\/HRLXISSEKJAI3BIIH2V5GPCGWU.png 168w, https:\/\/www.eluniverso.com\/resizer\/QpTD3CqbpZMWPyXbuYSylRWn9Lk=\/335x335\/smart\/filters:quality(70)\/cloudfront-us-east-1.images.arcpublishing.com\/eluniverso\/HRLXISSEKJAI3BIIH2V5GPCGWU.png 335w, https:\/\/www.eluniverso.com\/resizer\/hGR8RNaWkf3G2tFJxT1wGve3gzI=\/670x670\/smart\/filters:quality(70)\/cloudfront-us-east-1.images.arcpublishing.com\/eluniverso\/HRLXISSEKJAI3BIIH2V5GPCGWU.png 670w, https:\/\/www.eluniverso.com\/resizer\/xPVz764ESC5QEhpJ5Cf83cmsmHs=\/800x800\/smart\/filters:quality(70)\/cloudfront-us-east-1.images.arcpublishing.com\/eluniverso\/HRLXISSEKJAI3BIIH2V5GPCGWU.png 800w\" alt=\"Cafe ElCafe ecuador import export pres2 SiCafe instant coffee roast ground bulk concentrate EEUU Rusia japon spray dried freeze aglomerated atomizado liofilizado aglomerado descafeinado\" width=\"670\" height=\"670\" \/><\/picture>\n<\/div>\n<\/figure>\n<\/div>\n<p class=\"prose-text\">Su novedosa campa\u00f1a de comunicaci\u00f3n est\u00e1 dirigida a aquellos \u201catletas del d\u00eda a d\u00eda\u201d que dan su mayor esfuerzo para rendir largas jornadas de estudios y trabajo.<\/p>\n<p class=\"prose-text\">Reconocemos la labor de los trabajadores, estudiantes, madres y em-prendedores ecuatorianos que buscan rendir todo el d\u00eda.<\/p>\n<p class=\"prose-text\"><b>\u00a1Pres 2 es para ti, que eres un atleta del d\u00eda a d\u00eda!<\/b><\/p>\n<h3 class=\"\"><b>3. COMPA\u00d1\u00cdA DE ELABORADOS DE CAF\u00c9 ELCAF\u00c9 C. A.<\/b><\/h3>\n<p class=\"prose-text\">Compa\u00f1\u00eda de Elaborados de caf\u00e9 ELCAF\u00c9 C. A. ha realizado importantes inversiones para asegurar la calidad de sus productos y procesos.<\/p>\n<div class=\"embeded-image mb-6 bg-grey-100\">\n<figure>\n<div class=\"sc-ursye9 dYenYO img-content w-full h-full mx-auto\">\n<picture><source srcset=\"https:\/\/www.eluniverso.com\/resizer\/aEJKzHltZMfWY0TFnB302AlTodk=\/311x48\/smart\/filters:quality(70)\/cloudfront-us-east-1.images.arcpublishing.com\/eluniverso\/FKRCE2FFPZAO5O73DO2CIT3NLE.png 311w, https:\/\/www.eluniverso.com\/resizer\/DDoFgQJE9VbQUtxd7cPmf-HMyiQ=\/622x96\/smart\/filters:quality(70)\/cloudfront-us-east-1.images.arcpublishing.com\/eluniverso\/FKRCE2FFPZAO5O73DO2CIT3NLE.png 622w, https:\/\/www.eluniverso.com\/resizer\/Akb4nPStc6qfFPdb3AV2N3xNZiM=\/1244x191\/smart\/filters:quality(70)\/cloudfront-us-east-1.images.arcpublishing.com\/eluniverso\/FKRCE2FFPZAO5O73DO2CIT3NLE.png 1244w\" sizes=\"(max-width: 1244px) 100vw, 1244px\" \/><img loading=\"lazy\" class=\"sc-i5xb18 fkbsJk h-auto m-0 alignnone\" title=\"Cafe ElCafe ecuador import export pres2 SiCafe instant coffee roast ground bulk concentrate EEUU Rusia japon spray dried freeze aglomerated atomizado liofilizado aglomerado descafeinado\" src=\"https:\/\/www.eluniverso.com\/resizer\/Akb4nPStc6qfFPdb3AV2N3xNZiM=\/1244x191\/smart\/filters:quality(70)\/cloudfront-us-east-1.images.arcpublishing.com\/eluniverso\/FKRCE2FFPZAO5O73DO2CIT3NLE.png\" sizes=\"(max-width: 1244px) 100vw, 1244px\" srcset=\"https:\/\/www.eluniverso.com\/resizer\/aEJKzHltZMfWY0TFnB302AlTodk=\/311x48\/smart\/filters:quality(70)\/cloudfront-us-east-1.images.arcpublishing.com\/eluniverso\/FKRCE2FFPZAO5O73DO2CIT3NLE.png 311w, https:\/\/www.eluniverso.com\/resizer\/DDoFgQJE9VbQUtxd7cPmf-HMyiQ=\/622x96\/smart\/filters:quality(70)\/cloudfront-us-east-1.images.arcpublishing.com\/eluniverso\/FKRCE2FFPZAO5O73DO2CIT3NLE.png 622w, https:\/\/www.eluniverso.com\/resizer\/Akb4nPStc6qfFPdb3AV2N3xNZiM=\/1244x191\/smart\/filters:quality(70)\/cloudfront-us-east-1.images.arcpublishing.com\/eluniverso\/FKRCE2FFPZAO5O73DO2CIT3NLE.png 1244w\" alt=\"Cafe ElCafe ecuador import export pres2 SiCafe instant coffee roast ground bulk concentrate EEUU Rusia japon spray dried freeze aglomerated atomizado liofilizado aglomerado descafeinado\" width=\"1244\" height=\"191\" \/><\/picture>\n<\/div>\n<\/figure>\n<\/div>\n<p class=\"prose-text\">La compa\u00f1\u00eda cuenta con la certificaci\u00f3n FSSC 22000, la cual confirma su sistema de seguridad alimentaria. Adicionalmente en el a\u00f1o 2022 se recibi\u00f3 la certificaci\u00f3n Rainforest Alliance, confirmando nuestro compromiso con la sostenibilidad.<\/p>\n<p class=\"prose-text\"><b>Compa\u00f1\u00eda de Elaborados de caf\u00e9 ELCAF\u00c9 C. A., \u00a1orgullosamente ecuatoriana!<\/b><\/p>\n<p class=\"prose-text\"><b>P\u00e1gina Web: <\/b><a href=\"http:\/\/www.cafeelcafe.com\/\" target=\"_blank\" rel=\"noopener\"><i><b>www.cafeelcafe.com<\/b><\/i><\/a><\/p>\n<\/section>\n<div class=\"flex flex-wrap space-x-2 space-y-2 items-baseline\"><\/div>\n<\/div>\n<p><a href=\"https:\/\/www.eluniverso.com\/patrocinado\/las-marcas-si-cafe-y-pres-2-se-renuevan\/\">https:\/\/www.eluniverso.com\/patrocinado\/las-marcas-si-cafe-y-pres-2-se-renuevan\/<\/a><\/p>\n<p>&nbsp;<\/p>\n","protected":false},"excerpt":{"rendered":"<p>Compa\u00f1\u00eda de Elaborados de Caf\u00e9 ELCAF\u00c9 C. A., empresa ecuatoriana con m\u00e1s de 45 a\u00f1os de experiencia en la producci\u00f3n de caf\u00e9 soluble, ha realizado importantes inversiones para asegurar la calidad de sus productos y procesos. Exporta a m\u00e1s de 20 pa\u00edses. HITOS DESTACADOS DEL 2022 Escuchando de cerca a sus consu-midores y clientes, las marcas S\u00cd CAF\u00c9 y PRES 2 renuevan su imagen y ofrecen caf\u00e9s de alta calidad, con m\u00e1s sabor y aroma. Estas importantes marcas tradicionales del Ecuador son producidas por la Compa\u00f1\u00eda de Elaborados de Caf\u00e9 EL-CAF\u00c9 C. A., una empresa ecuatoriana con m\u00e1s de 45 a\u00f1os de experiencia en la producci\u00f3n de caf\u00e9 soluble y con ventas en m\u00e1s de 20 pa\u00edses. 1. S\u00cd CAF\u00c9 La tradici\u00f3n y gran calidad de S\u00cd CAF\u00c9 ahora con nueva imagen en su atractivo empaque. S\u00cd CAF\u00c9 con agradable aroma y sabor intenso, que se logra con una mezcla de granos de caf\u00e9 cuidadosamente seleccionados, para brindar un equilibrio perfecto en cada taza de caf\u00e9. Es el caf\u00e9 perfecto para aquellas personas que les gusta disfrutar el caf\u00e9 en diferentes momentos o con personas especiales, pero sobre todo para los que les gusta preparar el caf\u00e9 a su manera. \u00a1Te invitamos a probarlo y disfrutarlo como te gusta! 2. PRES 2 PRES 2 se recarga de nueva energ\u00eda y ahora viene con un renovado y atractivo empaque, que invita a ser disfrutado durante todo el d\u00eda. Pres 2 refresc\u00f3 su imagen, resaltando su atractiva e ic\u00f3nica taza amarilla, que refleja la identidad de la marca. Sus granos seleccionados ofrecen un sabor m\u00e1s intenso, mayor aroma y calidad. Su novedosa campa\u00f1a de comunicaci\u00f3n est\u00e1 dirigida a aquellos \u201catletas del d\u00eda a d\u00eda\u201d que dan su mayor esfuerzo para rendir largas jornadas de estudios y trabajo. Reconocemos la labor de los trabajadores, estudiantes, madres y em-prendedores ecuatorianos que buscan rendir todo el d\u00eda. \u00a1Pres 2 es para ti, que eres un atleta del d\u00eda a d\u00eda! 3. COMPA\u00d1\u00cdA DE ELABORADOS DE CAF\u00c9 ELCAF\u00c9 C. A. Compa\u00f1\u00eda de Elaborados de caf\u00e9 ELCAF\u00c9 C. A. ha realizado importantes inversiones para asegurar la calidad de sus productos y procesos. La compa\u00f1\u00eda cuenta con la certificaci\u00f3n FSSC 22000, la cual confirma su sistema de seguridad alimentaria. Adicionalmente en el a\u00f1o 2022 se recibi\u00f3 la certificaci\u00f3n Rainforest Alliance, confirmando nuestro compromiso con la sostenibilidad. Compa\u00f1\u00eda de Elaborados de caf\u00e9 ELCAF\u00c9 C. A., \u00a1orgullosamente ecuatoriana! P\u00e1gina Web: www.cafeelcafe.com https:\/\/www.eluniverso.com\/patrocinado\/las-marcas-si-cafe-y-pres-2-se-renuevan\/ &nbsp;<\/p>\n","protected":false},"author":1,"featured_media":261240,"comment_status":"closed","ping_status":"closed","sticky":false,"template":"","format":"standard","meta":[],"categories":[35,23],"tags":[],"_links":{"self":[{"href":"https:\/\/www.ecuadortimes.net\/es\/wp-json\/wp\/v2\/posts\/261239"}],"collection":[{"href":"https:\/\/www.ecuadortimes.net\/es\/wp-json\/wp\/v2\/posts"}],"about":[{"href":"https:\/\/www.ecuadortimes.net\/es\/wp-json\/wp\/v2\/types\/post"}],"author":[{"embeddable":true,"href":"https:\/\/www.ecuadortimes.net\/es\/wp-json\/wp\/v2\/users\/1"}],"replies":[{"embeddable":true,"href":"https:\/\/www.ecuadortimes.net\/es\/wp-json\/wp\/v2\/comments?post=261239"}],"version-history":[{"count":3,"href":"https:\/\/www.ecuadortimes.net\/es\/wp-json\/wp\/v2\/posts\/261239\/revisions"}],"predecessor-version":[{"id":261244,"href":"https:\/\/www.ecuadortimes.net\/es\/wp-json\/wp\/v2\/posts\/261239\/revisions\/261244"}],"wp:featuredmedia":[{"embeddable":true,"href":"https:\/\/www.ecuadortimes.net\/es\/wp-json\/wp\/v2\/media\/261240"}],"wp:attachment":[{"href":"https:\/\/www.ecuadortimes.net\/es\/wp-json\/wp\/v2\/media?parent=261239"}],"wp:term":[{"taxonomy":"category","embeddable":true,"href":"https:\/\/www.ecuadortimes.net\/es\/wp-json\/wp\/v2\/categories?post=261239"},{"taxonomy":"post_tag","embeddable":true,"href":"https:\/\/www.ecuadortimes.net\/es\/wp-json\/wp\/v2\/tags?post=261239"}],"curies":[{"name":"wp","href":"https:\/\/api.w.org\/{rel}","templated":true}]}}