{"id":261248,"date":"2023-01-06T01:29:13","date_gmt":"2023-01-06T01:29:13","guid":{"rendered":"https:\/\/www.ecuadortimes.net\/es\/?p=261248"},"modified":"2023-01-06T01:29:13","modified_gmt":"2023-01-06T01:29:13","slug":"vacunacion-contra-el-covid-19-continua-en-ecuador-este-2023","status":"publish","type":"post","link":"https:\/\/www.ecuadortimes.net\/es\/vacunacion-contra-el-covid-19-continua-en-ecuador-este-2023\/","title":{"rendered":"Vacunaci\u00f3n contra el covid-19 contin\u00faa en Ecuador este 2023"},"content":{"rendered":"<div class=\"entry__content pw-ctt tbl-forkorts-article tbl-forkorts-article-active\">\n<p>Este 2023, el proceso de <strong>vacunaci\u00f3n <\/strong>contra el <strong>covid-19 <\/strong>contin\u00faa a escala nacional en m\u00e1s de 1 900 centros de salud establecidos por la Cartera del ramo.<\/p>\n<div id=\"attachment_261249\" style=\"width: 710px\" class=\"wp-caption alignnone\"><img aria-describedby=\"caption-attachment-261249\" loading=\"lazy\" class=\"size-full wp-image-261249\" src=\"https:\/\/www.ecuadortimes.net\/es\/wp-content\/uploads\/2023\/01\/ecuador-times-ecuador-news-vaccination-against-covid-19-continues-in-ecuador-this-2023.jpg\" alt=\"\" width=\"700\" height=\"417\" \/><p id=\"caption-attachment-261249\" class=\"wp-caption-text\">En Ecuador, el 55,63% de poblaci\u00f3n se ha colocado el segundo refuerzo de la vacuna contra el covid-19.<\/p><\/div>\n<p>Solo en el <strong>Distrito Metropolitano de Quito<\/strong> (DMQ) hay un total de 137 espacios: 47 en el norte, 52 en el sur, y 19 en el centro y valle. La mayor\u00eda de ellos son centros de salud, pero tambi\u00e9n hay lugares para la inoculaci\u00f3n en centros comerciales, mercados y la Estaci\u00f3n El Recreo del Troleb\u00fas.<\/p>\n<p>El <strong>horario de atenci\u00f3n<\/strong> es a partir de las 08:00 hasta las 16:00, excepto en los centros comerciales en donde se inicia desde las 10:00.<\/p>\n<p>Para este nuevo a\u00f1o, el <strong>Ministerio de Salud<\/strong> (MSP) anunci\u00f3 la compra, mediante el mecanismo Covax de la Organizaci\u00f3n Panamericana de la Salud (OPS), de 3,5 millones de dosis de la <strong>vacuna bivalente<\/strong>, que incluye en su composici\u00f3n protecci\u00f3n contra la <strong>variante original <\/strong>de \u00d3micron.<\/p>\n<p>Jos\u00e9 Ruales, titular de la Cartera de Estado, se\u00f1al\u00f3 que consideran importante acceder a una <strong>vacuna m\u00e1s espec\u00edfica <\/strong>de las <strong>cepas circulantes <\/strong>destinada principalmente a la <strong>poblaci\u00f3n de riesgo<\/strong>, es decir, a adultos mayores, personas con comorbilidades, con discapacidad, etc.<\/p>\n<p>El funcionario agreg\u00f3 que todav\u00eda no se ha definido una fecha de entrega, sin embargo, dijo, &#8220;deber\u00eda ser el primer trimestre\u201d de este 2023.<\/p>\n<p>En cuanto a la <strong>cobertura<\/strong> con las<strong> dosis de refuerzo<\/strong> en el pa\u00eds, Ruales mencion\u00f3 que se han visto estancadas y no se ha dado una buena respuesta a pesar de &#8220;todos los esfuerzos para motivar a la poblaci\u00f3n a completar los esquemas de refuerzo&#8221;.<\/p>\n<p>Pese a ello, agreg\u00f3, el MSP contin\u00faa haciendo campa\u00f1as, visitando comunidades y barrios para acercar la vacuna contra el covid-19 a la comunidad.<\/p>\n<p>Seg\u00fan datos del <strong>Vacun\u00f3metro<\/strong>, con corte al 3 de enero del 2023, 7 651 219 (55,63%) personas cuentan con el primer refuerzo y 2 707 954 tienen el segundo. La cobertura con dos dosis llega al 84,83%.<\/p>\n<h2 id=\"h-primeras-segundas-y-dosis-de-refuerzo\">Primeras, segundas y dosis de refuerzo<\/h2>\n<p>La inmunizaci\u00f3n contra el <strong>covid-19 <\/strong>en Ecuador est\u00e1 autorizada para la poblaci\u00f3n desde los<strong> 3 a\u00f1os<\/strong>. De acuerdo con los lineamientos del MSP, a los menores de esa edad, hasta a 11 a\u00f1os, se les administra el biol\u00f3gico de <strong>Sinovac <\/strong>en un intervalo de 28 d\u00edas.<\/p>\n<p>A la<strong> primera dosis de refuerzo <\/strong>acceden los mayores de 12 a\u00f1os despu\u00e9s de cuatro meses de finalizar el esquema primario, es decir la segunda vacuna.<\/p>\n<p>El segundo refuerzo, en cambio, est\u00e1 autorizado para las personas mayores de 18 a\u00f1os, transcurridos cuatro meses de la tercera dosis.<\/p>\n<p>El MSP insiste en la necesidad de completar el esquema de vacunaci\u00f3n contra el covid-19 para evitar la gravedad de la enfermedad e incluso la muerte.<\/p>\n<div class=\"tbl-read-more-box\">\n<p>&nbsp;<\/p>\n<\/div>\n<\/div>\n<p><a href=\"https:\/\/www.elcomercio.com\/actualidad\/vacunacion-covid19-ecuador-quito-espacios-habilitados.html\">https:\/\/www.elcomercio.com\/actualidad\/vacunacion-covid19-ecuador-quito-espacios-habilitados.html<\/a><\/p>\n","protected":false},"excerpt":{"rendered":"<p>Este 2023, el proceso de vacunaci\u00f3n contra el covid-19 contin\u00faa a escala nacional en m\u00e1s de 1 900 centros de salud establecidos por la Cartera del ramo. Solo en el Distrito Metropolitano de Quito (DMQ) hay un total de 137 espacios: 47 en el norte, 52 en el sur, y 19 en el centro y valle. La mayor\u00eda de ellos son centros de salud, pero tambi\u00e9n hay lugares para la inoculaci\u00f3n en centros comerciales, mercados y la Estaci\u00f3n El Recreo del Troleb\u00fas. El horario de atenci\u00f3n es a partir de las 08:00 hasta las 16:00, excepto en los centros comerciales en donde se inicia desde las 10:00. Para este nuevo a\u00f1o, el Ministerio de Salud (MSP) anunci\u00f3 la compra, mediante el mecanismo Covax de la Organizaci\u00f3n Panamericana de la Salud (OPS), de 3,5 millones de dosis de la vacuna bivalente, que incluye en su composici\u00f3n protecci\u00f3n contra la variante original de \u00d3micron. Jos\u00e9 Ruales, titular de la Cartera de Estado, se\u00f1al\u00f3 que consideran importante acceder a una vacuna m\u00e1s espec\u00edfica de las cepas circulantes destinada principalmente a la poblaci\u00f3n de riesgo, es decir, a adultos mayores, personas con comorbilidades, con discapacidad, etc. El funcionario agreg\u00f3 que todav\u00eda no se ha definido una fecha de entrega, sin embargo, dijo, &#8220;deber\u00eda ser el primer trimestre\u201d de este 2023. En cuanto a la cobertura con las dosis de refuerzo en el pa\u00eds, Ruales mencion\u00f3 que se han visto estancadas y no se ha dado una buena respuesta a pesar de &#8220;todos los esfuerzos para motivar a la poblaci\u00f3n a completar los esquemas de refuerzo&#8221;. Pese a ello, agreg\u00f3, el MSP contin\u00faa haciendo campa\u00f1as, visitando comunidades y barrios para acercar la vacuna contra el covid-19 a la comunidad. Seg\u00fan datos del Vacun\u00f3metro, con corte al 3 de enero del 2023, 7 651 219 (55,63%) personas cuentan con el primer refuerzo y 2 707 954 tienen el segundo. La cobertura con dos dosis llega al 84,83%. Primeras, segundas y dosis de refuerzo La inmunizaci\u00f3n contra el covid-19 en Ecuador est\u00e1 autorizada para la poblaci\u00f3n desde los 3 a\u00f1os. De acuerdo con los lineamientos del MSP, a los menores de esa edad, hasta a 11 a\u00f1os, se les administra el biol\u00f3gico de Sinovac en un intervalo de 28 d\u00edas. A la primera dosis de refuerzo acceden los mayores de 12 a\u00f1os despu\u00e9s de cuatro meses de finalizar el esquema primario, es decir la segunda vacuna. El segundo refuerzo, en cambio, est\u00e1 autorizado para las personas mayores de 18 a\u00f1os, transcurridos cuatro meses de la tercera dosis. El MSP insiste en la necesidad de completar el esquema de vacunaci\u00f3n contra el covid-19 para evitar la gravedad de la enfermedad e incluso la muerte. &nbsp; https:\/\/www.elcomercio.com\/actualidad\/vacunacion-covid19-ecuador-quito-espacios-habilitados.html<\/p>\n","protected":false},"author":1,"featured_media":261249,"comment_status":"closed","ping_status":"closed","sticky":false,"template":"","format":"standard","meta":[],"categories":[35,24],"tags":[],"_links":{"self":[{"href":"https:\/\/www.ecuadortimes.net\/es\/wp-json\/wp\/v2\/posts\/261248"}],"collection":[{"href":"https:\/\/www.ecuadortimes.net\/es\/wp-json\/wp\/v2\/posts"}],"about":[{"href":"https:\/\/www.ecuadortimes.net\/es\/wp-json\/wp\/v2\/types\/post"}],"author":[{"embeddable":true,"href":"https:\/\/www.ecuadortimes.net\/es\/wp-json\/wp\/v2\/users\/1"}],"replies":[{"embeddable":true,"href":"https:\/\/www.ecuadortimes.net\/es\/wp-json\/wp\/v2\/comments?post=261248"}],"version-history":[{"count":1,"href":"https:\/\/www.ecuadortimes.net\/es\/wp-json\/wp\/v2\/posts\/261248\/revisions"}],"predecessor-version":[{"id":261250,"href":"https:\/\/www.ecuadortimes.net\/es\/wp-json\/wp\/v2\/posts\/261248\/revisions\/261250"}],"wp:featuredmedia":[{"embeddable":true,"href":"https:\/\/www.ecuadortimes.net\/es\/wp-json\/wp\/v2\/media\/261249"}],"wp:attachment":[{"href":"https:\/\/www.ecuadortimes.net\/es\/wp-json\/wp\/v2\/media?parent=261248"}],"wp:term":[{"taxonomy":"category","embeddable":true,"href":"https:\/\/www.ecuadortimes.net\/es\/wp-json\/wp\/v2\/categories?post=261248"},{"taxonomy":"post_tag","embeddable":true,"href":"https:\/\/www.ecuadortimes.net\/es\/wp-json\/wp\/v2\/tags?post=261248"}],"curies":[{"name":"wp","href":"https:\/\/api.w.org\/{rel}","templated":true}]}}