{"id":261260,"date":"2023-01-10T22:10:47","date_gmt":"2023-01-10T22:10:47","guid":{"rendered":"https:\/\/www.ecuadortimes.net\/es\/?p=261260"},"modified":"2023-01-10T22:10:47","modified_gmt":"2023-01-10T22:10:47","slug":"cunado-de-guillermo-lasso-encabezaria-trama-de-corrupcion-en-el-sector-electrico","status":"publish","type":"post","link":"https:\/\/www.ecuadortimes.net\/es\/cunado-de-guillermo-lasso-encabezaria-trama-de-corrupcion-en-el-sector-electrico\/","title":{"rendered":"Cu\u00f1ado de Guillermo Lasso encabezar\u00eda trama de corrupci\u00f3n en el sector el\u00e9ctrico"},"content":{"rendered":"<div class=\"post-content cf entry-content content-spacious\">\n<p><strong>Punto Noticias.<\/strong> Un entramado de corrupci\u00f3n en el sector el\u00e9ctrico estar\u00eda encabezado por Danilo Carrera, cu\u00f1ado del Presidente Guillermo Lasso y que estar\u00eda operando en la Corporaci\u00f3n Nacional de Electricidad (CNEL) y Corporaci\u00f3n El\u00e9ctrica del Ecuador (CELEC).<\/p>\n<div id=\"attachment_261261\" style=\"width: 778px\" class=\"wp-caption alignnone\"><img aria-describedby=\"caption-attachment-261261\" loading=\"lazy\" class=\"size-full wp-image-261261\" src=\"https:\/\/www.ecuadortimes.net\/es\/wp-content\/uploads\/2023\/01\/ecuador-times-ecuador-news-guillermo-lasso-brother-in-law-would-lead-a-corruption-plot-in-the-electricity-sector.jpg\" alt=\"\" width=\"768\" height=\"512\" \/><p id=\"caption-attachment-261261\" class=\"wp-caption-text\">Uno de los operadores de Danilo Carrera, cu\u00f1ado de Guillermo Lasso, ser\u00eda Rub\u00e9n Ch\u00e9rrez, quien cre\u00f3 siete empresas en un solo d\u00eda y ser\u00eda procesado por narcotr\u00e1fico.<\/p><\/div>\n<p>Danilo Carrera, cu\u00f1ado de Guillermo Lasso y hombre de su confianza, logr\u00f3 el nombramiento de Hern\u00e1n Luque frente a la Empresa que coordina todas las empresas p\u00fablicas, seg\u00fan revel\u00f3 una investigaci\u00f3n de La Posta, este lunes 9 de enero de 2023.<\/p>\n<p>El principal operador del cu\u00f1ado del Presidente Lasso es Rub\u00e9n Ch\u00e9rrez, que era un empresario quebrado, pero que crea en un mismo d\u00eda, el 7 de julio de 2021, siete empresas.<\/p>\n<p><img loading=\"lazy\" class=\"alignnone size-large wp-image-289888\" src=\"https:\/\/www.radiopichincha.com\/wp-content\/uploads\/2023\/01\/ESTRUCTURA-EL-GRAN-PADRINO-1024x570.jpeg\" sizes=\"(max-width: 755px) 100vw, 755px\" srcset=\"https:\/\/www.radiopichincha.com\/wp-content\/uploads\/2023\/01\/ESTRUCTURA-EL-GRAN-PADRINO-1024x570.jpeg 1024w, https:\/\/www.radiopichincha.com\/wp-content\/uploads\/2023\/01\/ESTRUCTURA-EL-GRAN-PADRINO-300x167.jpeg 300w, https:\/\/www.radiopichincha.com\/wp-content\/uploads\/2023\/01\/ESTRUCTURA-EL-GRAN-PADRINO-768x427.jpeg 768w, https:\/\/www.radiopichincha.com\/wp-content\/uploads\/2023\/01\/ESTRUCTURA-EL-GRAN-PADRINO-150x83.jpeg 150w, https:\/\/www.radiopichincha.com\/wp-content\/uploads\/2023\/01\/ESTRUCTURA-EL-GRAN-PADRINO-450x250.jpeg 450w, https:\/\/www.radiopichincha.com\/wp-content\/uploads\/2023\/01\/ESTRUCTURA-EL-GRAN-PADRINO-1200x668.jpeg 1200w, https:\/\/www.radiopichincha.com\/wp-content\/uploads\/2023\/01\/ESTRUCTURA-EL-GRAN-PADRINO.jpeg 1280w\" alt=\"\" width=\"755\" height=\"420\" \/><\/p>\n<p>En el entramado tambi\u00e9n aparece Leandro Cort\u00e1zar, quien aparece por primera vez en la pol\u00e9mica foto de la piscina en la que tambi\u00e9n aparecen otros personajes cuestionados. Cort\u00e1zar, seg\u00fan sus propias declaraciones en un audio obtenido por La Posta, habr\u00eda estado vinculado al sector el\u00e9ctrico desde hace varios a\u00f1os, pero es en el de Len\u00edn Moreno en el que toma casi el total manejo de CNEL.<\/p>\n<p>Cuando asume el nuevo el Gobierno de Lasso, Cort\u00e1zar revela que C\u00e9sar Monge, exministro de Gobierno, estuvo a cargo del manejo de este sector y \u00e9l le pidi\u00f3 a Cort\u00e1zar a que se quede y contin\u00fae \u201coperando\u201d. Incluso, <strong>revela que despu\u00e9s del fallecimiento de Monge, su esposa le habr\u00eda pedido al Presidente que se respete su acuerdo.<\/strong><\/p>\n<p>Entonces, la trama la encabeza Danilo Carrera, con Leandro Cort\u00e1zar y Rub\u00e9n Ch\u00e9rrez de sus operadores, este \u00faltimo, seg\u00fan La Posta, tambi\u00e9n procesado por narcotr\u00e1fico. En este organigrama, Jorge Orbe y Julio Le\u00f3n tambi\u00e9n toma una parte del pastel, con venia de Hern\u00e1n Luque, pero lo quieren todo, por lo que hay una pelea por dinero y el n\u00famero de unidades de negocio de CNEL entre los tres contra Cort\u00e1zar, pero no logran sacarlo de todo de CNEL porque tiene el respaldo de Carrera, cu\u00f1ado del Mandatario.<\/p>\n<div class=\"twitter-tweet twitter-tweet-rendered\" style=\"display: flex; max-width: 550px; width: 100%; margin-top: 10px; margin-bottom: 10px;\"><iframe id=\"twitter-widget-0\" class=\"\" style=\"position: static; visibility: visible; width: 550px; height: 1527px; display: block; flex-grow: 1;\" title=\"Twitter Tweet\" src=\"https:\/\/platform.twitter.com\/embed\/Tweet.html?creatorScreenName=radio_pichincha&amp;dnt=true&amp;embedId=twitter-widget-0&amp;features=eyJ0ZndfdGltZWxpbmVfbGlzdCI6eyJidWNrZXQiOlsibGlua3RyLmVlIiwidHIuZWUiLCJ0ZXJyYS5jb20uYnIiLCJ3d3cubGlua3RyLmVlIiwid3d3LnRyLmVlIiwid3d3LnRlcnJhLmNvbS5iciJdLCJ2ZXJzaW9uIjpudWxsfSwidGZ3X2hvcml6b25fdGltZWxpbmVfMTIwMzQiOnsiYnVja2V0IjoidHJlYXRtZW50IiwidmVyc2lvbiI6bnVsbH0sInRmd190d2VldF9lZGl0X2JhY2tlbmQiOnsiYnVja2V0Ijoib24iLCJ2ZXJzaW9uIjpudWxsfSwidGZ3X3JlZnNyY19zZXNzaW9uIjp7ImJ1Y2tldCI6Im9uIiwidmVyc2lvbiI6bnVsbH0sInRmd19zaG93X2J1c2luZXNzX3ZlcmlmaWVkX2JhZGdlIjp7ImJ1Y2tldCI6Im9uIiwidmVyc2lvbiI6bnVsbH0sInRmd19jaGluX3BpbGxzXzE0NzQxIjp7ImJ1Y2tldCI6ImNvbG9yX2ljb25zIiwidmVyc2lvbiI6bnVsbH0sInRmd190d2VldF9yZXN1bHRfbWlncmF0aW9uXzEzOTc5Ijp7ImJ1Y2tldCI6InR3ZWV0X3Jlc3VsdCIsInZlcnNpb24iOm51bGx9LCJ0ZndfbWl4ZWRfbWVkaWFfMTU4OTciOnsiYnVja2V0IjoidHJlYXRtZW50IiwidmVyc2lvbiI6bnVsbH0sInRmd19zZW5zaXRpdmVfbWVkaWFfaW50ZXJzdGl0aWFsXzEzOTYzIjp7ImJ1Y2tldCI6ImludGVyc3RpdGlhbCIsInZlcnNpb24iOm51bGx9LCJ0ZndfZXhwZXJpbWVudHNfY29va2llX2V4cGlyYXRpb24iOnsiYnVja2V0IjoxMjA5NjAwLCJ2ZXJzaW9uIjpudWxsfSwidGZ3X2R1cGxpY2F0ZV9zY3JpYmVzX3RvX3NldHRpbmdzIjp7ImJ1Y2tldCI6Im9uIiwidmVyc2lvbiI6bnVsbH0sInRmd192aWRlb19obHNfZHluYW1pY19tYW5pZmVzdHNfMTUwODIiOnsiYnVja2V0IjoidHJ1ZV9iaXRyYXRlIiwidmVyc2lvbiI6bnVsbH0sInRmd19zaG93X2JsdWVfdmVyaWZpZWRfYmFkZ2UiOnsiYnVja2V0Ijoib24iLCJ2ZXJzaW9uIjpudWxsfSwidGZ3X2xlZ2FjeV90aW1lbGluZV9zdW5zZXQiOnsiYnVja2V0IjpmYWxzZSwidmVyc2lvbiI6bnVsbH0sInRmd19zaG93X2dvdl92ZXJpZmllZF9iYWRnZSI6eyJidWNrZXQiOiJvbiIsInZlcnNpb24iOm51bGx9LCJ0Zndfc2hvd19idXNpbmVzc19hZmZpbGlhdGVfYmFkZ2UiOnsiYnVja2V0Ijoib24iLCJ2ZXJzaW9uIjpudWxsfSwidGZ3X3R3ZWV0X2VkaXRfZnJvbnRlbmQiOnsiYnVja2V0Ijoib24iLCJ2ZXJzaW9uIjpudWxsfX0%3D&amp;frame=false&amp;hideCard=false&amp;hideThread=false&amp;id=1612476789129084929&amp;lang=es&amp;origin=https%3A%2F%2Fwww.radiopichincha.com%2Fcunado-de-guillermo-lasso-encabezaria-trama-de-corrupcion-en-el-sector-electrico%2F&amp;sessionId=9b1a5d7546de50dc665a492c3c394d27f059b904&amp;siteScreenName=radio_pichincha&amp;theme=light&amp;widgetsVersion=a3525f077c700%3A1667415560940&amp;width=550px\" frameborder=\"0\" scrolling=\"no\" allowfullscreen=\"allowfullscreen\" data-tweet-id=\"1612476789129084929\"><\/iframe><\/div>\n<p><script async=\"\" src=\"https:\/\/platform.twitter.com\/widgets.js\" charset=\"utf-8\"><\/script><\/p>\n<p>Todo un sistema de corrupci\u00f3n que lo conoci\u00f3 la mano derecha de Lasso, como fue C\u00e9sar Monge, y que ahora sigue bajo la tutela de su cu\u00f1ado, Danilo Carrera, quien estuvo presente y form\u00f3 parte de la comitiva oficial que acompa\u00f1\u00f3 a Guillermo Lasso a su \u00faltimo viaje a Estados Unidos.<\/p>\n<p><strong>Hasta la publicaci\u00f3n de este reporte, el Gobierno no se ha pronunciado al respecto.<\/strong><\/p>\n<\/div>\n<p><a href=\"https:\/\/www.radiopichincha.com\/cunado-de-guillermo-lasso-encabezaria-trama-de-corrupcion-en-el-sector-electrico\/\">https:\/\/www.radiopichincha.com\/cunado-de-guillermo-lasso-encabezaria-trama-de-corrupcion-en-el-sector-electrico\/<\/a><\/p>\n","protected":false},"excerpt":{"rendered":"<p>Punto Noticias. Un entramado de corrupci\u00f3n en el sector el\u00e9ctrico estar\u00eda encabezado por Danilo Carrera, cu\u00f1ado del Presidente Guillermo Lasso y que estar\u00eda operando en la Corporaci\u00f3n Nacional de Electricidad (CNEL) y Corporaci\u00f3n El\u00e9ctrica del Ecuador (CELEC). Danilo Carrera, cu\u00f1ado de Guillermo Lasso y hombre de su confianza, logr\u00f3 el nombramiento de Hern\u00e1n Luque frente a la Empresa que coordina todas las empresas p\u00fablicas, seg\u00fan revel\u00f3 una investigaci\u00f3n de La Posta, este lunes 9 de enero de 2023. El principal operador del cu\u00f1ado del Presidente Lasso es Rub\u00e9n Ch\u00e9rrez, que era un empresario quebrado, pero que crea en un mismo d\u00eda, el 7 de julio de 2021, siete empresas. En el entramado tambi\u00e9n aparece Leandro Cort\u00e1zar, quien aparece por primera vez en la pol\u00e9mica foto de la piscina en la que tambi\u00e9n aparecen otros personajes cuestionados. Cort\u00e1zar, seg\u00fan sus propias declaraciones en un audio obtenido por La Posta, habr\u00eda estado vinculado al sector el\u00e9ctrico desde hace varios a\u00f1os, pero es en el de Len\u00edn Moreno en el que toma casi el total manejo de CNEL. Cuando asume el nuevo el Gobierno de Lasso, Cort\u00e1zar revela que C\u00e9sar Monge, exministro de Gobierno, estuvo a cargo del manejo de este sector y \u00e9l le pidi\u00f3 a Cort\u00e1zar a que se quede y contin\u00fae \u201coperando\u201d. Incluso, revela que despu\u00e9s del fallecimiento de Monge, su esposa le habr\u00eda pedido al Presidente que se respete su acuerdo. Entonces, la trama la encabeza Danilo Carrera, con Leandro Cort\u00e1zar y Rub\u00e9n Ch\u00e9rrez de sus operadores, este \u00faltimo, seg\u00fan La Posta, tambi\u00e9n procesado por narcotr\u00e1fico. En este organigrama, Jorge Orbe y Julio Le\u00f3n tambi\u00e9n toma una parte del pastel, con venia de Hern\u00e1n Luque, pero lo quieren todo, por lo que hay una pelea por dinero y el n\u00famero de unidades de negocio de CNEL entre los tres contra Cort\u00e1zar, pero no logran sacarlo de todo de CNEL porque tiene el respaldo de Carrera, cu\u00f1ado del Mandatario. Todo un sistema de corrupci\u00f3n que lo conoci\u00f3 la mano derecha de Lasso, como fue C\u00e9sar Monge, y que ahora sigue bajo la tutela de su cu\u00f1ado, Danilo Carrera, quien estuvo presente y form\u00f3 parte de la comitiva oficial que acompa\u00f1\u00f3 a Guillermo Lasso a su \u00faltimo viaje a Estados Unidos. Hasta la publicaci\u00f3n de este reporte, el Gobierno no se ha pronunciado al respecto. https:\/\/www.radiopichincha.com\/cunado-de-guillermo-lasso-encabezaria-trama-de-corrupcion-en-el-sector-electrico\/<\/p>\n","protected":false},"author":1,"featured_media":261261,"comment_status":"closed","ping_status":"closed","sticky":false,"template":"","format":"standard","meta":[],"categories":[40,23],"tags":[],"_links":{"self":[{"href":"https:\/\/www.ecuadortimes.net\/es\/wp-json\/wp\/v2\/posts\/261260"}],"collection":[{"href":"https:\/\/www.ecuadortimes.net\/es\/wp-json\/wp\/v2\/posts"}],"about":[{"href":"https:\/\/www.ecuadortimes.net\/es\/wp-json\/wp\/v2\/types\/post"}],"author":[{"embeddable":true,"href":"https:\/\/www.ecuadortimes.net\/es\/wp-json\/wp\/v2\/users\/1"}],"replies":[{"embeddable":true,"href":"https:\/\/www.ecuadortimes.net\/es\/wp-json\/wp\/v2\/comments?post=261260"}],"version-history":[{"count":1,"href":"https:\/\/www.ecuadortimes.net\/es\/wp-json\/wp\/v2\/posts\/261260\/revisions"}],"predecessor-version":[{"id":261262,"href":"https:\/\/www.ecuadortimes.net\/es\/wp-json\/wp\/v2\/posts\/261260\/revisions\/261262"}],"wp:featuredmedia":[{"embeddable":true,"href":"https:\/\/www.ecuadortimes.net\/es\/wp-json\/wp\/v2\/media\/261261"}],"wp:attachment":[{"href":"https:\/\/www.ecuadortimes.net\/es\/wp-json\/wp\/v2\/media?parent=261260"}],"wp:term":[{"taxonomy":"category","embeddable":true,"href":"https:\/\/www.ecuadortimes.net\/es\/wp-json\/wp\/v2\/categories?post=261260"},{"taxonomy":"post_tag","embeddable":true,"href":"https:\/\/www.ecuadortimes.net\/es\/wp-json\/wp\/v2\/tags?post=261260"}],"curies":[{"name":"wp","href":"https:\/\/api.w.org\/{rel}","templated":true}]}}