{"id":261263,"date":"2023-01-10T22:21:18","date_gmt":"2023-01-10T22:21:18","guid":{"rendered":"https:\/\/www.ecuadortimes.net\/es\/?p=261263"},"modified":"2023-01-10T22:21:18","modified_gmt":"2023-01-10T22:21:18","slug":"inversion-extranjera-cae-al-nivel-mas-bajo-de-los-ultimos-12-anos","status":"publish","type":"post","link":"https:\/\/www.ecuadortimes.net\/es\/inversion-extranjera-cae-al-nivel-mas-bajo-de-los-ultimos-12-anos\/","title":{"rendered":"Inversi\u00f3n extranjera cae al nivel m\u00e1s bajo de los \u00faltimos 12 a\u00f1os"},"content":{"rendered":"<div id=\"entry-content-inarticle\" class=\"entry-content\">\n<h3 class=\"noticia__entradilla\">Hubo desinversi\u00f3n en el sector de minas y canteras. Mientras tanto, la inversi\u00f3n extranjera se redujo en las \u00e1reas de manufactura y transporte.<\/h3>\n<div id=\"attachment_261264\" style=\"width: 1034px\" class=\"wp-caption alignnone\"><img aria-describedby=\"caption-attachment-261264\" loading=\"lazy\" class=\"size-full wp-image-261264\" src=\"https:\/\/www.ecuadortimes.net\/es\/wp-content\/uploads\/2023\/01\/ecuador-times-ecuador-news-foreign-investment-falls-to-the-lowest-level-in-the-last-12-years.jpg\" alt=\"\" width=\"1024\" height=\"574\" \/><p id=\"caption-attachment-261264\" class=\"wp-caption-text\">Imagen referencial de un pozo petrolero en Ecuador, en diciembre de 2022.<\/p><\/div>\n<p class=\"selectionShareable\">La <strong>Inversi\u00f3n Extranjera Directa<\/strong> (IED) sum\u00f3 USD 51,3 millones en el tercer trimestre de 2022, seg\u00fan el Banco Central.<\/p>\n<p class=\"selectionShareable\">Comparada con el mismo per\u00edodo de 2021, la cifra representa una <strong>contracci\u00f3n del 67%<\/strong>.<\/p>\n<p class=\"selectionShareable\">Y es la <strong>m\u00e1s baja en los \u00faltimos 12 a\u00f1os,<\/strong> desde el cuarto trimestre de 2010, cuando la IED tuvo un saldo negativo de USD 30,9 millones.<\/p>\n<div class=\"flourish-embed flourish-chart\" data-src=\"visualisation\/12384357\">\n<p><script src=\"https:\/\/public.flourish.studio\/resources\/embed.js\"><\/script><iframe style=\"width: 100%; height: 575px;\" title=\"Interactive or visual content\" src=\"https:\/\/flo.uri.sh\/visualisation\/12384357\/embed?auto=1\" frameborder=\"0\" scrolling=\"no\" sandbox=\"allow-same-origin allow-forms allow-scripts allow-downloads allow-popups allow-popups-to-escape-sandbox allow-top-navigation-by-user-activation\"><\/iframe><\/p>\n<div class=\"flourish-credit\" style=\"width: 100%!important; margin: 0 0 4px!important; text-align: right!important; font-family: Helvetica,sans-serif!important; color: #888!important; font-size: 11px!important; font-weight: bold!important; font-style: normal!important; -webkit-font-smoothing: antialiased!important; box-shadow: none!important;\"><a style=\"display: inline-block!important; text-decoration: none!important; font: inherit!important; color: inherit!important; border: none!important; margin: 0 5px!important; box-shadow: none!important;\" href=\"https:\/\/public.flourish.studio\/visualisation\/12384357\/?utm_source=showcase&amp;utm_campaign=visualisation\/12384357\" target=\"_top\" rel=\"noopener\"><img style=\"font: inherit!important; width: auto!important; height: 12px!important; border: none!important; margin: 0 2px 0!important; vertical-align: middle!important; display: inline-block!important; box-shadow: none!important;\" src=\"https:\/\/public.flourish.studio\/resources\/bosh.svg\" alt=\"Flourish logo\" \/><span style=\"font: inherit!important; color: #888!important; vertical-align: middle!important; display: inline-block!important; box-shadow: none!important;\">A Flourish chart<\/span><\/a><\/div>\n<\/div>\n<p class=\"selectionShareable\">Sin inversi\u00f3n extranjera, la econom\u00eda ecuatoriana no despuntar\u00e1 en los pr\u00f3ximos a\u00f1os, sostuvo el analista econ\u00f3mico Jaime Carrera, durante un evento de la consultora econ\u00f3mica MAP.<\/p>\n<p class=\"selectionShareable\">De hecho, la econom\u00eda de Ecuador ser\u00e1 una de las que <strong>menos crezca en Am\u00e9rica Latina<\/strong> en 2023, con una tasa de 2,7%, seg\u00fan el Fondo Monetario Internacional (FMI).<\/p>\n<p class=\"selectionShareable\">Para <strong>generar trabajo y reducir la pobreza,<\/strong> el pa\u00eds necesita crecer, por lo menos, a una tasa de 5% al a\u00f1o durante las pr\u00f3ximas dos d\u00e9cadas, dijo Carrera.<\/p>\n<h2>D\u00f3nde cay\u00f3 la inversi\u00f3n<\/h2>\n<p class=\"selectionShareable\">En el tercer trimestre de 2022, la inversi\u00f3n extranjera baj\u00f3 o hubo desinversi\u00f3n en<strong> cinco de las nueve actividades econ\u00f3micas <\/strong>que analiza el Banco Central.<\/p>\n<p class=\"selectionShareable\">La<strong> explotaci\u00f3n de minas y canteras <\/strong>es la actividad con la mayor contracci\u00f3n, por la salida de USD 39,2 millones en el tercer trimestre de 2022.<\/p>\n<p class=\"selectionShareable\">Eso equivale a una <strong>baja de 164%<\/strong>, frente al mismo per\u00edodo de 2021, cuando la inversi\u00f3n extranjera en minas y canteras (que agrupa a los sectores minero y petrolero) ascendi\u00f3 a USD 54,6 millones.<\/p>\n<p class=\"selectionShareable\">Le siguen <strong>la industria manufacturera, el transporte, <\/strong>el almacenamiento y las comunicaciones; la construcci\u00f3n y los servicios comunales.<\/p>\n<p class=\"selectionShareable\">En cambio, las actividades en las que <strong>creci\u00f3 la inyecci\u00f3n de capital extranjero<\/strong>, en t\u00e9rminos interanuales, fueron los servicios prestados a empresas, incluidas las actividades financieras y de seguros; la agricultura; el comercio; y electricidad, gas y agua.<\/p>\n<div class=\"flourish-embed flourish-chart\" data-src=\"visualisation\/12392049\">\n<p><script src=\"https:\/\/public.flourish.studio\/resources\/embed.js\"><\/script><iframe style=\"width: 100%; height: 575px;\" title=\"Interactive or visual content\" src=\"https:\/\/flo.uri.sh\/visualisation\/12392049\/embed?auto=1\" frameborder=\"0\" scrolling=\"no\" sandbox=\"allow-same-origin allow-forms allow-scripts allow-downloads allow-popups allow-popups-to-escape-sandbox allow-top-navigation-by-user-activation\"><\/iframe><\/p>\n<div class=\"flourish-credit\" style=\"width: 100%!important; margin: 0 0 4px!important; text-align: right!important; font-family: Helvetica,sans-serif!important; color: #888!important; font-size: 11px!important; font-weight: bold!important; font-style: normal!important; -webkit-font-smoothing: antialiased!important; box-shadow: none!important;\"><a style=\"display: inline-block!important; text-decoration: none!important; font: inherit!important; color: inherit!important; border: none!important; margin: 0 5px!important; box-shadow: none!important;\" href=\"https:\/\/public.flourish.studio\/visualisation\/12392049\/?utm_source=showcase&amp;utm_campaign=visualisation\/12392049\" target=\"_top\" rel=\"noopener\"><img style=\"font: inherit!important; width: auto!important; height: 12px!important; border: none!important; margin: 0 2px 0!important; vertical-align: middle!important; display: inline-block!important; box-shadow: none!important;\" src=\"https:\/\/public.flourish.studio\/resources\/bosh.svg\" alt=\"Flourish logo\" \/><span style=\"font: inherit!important; color: #888!important; vertical-align: middle!important; display: inline-block!important; box-shadow: none!important;\">A Flourish chart<\/span><\/a><\/div>\n<\/div>\n<h2>Falta de confianza<\/h2>\n<p class=\"selectionShareable\">Las expectativas sobre el cierre de la Inversi\u00f3n Extranjera Directa en 2022 en Ecuador y otros pa\u00edses de Latinoam\u00e9rica <strong>es incierta<\/strong>, seg\u00fan la Comisi\u00f3n Econ\u00f3mica para Am\u00e9rica Latina y el Caribe (Cepal).<\/p>\n<p class=\"selectionShareable\">La <a href=\"https:\/\/repositorio.cepal.org\/handle\/11362\/48520\" target=\"_blank\" rel=\"noreferrer noopener\">Cepal argumenta<\/a> que es dif\u00edcil estimar el comportamiento de la entrada de IED en la regi\u00f3n por tres factores:<\/p>\n<ul>\n<li>El deterioro de expectativas sobre el <strong>desempe\u00f1o econ\u00f3mico<\/strong> de los pa\u00edses.<\/li>\n<li>La gran incertidumbre sobre la duraci\u00f3n y las <strong>consecuencias de la guerra en Ucrania<\/strong>.<\/li>\n<li>El alza de la <strong>inflaci\u00f3n<\/strong> en el mundo.<\/li>\n<\/ul>\n<p class=\"selectionShareable\">Ecuador es uno de los pa\u00edses que m\u00e1s siente el impacto de la invasi\u00f3n de Rusia a Ucrania, porque el 4,5% de sus exportaciones se destinaba a esos mercados.<\/p>\n<p class=\"selectionShareable\">Otro factor que explica la baja inversi\u00f3n en el pa\u00eds es el deterioro del clima de negocios, por la inestabilidad pol\u00edtica y la<strong> falta de confianza en el plan econ\u00f3mico del Gobierno<\/strong>, seg\u00fan el centro brasile\u00f1o de estudios econ\u00f3micos de la Fundaci\u00f3n Getulio Vargas (FGV).<\/p>\n<p class=\"selectionShareable\">\u201cEcuador no ha sido capaz de enfrentar las<strong> reformas estructurales <\/strong>para impulsar la inversi\u00f3n y el crecimiento econ\u00f3mico\u201d, afirm\u00f3 Jaime Carrera.<\/p>\n<p class=\"selectionShareable\">En 2023, el Gobierno no descarta enviar al Legislativo nuevos proyectos de ley relacionados con <strong>zonas francas e incentivos a las inversiones <\/strong>nacionales y extranjeras.<\/p>\n<p class=\"selectionShareable\">Lo anterior, pese al fracaso del proyecto de Ley Atracci\u00f3n de Inversiones, que fue archivado en marzo de 2022 en la Asamblea.<\/p>\n<div class=\"noticia__single__enlaces\"><\/div>\n<\/div>\n<p><a href=\"https:\/\/www.primicias.ec\/noticias\/economia\/inversion-extranjera-caida-decada-ecuador\/\">https:\/\/www.primicias.ec\/noticias\/economia\/inversion-extranjera-caida-decada-ecuador\/<\/a><\/p>\n","protected":false},"excerpt":{"rendered":"<p>Hubo desinversi\u00f3n en el sector de minas y canteras. Mientras tanto, la inversi\u00f3n extranjera se redujo en las \u00e1reas de manufactura y transporte. La Inversi\u00f3n Extranjera Directa (IED) sum\u00f3 USD 51,3 millones en el tercer trimestre de 2022, seg\u00fan el Banco Central. Comparada con el mismo per\u00edodo de 2021, la cifra representa una contracci\u00f3n del 67%. Y es la m\u00e1s baja en los \u00faltimos 12 a\u00f1os, desde el cuarto trimestre de 2010, cuando la IED tuvo un saldo negativo de USD 30,9 millones. A Flourish chart Sin inversi\u00f3n extranjera, la econom\u00eda ecuatoriana no despuntar\u00e1 en los pr\u00f3ximos a\u00f1os, sostuvo el analista econ\u00f3mico Jaime Carrera, durante un evento de la consultora econ\u00f3mica MAP. De hecho, la econom\u00eda de Ecuador ser\u00e1 una de las que menos crezca en Am\u00e9rica Latina en 2023, con una tasa de 2,7%, seg\u00fan el Fondo Monetario Internacional (FMI). Para generar trabajo y reducir la pobreza, el pa\u00eds necesita crecer, por lo menos, a una tasa de 5% al a\u00f1o durante las pr\u00f3ximas dos d\u00e9cadas, dijo Carrera. D\u00f3nde cay\u00f3 la inversi\u00f3n En el tercer trimestre de 2022, la inversi\u00f3n extranjera baj\u00f3 o hubo desinversi\u00f3n en cinco de las nueve actividades econ\u00f3micas que analiza el Banco Central. La explotaci\u00f3n de minas y canteras es la actividad con la mayor contracci\u00f3n, por la salida de USD 39,2 millones en el tercer trimestre de 2022. Eso equivale a una baja de 164%, frente al mismo per\u00edodo de 2021, cuando la inversi\u00f3n extranjera en minas y canteras (que agrupa a los sectores minero y petrolero) ascendi\u00f3 a USD 54,6 millones. Le siguen la industria manufacturera, el transporte, el almacenamiento y las comunicaciones; la construcci\u00f3n y los servicios comunales. En cambio, las actividades en las que creci\u00f3 la inyecci\u00f3n de capital extranjero, en t\u00e9rminos interanuales, fueron los servicios prestados a empresas, incluidas las actividades financieras y de seguros; la agricultura; el comercio; y electricidad, gas y agua. A Flourish chart Falta de confianza Las expectativas sobre el cierre de la Inversi\u00f3n Extranjera Directa en 2022 en Ecuador y otros pa\u00edses de Latinoam\u00e9rica es incierta, seg\u00fan la Comisi\u00f3n Econ\u00f3mica para Am\u00e9rica Latina y el Caribe (Cepal). La Cepal argumenta que es dif\u00edcil estimar el comportamiento de la entrada de IED en la regi\u00f3n por tres factores: El deterioro de expectativas sobre el desempe\u00f1o econ\u00f3mico de los pa\u00edses. La gran incertidumbre sobre la duraci\u00f3n y las consecuencias de la guerra en Ucrania. El alza de la inflaci\u00f3n en el mundo. Ecuador es uno de los pa\u00edses que m\u00e1s siente el impacto de la invasi\u00f3n de Rusia a Ucrania, porque el 4,5% de sus exportaciones se destinaba a esos mercados. Otro factor que explica la baja inversi\u00f3n en el pa\u00eds es el deterioro del clima de negocios, por la inestabilidad pol\u00edtica y la falta de confianza en el plan econ\u00f3mico del Gobierno, seg\u00fan el centro brasile\u00f1o de estudios econ\u00f3micos de la Fundaci\u00f3n Getulio Vargas (FGV). \u201cEcuador no ha sido capaz de enfrentar las reformas estructurales para impulsar la inversi\u00f3n y el crecimiento econ\u00f3mico\u201d, afirm\u00f3 Jaime Carrera. En 2023, el Gobierno no descarta enviar al Legislativo nuevos proyectos de ley relacionados con zonas francas e incentivos a las inversiones nacionales y extranjeras. Lo anterior, pese al fracaso del proyecto de Ley Atracci\u00f3n de Inversiones, que fue archivado en marzo de 2022 en la Asamblea. https:\/\/www.primicias.ec\/noticias\/economia\/inversion-extranjera-caida-decada-ecuador\/<\/p>\n","protected":false},"author":1,"featured_media":261264,"comment_status":"closed","ping_status":"closed","sticky":false,"template":"","format":"standard","meta":[],"categories":[43,24],"tags":[],"_links":{"self":[{"href":"https:\/\/www.ecuadortimes.net\/es\/wp-json\/wp\/v2\/posts\/261263"}],"collection":[{"href":"https:\/\/www.ecuadortimes.net\/es\/wp-json\/wp\/v2\/posts"}],"about":[{"href":"https:\/\/www.ecuadortimes.net\/es\/wp-json\/wp\/v2\/types\/post"}],"author":[{"embeddable":true,"href":"https:\/\/www.ecuadortimes.net\/es\/wp-json\/wp\/v2\/users\/1"}],"replies":[{"embeddable":true,"href":"https:\/\/www.ecuadortimes.net\/es\/wp-json\/wp\/v2\/comments?post=261263"}],"version-history":[{"count":1,"href":"https:\/\/www.ecuadortimes.net\/es\/wp-json\/wp\/v2\/posts\/261263\/revisions"}],"predecessor-version":[{"id":261265,"href":"https:\/\/www.ecuadortimes.net\/es\/wp-json\/wp\/v2\/posts\/261263\/revisions\/261265"}],"wp:featuredmedia":[{"embeddable":true,"href":"https:\/\/www.ecuadortimes.net\/es\/wp-json\/wp\/v2\/media\/261264"}],"wp:attachment":[{"href":"https:\/\/www.ecuadortimes.net\/es\/wp-json\/wp\/v2\/media?parent=261263"}],"wp:term":[{"taxonomy":"category","embeddable":true,"href":"https:\/\/www.ecuadortimes.net\/es\/wp-json\/wp\/v2\/categories?post=261263"},{"taxonomy":"post_tag","embeddable":true,"href":"https:\/\/www.ecuadortimes.net\/es\/wp-json\/wp\/v2\/tags?post=261263"}],"curies":[{"name":"wp","href":"https:\/\/api.w.org\/{rel}","templated":true}]}}