{"id":261266,"date":"2023-01-11T21:11:08","date_gmt":"2023-01-11T21:11:08","guid":{"rendered":"https:\/\/www.ecuadortimes.net\/es\/?p=261266"},"modified":"2023-01-11T21:11:08","modified_gmt":"2023-01-11T21:11:08","slug":"duart-hare-una-carcel-en-guayaquil-para-jueces-corruptos","status":"publish","type":"post","link":"https:\/\/www.ecuadortimes.net\/es\/duart-hare-una-carcel-en-guayaquil-para-jueces-corruptos\/","title":{"rendered":"Duart: \u201cHar\u00e9 una c\u00e1rcel en Guayaquil para jueces corruptos\u201d"},"content":{"rendered":"<div id=\"entry-content-inarticle\" class=\"entry-content\">\n<h3 class=\"noticia__entradilla\">El candidato a la Alcald\u00eda de Guayaquil por SUMA, Pedro Pablo Duart, dijo a PRIMICIAS que pedir\u00e1 la competencia de las c\u00e1rceles, como el primer paso para enfrentar a la inseguridad.<\/h3>\n<div id=\"attachment_261267\" style=\"width: 1034px\" class=\"wp-caption alignnone\"><img aria-describedby=\"caption-attachment-261267\" loading=\"lazy\" class=\"size-full wp-image-261267\" src=\"https:\/\/www.ecuadortimes.net\/es\/wp-content\/uploads\/2023\/01\/ecuador-times-ecuador-news-duart-i-will-make-a-prison-in-guayaquil-for-corrupt-judges.jpg\" alt=\"\" width=\"1024\" height=\"574\" \/><p id=\"caption-attachment-261267\" class=\"wp-caption-text\">Pedro Pablo Duart, candidato a la Alcald\u00eda de Guayaquil por SUMA, plantea crear una prisi\u00f3n para jueces y fiscales.<\/p><\/div>\n<p class=\"selectionShareable\">Construir un nuevo eje vial y una c\u00e1rcel para jueces y fiscales corruptos es el eje medular del plan de trabajo de Pedro Pablo Duart, candidato a la Alcald\u00eda de Guayaquil por el partido SUMA, para <strong>las elecciones seccionales del 5 de febrero<\/strong>.<\/p>\n<p class=\"selectionShareable\">El postulante cuestiona a la actual administraci\u00f3n municipal y enumera los problemas que, a su criterio, tiene esta ciudad <strong>de casi 3.000.000 de habitantes<\/strong>.<\/p>\n<p class=\"selectionShareable\"><strong><a href=\"https:\/\/twitter.com\/PedroPabloDuart\" target=\"_blank\" rel=\"noreferrer noopener\">Duart<\/a><\/strong>, de 44 a\u00f1os, llega a la cita con PRIMICIAS al mediod\u00eda del 10 de enero, en la plaza de San Francisco, en pleno centro de Guayaquil, con sus asesores, entre ellos el espa\u00f1ol V\u00edctor L\u00f3pez, tambi\u00e9n <strong>consejero del presidente salvadore\u00f1o, Nayib Bukele<\/strong>.<\/p>\n<p class=\"selectionShareable\">En los planes Duart, quien lider\u00f3 la Direcci\u00f3n de Acci\u00f3n Social y Educaci\u00f3n del Municipio de Guayaquil (2014-2017) y fue gobernador de Guayas (2019-2020), est\u00e1 crear una Secretar\u00eda Municipal contra la Corrupci\u00f3n y la <strong>parroquializaci\u00f3n de Monte Sina\u00ed<\/strong>.<\/p>\n<h3>De llegar a la Alcald\u00eda de Guayaquil, \u00bfdestinar\u00e1 recursos para la seguridad de la ciudad como lo hace la administraci\u00f3n actual?<\/h3>\n<p class=\"selectionShareable\">Y dicen que no tienen la competencia (en seguridad). Si no la tienen, ser\u00eda peculado, porque no podr\u00edan invertir recursos municipales. Esa es la primera contradicci\u00f3n para evadir la mediocridad de su gesti\u00f3n.<\/p>\n<p class=\"selectionShareable\">Se jactan en decir que han invertido USD 300 millones, seg\u00fan ellos. Entonces a cuenta de qu\u00e9 han invertido esa cantidad si no lo pueden hacer por Contralor\u00eda, porque no se puede invertir recursos si no tienen la competencia.<\/p>\n<p class=\"selectionShareable\">Esa competencia no se asume por conveniencia, sino por urgencia. Es indignante que la gente tenga miedo de salir a la calle o que reciba un impacto de bala en su casa. Ni\u00f1os inocentes han muerto en esta situaci\u00f3n.<\/p>\n<p class=\"selectionShareable\">Entonces hay que invertir en acci\u00f3n social, no basta con entregar mochilas, kits de alimentos, tanques de gas o pollos, no hay una hoja de ruta.<\/p>\n<h3>\u00bfLa seguridad es competencia de los municipios?<\/h3>\n<p class=\"selectionShareable\">Si lo es, no se puede mirar para otro lado cuando la gente la est\u00e1 pasando mal. Pediremos la competencia de las c\u00e1rceles de Guayaquil, porque desde esos lugares se dan las \u00f3rdenes para robar, matar y delinquir.<\/p>\n<p class=\"selectionShareable\">Pondremos a trabajar a los polic\u00edas metropolitanos las 24 horas y los siete d\u00edas a la semana, no en horarios de oficina.<\/p>\n<p class=\"selectionShareable\">Vamos a incorporar a 1.000 agentes m\u00e1s para capacitarlos, equiparlos y ejercer poder desde el municipio para que puedan portar armas.<\/p>\n<h3>El porte de armas no depende de una decisi\u00f3n municipal, sino del Legislativo.<\/h3>\n<p class=\"selectionShareable\">S\u00ed, por eso vamos a ejercer el poder. Para eso est\u00e1n los puestos de poder, para ejercerlos, para que las cosas pasen. Vamos a liderar el proceso para que la Polic\u00eda Metropolitana pueda tener armas.<\/p>\n<p class=\"selectionShareable\">Porque si no, estamos en desigualdad de condiciones con los delincuentes armados con fusiles. Hay que trabajar en equipo con la Polic\u00eda Nacional y con el Gobierno.<\/p>\n<p class=\"selectionShareable\">Soy de la idea de que hay que construir una nueva c\u00e1rcel para los jueces y fiscales corruptos que liberan a los delincuentes y le aseguro que va a estar llena. Hay que tomar acciones, si no vamos a perder la ciudad y el pa\u00eds.<\/p>\n<div style=\"position: relative; overflow: hidden; padding-bottom: 56.25%;\"><iframe loading=\"lazy\" style=\"position: absolute;\" title=\"Suguridad Duart\" src=\"https:\/\/cdn.jwplayer.com\/players\/bTtx5shL-Yglx6tzS.html\" width=\"100%\" height=\"100%\" frameborder=\"0\" scrolling=\"auto\" allowfullscreen=\"allowfullscreen\"><\/iframe><\/div>\n<h3>\u00bfC\u00f3mo recuperar los espacios p\u00fablicos, ahora en poder de delincuentes?<\/h3>\n<p class=\"selectionShareable\">Es que las autoridades han cedido el espacio p\u00fablico a los delincuentes, que est\u00e1n en los parques vendiendo droga o prostituyendo a los j\u00f3venes, mientras la gente se encierra en sus casas. Eso va en contra de las normas de urbanismo.<\/p>\n<p class=\"selectionShareable\">Se debe promover que los agentes se apropien, en el buen sentido, de los parques.<\/p>\n<h3>Usted propone adem\u00e1s la parroquializaci\u00f3n de Monte Sina\u00ed.<\/h3>\n<p class=\"selectionShareable\">Monte Sina\u00ed tambi\u00e9n es Guayaquil, un lugar que no tiene agua. Lo conozco porque lo legalic\u00e9 (cuando fue Gobernador de Guayas).<\/p>\n<p class=\"selectionShareable\">Entregu\u00e9 5.000 t\u00edtulos de propiedad casa por casa en plena pandemia, cuando otros estaban escondidos sacando cartelitos para que no fueran a visitarlos.<\/p>\n<p class=\"selectionShareable\">Me refiero a la alcaldesa de Guayaquil, Cynthia Viteri, que se estaba enriqueciendo a costa de la pandemia, comprando tierras (en Daular) y cambiando una ordenanza municipal, cuando la gente se mor\u00eda en las calles.<\/p>\n<p class=\"selectionShareable\">\u00bfSabe cu\u00e1nto cuesta dotar de agua a Monte Sina\u00ed? Aproximadamente USD 50 millones, de un presupuesto de USD 1.200 millones, \u00bfy que no puedan llevar agua a un sector importante?<\/p>\n<h3>\u00bfCu\u00e1l ser\u00eda el papel de la Secretar\u00eda Municipal contra la Corrupci\u00f3n que planea crear?<\/h3>\n<p class=\"selectionShareable\">Pondr\u00e1 mano dura con una veedur\u00eda ciudadana para que se transparenten todos los gastos del municipio y de las fundaciones.<\/p>\n<h3>Esa es la funci\u00f3n de los concejales, que deben fiscalizar en el municipio.<\/h3>\n<p class=\"selectionShareable\">Pero no lo hacen, son concejales iguanas que levantan la mano y mueven la cabeza. Eso es lo que no queremos. Por eso importante cambiar la forma de hacer pol\u00edtica para integrar a la ciudadan\u00eda.<\/p>\n<p class=\"selectionShareable\">Esta secretar\u00eda no ser\u00e1 un ente burocr\u00e1tico, sino que controlar\u00e1 en qu\u00e9 se gasta el presupuesto de los guayaquile\u00f1os.<\/p>\n<p class=\"selectionShareable\">\u00bfPor qu\u00e9 la ciudad est\u00e1 llena de basura si hay un contrato con Urvaseo (consorcio encargado de la recolecci\u00f3n de desechos) por USD 400 millones?<\/p>\n<p class=\"selectionShareable\">Vamos a implementar un servicio de recolecci\u00f3n de basura para hacer un programa que se llama Basura por Cultura, que se cre\u00f3 en Curitiba (Brasil), y que consiste en llevar los desechos a un centro de acopio a cambio de entradas al teatro, al cine o \u00fatiles escolares.<\/p>\n<h3>\u00bfC\u00f3mo descongestionar v\u00edas, como la Perimetral, colapsadas por el tr\u00e1fico de veh\u00edculos pesados?<\/h3>\n<p class=\"selectionShareable\">Es necesario el quinto puente y un nuevo eje vial, una nueva v\u00eda Perimetral que conecte la v\u00eda a la costa con Monte Sina\u00ed y que empate con Guayaquil y Dur\u00e1n.<\/p>\n<p class=\"selectionShareable\">Tenemos una mesa de urbanismo integrada por importantes acad\u00e9micos universitarios que nos asesoran para tomar decisiones viables.<\/p>\n<p class=\"selectionShareable\">Hay que descongestionar la ciudad. La Aerov\u00eda no funciona como medio de transporte y cost\u00f3 USD 130 millones aproximadamente, casi lo mismo que la Metrov\u00eda, que moviliza a 420.000 personas.<\/p>\n<p class=\"selectionShareable\">La idea es integrar los dos sistemas con el transporte fluvial en el r\u00edo Guayas.<\/p>\n<div style=\"position: relative; overflow: hidden; padding-bottom: 56.25%;\"><iframe loading=\"lazy\" style=\"position: absolute;\" title=\"Movilidad Duart\" src=\"https:\/\/cdn.jwplayer.com\/players\/K8YWIQMz-Yglx6tzS.html\" width=\"100%\" height=\"100%\" frameborder=\"0\" scrolling=\"auto\" allowfullscreen=\"allowfullscreen\"><\/iframe><\/div>\n<h3>\u00bfQui\u00e9n financia la campa\u00f1a de Pedro Pablo Duart?<\/h3>\n<p class=\"selectionShareable\">Hasta ahora el Consejo Nacional Electoral. No hay aportantes ni tenemos cuentas bancarias. Todo lo hemos hecho con voluntarios, yo no le pago USD 40 a la gente para que se sume a las caravanas, como lo hacen los partidos tradicionales.<\/p>\n<p class=\"selectionShareable\">Los partidos pagan USD 10 d\u00f3lares diarios para que sus \u201cseguidores\u201d vayan a las concentraciones. Aqu\u00ed hay una causa para rescatar a Guayaquil, no una chequera. Yo no soy un improvisado en la pol\u00edtica.<\/p>\n<h3>\u00bfDe qu\u00e9 vive usted?<\/h3>\n<p class=\"selectionShareable\">De mis recursos, de mi patrimonio familiar. Mi familia es adinerada, gracias al esfuerzo de mis padres. Nos hemos dedicado a la agricultura, a sembrar arroz y camar\u00f3n.<\/p>\n<p class=\"selectionShareable\">Soy el candidato con mayor patrimonio declarado y las cifras son p\u00fablicas.<\/p>\n<div class=\"noticia__single__enlaces\"><\/div>\n<\/div>\n<p><a href=\"https:\/\/www.primicias.ec\/noticias\/seccionales-2023\/pedro-pablo-duart-carcel-jueces-fiscales-corruptos\/\">https:\/\/www.primicias.ec\/noticias\/seccionales-2023\/pedro-pablo-duart-carcel-jueces-fiscales-corruptos\/<\/a><\/p>\n","protected":false},"excerpt":{"rendered":"<p>El candidato a la Alcald\u00eda de Guayaquil por SUMA, Pedro Pablo Duart, dijo a PRIMICIAS que pedir\u00e1 la competencia de las c\u00e1rceles, como el primer paso para enfrentar a la inseguridad. Construir un nuevo eje vial y una c\u00e1rcel para jueces y fiscales corruptos es el eje medular del plan de trabajo de Pedro Pablo Duart, candidato a la Alcald\u00eda de Guayaquil por el partido SUMA, para las elecciones seccionales del 5 de febrero. El postulante cuestiona a la actual administraci\u00f3n municipal y enumera los problemas que, a su criterio, tiene esta ciudad de casi 3.000.000 de habitantes. Duart, de 44 a\u00f1os, llega a la cita con PRIMICIAS al mediod\u00eda del 10 de enero, en la plaza de San Francisco, en pleno centro de Guayaquil, con sus asesores, entre ellos el espa\u00f1ol V\u00edctor L\u00f3pez, tambi\u00e9n consejero del presidente salvadore\u00f1o, Nayib Bukele. En los planes Duart, quien lider\u00f3 la Direcci\u00f3n de Acci\u00f3n Social y Educaci\u00f3n del Municipio de Guayaquil (2014-2017) y fue gobernador de Guayas (2019-2020), est\u00e1 crear una Secretar\u00eda Municipal contra la Corrupci\u00f3n y la parroquializaci\u00f3n de Monte Sina\u00ed. De llegar a la Alcald\u00eda de Guayaquil, \u00bfdestinar\u00e1 recursos para la seguridad de la ciudad como lo hace la administraci\u00f3n actual? Y dicen que no tienen la competencia (en seguridad). Si no la tienen, ser\u00eda peculado, porque no podr\u00edan invertir recursos municipales. Esa es la primera contradicci\u00f3n para evadir la mediocridad de su gesti\u00f3n. Se jactan en decir que han invertido USD 300 millones, seg\u00fan ellos. Entonces a cuenta de qu\u00e9 han invertido esa cantidad si no lo pueden hacer por Contralor\u00eda, porque no se puede invertir recursos si no tienen la competencia. Esa competencia no se asume por conveniencia, sino por urgencia. Es indignante que la gente tenga miedo de salir a la calle o que reciba un impacto de bala en su casa. Ni\u00f1os inocentes han muerto en esta situaci\u00f3n. Entonces hay que invertir en acci\u00f3n social, no basta con entregar mochilas, kits de alimentos, tanques de gas o pollos, no hay una hoja de ruta. \u00bfLa seguridad es competencia de los municipios? Si lo es, no se puede mirar para otro lado cuando la gente la est\u00e1 pasando mal. Pediremos la competencia de las c\u00e1rceles de Guayaquil, porque desde esos lugares se dan las \u00f3rdenes para robar, matar y delinquir. Pondremos a trabajar a los polic\u00edas metropolitanos las 24 horas y los siete d\u00edas a la semana, no en horarios de oficina. Vamos a incorporar a 1.000 agentes m\u00e1s para capacitarlos, equiparlos y ejercer poder desde el municipio para que puedan portar armas. El porte de armas no depende de una decisi\u00f3n municipal, sino del Legislativo. S\u00ed, por eso vamos a ejercer el poder. Para eso est\u00e1n los puestos de poder, para ejercerlos, para que las cosas pasen. Vamos a liderar el proceso para que la Polic\u00eda Metropolitana pueda tener armas. Porque si no, estamos en desigualdad de condiciones con los delincuentes armados con fusiles. Hay que trabajar en equipo con la Polic\u00eda Nacional y con el Gobierno. Soy de la idea de que hay que construir una nueva c\u00e1rcel para los jueces y fiscales corruptos que liberan a los delincuentes y le aseguro que va a estar llena. Hay que tomar acciones, si no vamos a perder la ciudad y el pa\u00eds. \u00bfC\u00f3mo recuperar los espacios p\u00fablicos, ahora en poder de delincuentes? Es que las autoridades han cedido el espacio p\u00fablico a los delincuentes, que est\u00e1n en los parques vendiendo droga o prostituyendo a los j\u00f3venes, mientras la gente se encierra en sus casas. Eso va en contra de las normas de urbanismo. Se debe promover que los agentes se apropien, en el buen sentido, de los parques. Usted propone adem\u00e1s la parroquializaci\u00f3n de Monte Sina\u00ed. Monte Sina\u00ed tambi\u00e9n es Guayaquil, un lugar que no tiene agua. Lo conozco porque lo legalic\u00e9 (cuando fue Gobernador de Guayas). Entregu\u00e9 5.000 t\u00edtulos de propiedad casa por casa en plena pandemia, cuando otros estaban escondidos sacando cartelitos para que no fueran a visitarlos. Me refiero a la alcaldesa de Guayaquil, Cynthia Viteri, que se estaba enriqueciendo a costa de la pandemia, comprando tierras (en Daular) y cambiando una ordenanza municipal, cuando la gente se mor\u00eda en las calles. \u00bfSabe cu\u00e1nto cuesta dotar de agua a Monte Sina\u00ed? Aproximadamente USD 50 millones, de un presupuesto de USD 1.200 millones, \u00bfy que no puedan llevar agua a un sector importante? \u00bfCu\u00e1l ser\u00eda el papel de la Secretar\u00eda Municipal contra la Corrupci\u00f3n que planea crear? Pondr\u00e1 mano dura con una veedur\u00eda ciudadana para que se transparenten todos los gastos del municipio y de las fundaciones. Esa es la funci\u00f3n de los concejales, que deben fiscalizar en el municipio. Pero no lo hacen, son concejales iguanas que levantan la mano y mueven la cabeza. Eso es lo que no queremos. Por eso importante cambiar la forma de hacer pol\u00edtica para integrar a la ciudadan\u00eda. Esta secretar\u00eda no ser\u00e1 un ente burocr\u00e1tico, sino que controlar\u00e1 en qu\u00e9 se gasta el presupuesto de los guayaquile\u00f1os. \u00bfPor qu\u00e9 la ciudad est\u00e1 llena de basura si hay un contrato con Urvaseo (consorcio encargado de la recolecci\u00f3n de desechos) por USD 400 millones? Vamos a implementar un servicio de recolecci\u00f3n de basura para hacer un programa que se llama Basura por Cultura, que se cre\u00f3 en Curitiba (Brasil), y que consiste en llevar los desechos a un centro de acopio a cambio de entradas al teatro, al cine o \u00fatiles escolares. \u00bfC\u00f3mo descongestionar v\u00edas, como la Perimetral, colapsadas por el tr\u00e1fico de veh\u00edculos pesados? Es necesario el quinto puente y un nuevo eje vial, una nueva v\u00eda Perimetral que conecte la v\u00eda a la costa con Monte Sina\u00ed y que empate con Guayaquil y Dur\u00e1n. Tenemos una mesa de urbanismo integrada por importantes acad\u00e9micos universitarios que nos asesoran para tomar decisiones viables. Hay que descongestionar la ciudad. La Aerov\u00eda no funciona como medio de transporte y cost\u00f3 USD 130 millones aproximadamente, casi lo mismo que la Metrov\u00eda, que moviliza a 420.000 personas. La idea es integrar los dos sistemas [&hellip;]<\/p>\n","protected":false},"author":1,"featured_media":261267,"comment_status":"closed","ping_status":"closed","sticky":false,"template":"","format":"standard","meta":[],"categories":[40,23],"tags":[],"_links":{"self":[{"href":"https:\/\/www.ecuadortimes.net\/es\/wp-json\/wp\/v2\/posts\/261266"}],"collection":[{"href":"https:\/\/www.ecuadortimes.net\/es\/wp-json\/wp\/v2\/posts"}],"about":[{"href":"https:\/\/www.ecuadortimes.net\/es\/wp-json\/wp\/v2\/types\/post"}],"author":[{"embeddable":true,"href":"https:\/\/www.ecuadortimes.net\/es\/wp-json\/wp\/v2\/users\/1"}],"replies":[{"embeddable":true,"href":"https:\/\/www.ecuadortimes.net\/es\/wp-json\/wp\/v2\/comments?post=261266"}],"version-history":[{"count":1,"href":"https:\/\/www.ecuadortimes.net\/es\/wp-json\/wp\/v2\/posts\/261266\/revisions"}],"predecessor-version":[{"id":261268,"href":"https:\/\/www.ecuadortimes.net\/es\/wp-json\/wp\/v2\/posts\/261266\/revisions\/261268"}],"wp:featuredmedia":[{"embeddable":true,"href":"https:\/\/www.ecuadortimes.net\/es\/wp-json\/wp\/v2\/media\/261267"}],"wp:attachment":[{"href":"https:\/\/www.ecuadortimes.net\/es\/wp-json\/wp\/v2\/media?parent=261266"}],"wp:term":[{"taxonomy":"category","embeddable":true,"href":"https:\/\/www.ecuadortimes.net\/es\/wp-json\/wp\/v2\/categories?post=261266"},{"taxonomy":"post_tag","embeddable":true,"href":"https:\/\/www.ecuadortimes.net\/es\/wp-json\/wp\/v2\/tags?post=261266"}],"curies":[{"name":"wp","href":"https:\/\/api.w.org\/{rel}","templated":true}]}}