{"id":261269,"date":"2023-01-11T21:20:18","date_gmt":"2023-01-11T21:20:18","guid":{"rendered":"https:\/\/www.ecuadortimes.net\/es\/?p=261269"},"modified":"2023-01-11T21:20:18","modified_gmt":"2023-01-11T21:20:18","slug":"lluvias-podrian-afectar-a-22-provincias-de-ecuador-con-deslizamientos-o-inundaciones","status":"publish","type":"post","link":"https:\/\/www.ecuadortimes.net\/es\/lluvias-podrian-afectar-a-22-provincias-de-ecuador-con-deslizamientos-o-inundaciones\/","title":{"rendered":"Lluvias podr\u00edan afectar a 22 provincias de Ecuador con deslizamientos o inundaciones"},"content":{"rendered":"<div class=\"entry__content pw-ctt tbl-forkorts-article\">\n<p>La <strong>Secretar\u00eda de Gesti\u00f3n de Riesgos<\/strong> inform\u00f3 que los cantones de<strong> 22 provincias del Ecuado<\/strong>r podr\u00edan ser afectadas por las precipitaciones que se presentar\u00e1n entre este mi\u00e9rcoles 11 y el jueves 12 de enero de 2023.<\/p>\n<div id=\"attachment_261270\" style=\"width: 710px\" class=\"wp-caption alignnone\"><img aria-describedby=\"caption-attachment-261270\" loading=\"lazy\" class=\"size-full wp-image-261270\" src=\"https:\/\/www.ecuadortimes.net\/es\/wp-content\/uploads\/2023\/01\/ecuador-times-ecuador-news-rains-could-affect-22-provinces-of-ecuador-with-landslides-or-floods.jpg\" alt=\"\" width=\"700\" height=\"391\" \/><p id=\"caption-attachment-261270\" class=\"wp-caption-text\">Imagen referencial. La Secretaria de Gesti\u00f3n de Riesgos pronostica lluvias par a este mi\u00e9rcoles y jueves.<\/p><\/div>\n<p>De acuerdo con el pron\u00f3stico las lluvias generar\u00e1n <strong>movimientos en masa<\/strong> o <strong>inundaciones<\/strong> en diferentes puntos del pa\u00eds. Siendo la zona interandina ubicado al norte del pa\u00eds la que se encuentra en mayor amenaza, luego le sigue la zona norte de la Amazon\u00eda.<\/p>\n<p>El informe detalla los ejes viales que podr\u00edan tambi\u00e9n afectarse, con la finalidad de que los conductores y viajeros sepan y tomen <strong>medidas alternativas y de prevenci\u00f3n<\/strong>.<\/p>\n<figure class=\"wp-block-image size-large\"><img loading=\"lazy\" class=\"wp-image-1131868\" src=\"https:\/\/www.elcomercio.com\/wp-content\/uploads\/2023\/01\/FmM3rriWIAIrDxr-700x495.jpg\" sizes=\"(max-width: 700px) 100vw, 700px\" srcset=\"https:\/\/www.elcomercio.com\/wp-content\/uploads\/2023\/01\/FmM3rriWIAIrDxr-700x495.jpg 700w, https:\/\/www.elcomercio.com\/wp-content\/uploads\/2023\/01\/FmM3rriWIAIrDxr-300x212.jpg 300w, https:\/\/www.elcomercio.com\/wp-content\/uploads\/2023\/01\/FmM3rriWIAIrDxr-1200x848.jpg 1200w, https:\/\/www.elcomercio.com\/wp-content\/uploads\/2023\/01\/FmM3rriWIAIrDxr-40x28.jpg 40w, https:\/\/www.elcomercio.com\/wp-content\/uploads\/2023\/01\/FmM3rriWIAIrDxr-55x39.jpg 55w, https:\/\/www.elcomercio.com\/wp-content\/uploads\/2023\/01\/FmM3rriWIAIrDxr-100x71.jpg 100w, https:\/\/www.elcomercio.com\/wp-content\/uploads\/2023\/01\/FmM3rriWIAIrDxr.jpg 1280w\" alt=\"\" width=\"700\" height=\"495\" \/><\/figure>\n<figure class=\"wp-block-image size-large\"><img loading=\"lazy\" class=\"wp-image-1131869\" src=\"https:\/\/www.elcomercio.com\/wp-content\/uploads\/2023\/01\/FmM3rrRXoAMpdXA-700x495.jpg\" sizes=\"(max-width: 700px) 100vw, 700px\" srcset=\"https:\/\/www.elcomercio.com\/wp-content\/uploads\/2023\/01\/FmM3rrRXoAMpdXA-700x495.jpg 700w, https:\/\/www.elcomercio.com\/wp-content\/uploads\/2023\/01\/FmM3rrRXoAMpdXA-300x212.jpg 300w, https:\/\/www.elcomercio.com\/wp-content\/uploads\/2023\/01\/FmM3rrRXoAMpdXA-1200x848.jpg 1200w, https:\/\/www.elcomercio.com\/wp-content\/uploads\/2023\/01\/FmM3rrRXoAMpdXA-40x28.jpg 40w, https:\/\/www.elcomercio.com\/wp-content\/uploads\/2023\/01\/FmM3rrRXoAMpdXA-55x39.jpg 55w, https:\/\/www.elcomercio.com\/wp-content\/uploads\/2023\/01\/FmM3rrRXoAMpdXA-100x71.jpg 100w, https:\/\/www.elcomercio.com\/wp-content\/uploads\/2023\/01\/FmM3rrRXoAMpdXA.jpg 1280w\" alt=\"\" width=\"700\" height=\"495\" \/><\/figure>\n<h2 id=\"h-recomendaciones-para-conducir-en-lluvias\">Recomendaciones para conducir en lluvias<\/h2>\n<p>Se recomienda tomar las siguientes precauciones en caso de que tenga que manejar bajo la lluvias.<\/p>\n<p>-Realizar el mantenimiento del auto previo al viaje<\/p>\n<p>-Mantener frenos, neum\u00e1ticos y amortiguadores en buen estado.<\/p>\n<p>-Reducir la velocidad<\/p>\n<p>-Incrementar la distancia entre automotores<\/p>\n<p>As\u00ed como respetar las se\u00f1ales de tr\u00e1nsito.<\/p>\n<div class=\"tbl-read-more-box\">\n<p>&nbsp;<\/p>\n<\/div>\n<\/div>\n<p><a href=\"https:\/\/www.elcomercio.com\/actualidad\/ecuador\/provincias-afectadas-deslizamientos-inundaciones.html\">https:\/\/www.elcomercio.com\/actualidad\/ecuador\/provincias-afectadas-deslizamientos-inundaciones.html<\/a><\/p>\n","protected":false},"excerpt":{"rendered":"<p>La Secretar\u00eda de Gesti\u00f3n de Riesgos inform\u00f3 que los cantones de 22 provincias del Ecuador podr\u00edan ser afectadas por las precipitaciones que se presentar\u00e1n entre este mi\u00e9rcoles 11 y el jueves 12 de enero de 2023. De acuerdo con el pron\u00f3stico las lluvias generar\u00e1n movimientos en masa o inundaciones en diferentes puntos del pa\u00eds. Siendo la zona interandina ubicado al norte del pa\u00eds la que se encuentra en mayor amenaza, luego le sigue la zona norte de la Amazon\u00eda. El informe detalla los ejes viales que podr\u00edan tambi\u00e9n afectarse, con la finalidad de que los conductores y viajeros sepan y tomen medidas alternativas y de prevenci\u00f3n. Recomendaciones para conducir en lluvias Se recomienda tomar las siguientes precauciones en caso de que tenga que manejar bajo la lluvias. -Realizar el mantenimiento del auto previo al viaje -Mantener frenos, neum\u00e1ticos y amortiguadores en buen estado. -Reducir la velocidad -Incrementar la distancia entre automotores As\u00ed como respetar las se\u00f1ales de tr\u00e1nsito. &nbsp; https:\/\/www.elcomercio.com\/actualidad\/ecuador\/provincias-afectadas-deslizamientos-inundaciones.html<\/p>\n","protected":false},"author":1,"featured_media":261270,"comment_status":"closed","ping_status":"closed","sticky":false,"template":"","format":"standard","meta":[],"categories":[35,24],"tags":[],"_links":{"self":[{"href":"https:\/\/www.ecuadortimes.net\/es\/wp-json\/wp\/v2\/posts\/261269"}],"collection":[{"href":"https:\/\/www.ecuadortimes.net\/es\/wp-json\/wp\/v2\/posts"}],"about":[{"href":"https:\/\/www.ecuadortimes.net\/es\/wp-json\/wp\/v2\/types\/post"}],"author":[{"embeddable":true,"href":"https:\/\/www.ecuadortimes.net\/es\/wp-json\/wp\/v2\/users\/1"}],"replies":[{"embeddable":true,"href":"https:\/\/www.ecuadortimes.net\/es\/wp-json\/wp\/v2\/comments?post=261269"}],"version-history":[{"count":1,"href":"https:\/\/www.ecuadortimes.net\/es\/wp-json\/wp\/v2\/posts\/261269\/revisions"}],"predecessor-version":[{"id":261271,"href":"https:\/\/www.ecuadortimes.net\/es\/wp-json\/wp\/v2\/posts\/261269\/revisions\/261271"}],"wp:featuredmedia":[{"embeddable":true,"href":"https:\/\/www.ecuadortimes.net\/es\/wp-json\/wp\/v2\/media\/261270"}],"wp:attachment":[{"href":"https:\/\/www.ecuadortimes.net\/es\/wp-json\/wp\/v2\/media?parent=261269"}],"wp:term":[{"taxonomy":"category","embeddable":true,"href":"https:\/\/www.ecuadortimes.net\/es\/wp-json\/wp\/v2\/categories?post=261269"},{"taxonomy":"post_tag","embeddable":true,"href":"https:\/\/www.ecuadortimes.net\/es\/wp-json\/wp\/v2\/tags?post=261269"}],"curies":[{"name":"wp","href":"https:\/\/api.w.org\/{rel}","templated":true}]}}