{"id":261623,"date":"2023-04-12T00:42:29","date_gmt":"2023-04-12T00:42:29","guid":{"rendered":"https:\/\/www.ecuadortimes.net\/es\/?p=261623"},"modified":"2023-04-12T00:42:29","modified_gmt":"2023-04-12T00:42:29","slug":"ganar-mil-dolares-por-correr-con-un-racimo-de-platanos-al-hombro","status":"publish","type":"post","link":"https:\/\/www.ecuadortimes.net\/es\/ganar-mil-dolares-por-correr-con-un-racimo-de-platanos-al-hombro\/","title":{"rendered":"Ganar mil d\u00f3lares por correr con un racimo de pl\u00e1tanos al hombro"},"content":{"rendered":"<div class=\"itemFullText\">\n<p><span style=\"font-weight: 400;\">En la capital bananera, <strong>Machala<\/strong>, se realiza un evento que pretende volverse tradici\u00f3n por las fiestas patronales de Santa Rosa: <strong>correr con racimos de banano en los hombros.<\/strong>\u00a0<\/span><\/p>\n<div id=\"attachment_261624\" style=\"width: 1210px\" class=\"wp-caption alignnone\"><img aria-describedby=\"caption-attachment-261624\" loading=\"lazy\" class=\"size-full wp-image-261624\" src=\"https:\/\/www.ecuadortimes.net\/es\/wp-content\/uploads\/2023\/04\/ecuador-times-ecuador-news-earn-a-thousand-dollars-for-running-with-a-bunch-of-bananas-over-the-shoulder.jpg\" alt=\"\" width=\"1200\" height=\"810\" srcset=\"https:\/\/www.ecuadortimes.net\/es\/wp-content\/uploads\/2023\/04\/ecuador-times-ecuador-news-earn-a-thousand-dollars-for-running-with-a-bunch-of-bananas-over-the-shoulder.jpg 1200w, https:\/\/www.ecuadortimes.net\/es\/wp-content\/uploads\/2023\/04\/ecuador-times-ecuador-news-earn-a-thousand-dollars-for-running-with-a-bunch-of-bananas-over-the-shoulder-75x52.jpg 75w\" sizes=\"(max-width: 1200px) 100vw, 1200px\" \/><p id=\"caption-attachment-261624\" class=\"wp-caption-text\">La carrera con un racimo de pl\u00e1tanos se realiza para resaltar el producto estrella de los orenses.<\/p><\/div>\n<p><span style=\"font-weight: 400;\">Hace 16 a\u00f1os que se realiza oficialmente la carrera en la cual los ganadores reciben <strong>premios<\/strong> de USD 1.000 para el primer puesto; USD 500 para el segundo y USD 300 para el tercero.<\/span><\/p>\n<p><span style=\"font-weight: 400;\">La <strong>Marat\u00f3n Provincial del Bananero<\/strong> re\u00fane a varios competidores con la indumentaria de quien va a correr un par de kil\u00f3metros. Lo extravagante de esta carrera es que cada uno coloca en su hombro un racimo de banano de 50 libras que es pesado al inicio y al final de la carrera para verificar que no haya ninguna infracci\u00f3n. El tramo que recorren es de dos kil\u00f3metros. La meta culmina en el recinto de la Feria Mundial del Banano.<\/span><\/p>\n<p><span style=\"font-weight: 400;\">Se cree que los antepasados orenses ya realizaban el torneo para entretener a quienes asist\u00edan a las fiestas populares.<\/span><\/p>\n<p><span style=\"font-weight: 400;\">El evento se ha desarrollado tambi\u00e9n en otros cantones de la provincia como una idea para promover la productividad y dar a conocer el producto estrella de los orenses: el banano.<\/span><\/p>\n<p><span style=\"font-weight: 400;\">Cada concursante representa a diferentes haciendas de <strong>Santa Rosa<\/strong>, <strong>Machala<\/strong>, <strong>El Guabo<\/strong>, <strong>Pasaje<\/strong> y <strong>Arenillas<\/strong>. En la \u00faltima edici\u00f3n el ganador representante de la hacienda Rumani, super\u00f3 al contendiente de la hacienda Tenguel y de Guarumal 2.<\/span><\/p>\n<p><b>La Feria Internacional del Banano, Industrial y Comercial<\/b><\/p>\n<p><span style=\"font-weight: 400;\">El 23 septiembre de 1964 se inaugur\u00f3 el primer evento \u00fanico a nivel internacional denominado \u201c<strong>La Gran Feria del Banano<\/strong>\u201d con sede en la ciudad de Machala. En la feria hay actividades como la elecci\u00f3n del Rey Banano, la Reina Mundial del Banano, la Misa en honor a la Virgen de las Mercedes y la Marat\u00f3n del bananero que se incorpor\u00f3 en 2019.<\/span><\/p>\n<p><span style=\"font-weight: 400;\">Si bien no existe una larga historia del Marat\u00f3n, muchos habitantes ya la consideran una tradici\u00f3n, no solo del pueblo, sino de toda la provincia que cultiva y exporta la fruta.<\/span><\/p>\n<p><span style=\"font-weight: 400;\">Francisco Loaiza coment\u00f3 para el Diario Extra que \u201cla carrera es una tradici\u00f3n y un referente incluso de cultura en El Oro. Ya es parte de nuestra historia y legado ancestral\u201d.<\/span><\/p>\n<p><b>\u00bfCu\u00e1ndo se puede considerar un evento como tradici\u00f3n?<\/b><\/p>\n<p><span style=\"font-weight: 400;\">Una tradici\u00f3n abarca a las costumbres y manifestaciones que la comunidad considera valiosas y parte indispensable de su identidad o legado cultural; es algo que se hereda y caracter\u00edstico de un grupo social.<\/span><\/p>\n<\/div>\n<p><a href=\"https:\/\/www.eltelegrafo.com.ec\/noticias\/actualidad\/44\/ganar-mil-dolares-por-correr-con-un-racimo-de-platanos-al-hombro\">https:\/\/www.eltelegrafo.com.ec\/noticias\/actualidad\/44\/ganar-mil-dolares-por-correr-con-un-racimo-de-platanos-al-hombro<\/a><\/p>\n","protected":false},"excerpt":{"rendered":"<p>En la capital bananera, Machala, se realiza un evento que pretende volverse tradici\u00f3n por las fiestas patronales de Santa Rosa: correr con racimos de banano en los hombros.\u00a0 Hace 16 a\u00f1os que se realiza oficialmente la carrera en la cual los ganadores reciben premios de USD 1.000 para el primer puesto; USD 500 para el segundo y USD 300 para el tercero. La Marat\u00f3n Provincial del Bananero re\u00fane a varios competidores con la indumentaria de quien va a correr un par de kil\u00f3metros. Lo extravagante de esta carrera es que cada uno coloca en su hombro un racimo de banano de 50 libras que es pesado al inicio y al final de la carrera para verificar que no haya ninguna infracci\u00f3n. El tramo que recorren es de dos kil\u00f3metros. La meta culmina en el recinto de la Feria Mundial del Banano. Se cree que los antepasados orenses ya realizaban el torneo para entretener a quienes asist\u00edan a las fiestas populares. El evento se ha desarrollado tambi\u00e9n en otros cantones de la provincia como una idea para promover la productividad y dar a conocer el producto estrella de los orenses: el banano. Cada concursante representa a diferentes haciendas de Santa Rosa, Machala, El Guabo, Pasaje y Arenillas. En la \u00faltima edici\u00f3n el ganador representante de la hacienda Rumani, super\u00f3 al contendiente de la hacienda Tenguel y de Guarumal 2. La Feria Internacional del Banano, Industrial y Comercial El 23 septiembre de 1964 se inaugur\u00f3 el primer evento \u00fanico a nivel internacional denominado \u201cLa Gran Feria del Banano\u201d con sede en la ciudad de Machala. En la feria hay actividades como la elecci\u00f3n del Rey Banano, la Reina Mundial del Banano, la Misa en honor a la Virgen de las Mercedes y la Marat\u00f3n del bananero que se incorpor\u00f3 en 2019. Si bien no existe una larga historia del Marat\u00f3n, muchos habitantes ya la consideran una tradici\u00f3n, no solo del pueblo, sino de toda la provincia que cultiva y exporta la fruta. Francisco Loaiza coment\u00f3 para el Diario Extra que \u201cla carrera es una tradici\u00f3n y un referente incluso de cultura en El Oro. Ya es parte de nuestra historia y legado ancestral\u201d. \u00bfCu\u00e1ndo se puede considerar un evento como tradici\u00f3n? Una tradici\u00f3n abarca a las costumbres y manifestaciones que la comunidad considera valiosas y parte indispensable de su identidad o legado cultural; es algo que se hereda y caracter\u00edstico de un grupo social. https:\/\/www.eltelegrafo.com.ec\/noticias\/actualidad\/44\/ganar-mil-dolares-por-correr-con-un-racimo-de-platanos-al-hombro<\/p>\n","protected":false},"author":1,"featured_media":261624,"comment_status":"closed","ping_status":"closed","sticky":false,"template":"","format":"standard","meta":[],"categories":[35,24],"tags":[],"_links":{"self":[{"href":"https:\/\/www.ecuadortimes.net\/es\/wp-json\/wp\/v2\/posts\/261623"}],"collection":[{"href":"https:\/\/www.ecuadortimes.net\/es\/wp-json\/wp\/v2\/posts"}],"about":[{"href":"https:\/\/www.ecuadortimes.net\/es\/wp-json\/wp\/v2\/types\/post"}],"author":[{"embeddable":true,"href":"https:\/\/www.ecuadortimes.net\/es\/wp-json\/wp\/v2\/users\/1"}],"replies":[{"embeddable":true,"href":"https:\/\/www.ecuadortimes.net\/es\/wp-json\/wp\/v2\/comments?post=261623"}],"version-history":[{"count":1,"href":"https:\/\/www.ecuadortimes.net\/es\/wp-json\/wp\/v2\/posts\/261623\/revisions"}],"predecessor-version":[{"id":261625,"href":"https:\/\/www.ecuadortimes.net\/es\/wp-json\/wp\/v2\/posts\/261623\/revisions\/261625"}],"wp:featuredmedia":[{"embeddable":true,"href":"https:\/\/www.ecuadortimes.net\/es\/wp-json\/wp\/v2\/media\/261624"}],"wp:attachment":[{"href":"https:\/\/www.ecuadortimes.net\/es\/wp-json\/wp\/v2\/media?parent=261623"}],"wp:term":[{"taxonomy":"category","embeddable":true,"href":"https:\/\/www.ecuadortimes.net\/es\/wp-json\/wp\/v2\/categories?post=261623"},{"taxonomy":"post_tag","embeddable":true,"href":"https:\/\/www.ecuadortimes.net\/es\/wp-json\/wp\/v2\/tags?post=261623"}],"curies":[{"name":"wp","href":"https:\/\/api.w.org\/{rel}","templated":true}]}}