{"id":261626,"date":"2023-04-13T01:11:22","date_gmt":"2023-04-13T01:11:22","guid":{"rendered":"https:\/\/www.ecuadortimes.net\/es\/?p=261626"},"modified":"2023-04-13T01:11:22","modified_gmt":"2023-04-13T01:11:22","slug":"impuestos-a-la-importacion-de-autos-coreanos-bajaran-a-cero-gradualmente","status":"publish","type":"post","link":"https:\/\/www.ecuadortimes.net\/es\/impuestos-a-la-importacion-de-autos-coreanos-bajaran-a-cero-gradualmente\/","title":{"rendered":"Impuestos a la importaci\u00f3n de autos coreanos bajar\u00e1n a cero gradualmente"},"content":{"rendered":"<div id=\"entry-content-inarticle\" class=\"entry-content\">\n<h3 class=\"noticia__entradilla\">El Gobierno de Guillermo Lasso se plante\u00f3 alcanzar al menos nueve acuerdos comerciales en cuatro a\u00f1os de gesti\u00f3n, entre ellos uno con Corea del Sur.<\/h3>\n<div id=\"attachment_261627\" style=\"width: 1034px\" class=\"wp-caption alignnone\"><img aria-describedby=\"caption-attachment-261627\" loading=\"lazy\" class=\"size-full wp-image-261627\" src=\"https:\/\/www.ecuadortimes.net\/es\/wp-content\/uploads\/2023\/04\/ecuador-times-ecuador-news-import-duties-on-korean-cars-to-gradually-drop-to-zero.jpg\" alt=\"\" width=\"1024\" height=\"574\" \/><p id=\"caption-attachment-261627\" class=\"wp-caption-text\">Imagen referencial de una concesionaria de veh\u00edculos coreanos en el norte de Quito, 11 de abril de 2023.<\/p><\/div>\n<p class=\"selectionShareable\">Tras casi dos a\u00f1os, el Gobierno ha cerrado negociaciones de tres acuerdos: <strong>Costa Rica, China y Corea del Sur,<\/strong> que entrar\u00e1n en vigencia reci\u00e9n a finales de <strong>2023 y 2024.<\/strong><\/p>\n<p class=\"selectionShareable\">En <strong>entrevista con PRIMICIAS<\/strong>, el ministro de Producci\u00f3n, <strong>Julio Jos\u00e9 Prado<\/strong>, reconoce que la ciudadan\u00eda tendr\u00e1 que esperar varios a\u00f1os antes de tener acceso a <strong>una mayor variedad de productos y m\u00e1s baratos<\/strong>.<\/p>\n<p class=\"selectionShareable\">\u201cLos frutos (de los acuerdos comerciales, ndr) los cosechar\u00e1n los siguientes gobiernos\u201d, explica Prado.<\/p>\n<p class=\"selectionShareable\">Otros<strong> <a href=\"https:\/\/www.produccion.gob.ec\/acuerdos-comerciales\/\" target=\"_blank\" rel=\"noreferrer noopener\">acuerdos se han quedado<\/a> <\/strong>en el camino por <strong>trabas pol\u00edticas<\/strong>, como los de <strong>Rusia, Israel, M\u00e9xico<\/strong> y la <strong>Alianza del Pac\u00edfico.<\/strong><\/p>\n<h3>Se acaba de cerrar la negociaci\u00f3n del acuerdo comercial con Corea del Sur. \u00bfCu\u00e1les son los beneficios para Ecuador?<\/h3>\n<p class=\"selectionShareable\">El 100% de las exportaciones ecuatorianas que tiene como destino a Corea del Sur tendr\u00e1 un beneficio arancelario, en la mayor\u00eda de los productos tradicionales el impuesto de importaci\u00f3n bajar\u00e1 a 0%.<\/p>\n<p class=\"selectionShareable\">Pero mientras no se concrete el proceso de ratificaci\u00f3n interna, tras el cierre de las mesas de negociaci\u00f3n, todav\u00eda no se puede decir en cu\u00e1nto tiempo se ir\u00e1n reduciendo los aranceles para los productos ecuatorianos en Corea del Sur.<\/p>\n<p class=\"selectionShareable\">Entre los productos m\u00e1s beneficiados est\u00e1n el camar\u00f3n, las rosas, el br\u00f3coli, el banano, la pi\u00f1a y el mango.<\/p>\n<p class=\"selectionShareable\">Estos productos tendr\u00e1n un 0% de arancel. En la mayor\u00eda de los casos, la desgravaci\u00f3n ser\u00e1 inmediata y, en otros casos, en per\u00edodos de cinco y 10 a\u00f1os.<\/p>\n<p class=\"selectionShareable\">Para algunas exportaciones potenciales futuras podr\u00e1 haber plazos superiores a 10 a\u00f1os.<\/p>\n<p><iframe id=\"datawrapper-chart-PYmG9\" style=\"width: 0px; border: none; min-width: 100% !important; height: 560px;\" title=\"Aranceles para exportaciones de Ecuador\" src=\"https:\/\/datawrapper.dwcdn.net\/PYmG9\/1\/\" height=\"538\" frameborder=\"0\" scrolling=\"no\" aria-label=\"Tabla\" data-external=\"1\"><\/iframe><script type=\"text\/javascript\" src=\"data:text\/javascript;base64,IWZ1bmN0aW9uKCl7InVzZSBzdHJpY3QiO3dpbmRvdy5hZGRFdmVudExpc3RlbmVyKCJtZXNzYWdlIiwoZnVuY3Rpb24oYSl7aWYodm9pZCAwIT09YS5kYXRhWyJkYXRhd3JhcHBlci1oZWlnaHQiXSl7dmFyIGU9ZG9jdW1lbnQucXVlcnlTZWxlY3RvckFsbCgiaWZyYW1lIik7Zm9yKHZhciB0IGluIGEuZGF0YVsiZGF0YXdyYXBwZXItaGVpZ2h0Il0pZm9yKHZhciByPTA7cjxlLmxlbmd0aDtyKyspaWYoZVtyXS5jb250ZW50V2luZG93PT09YS5zb3VyY2Upe3ZhciBpPWEuZGF0YVsiZGF0YXdyYXBwZXItaGVpZ2h0Il1bdF0rInB4IjtlW3JdLnN0eWxlLmhlaWdodD1pfX19KSl9KCk7\" data-rocket-status=\"executed\">!function(){\"use strict\";window.addEventListener(\"message\",(function(a){if(void 0!==a.data[\"datawrapper-height\"]){var e=document.querySelectorAll(\"iframe\");for(var t in a.data[\"datawrapper-height\"])for(var r=0;r<e.length;r++)if(e[r].contentWindow===a.source){var i=a.data[\"datawrapper-height\"][t]+\"px\";e[r].style.height=i}}}))}();<\/script><\/p>\n<h3>\u00bfQu\u00e9 otros productos nuevos tendr\u00edan potencial de ganar mercado en Corea?<\/h3>\n<p class=\"selectionShareable\">Entre los nuevos productos ecuatorianos que tienen oportunidad de ganar mercado est\u00e1n el aguacate, la papaya, la guayusa, los chifles, los confites, los chochos y jugos. El arancel de la mayor\u00eda de estos productos bajar\u00e1 a 0%.<\/p>\n<p class=\"selectionShareable\">El \u00fanico producto sensible para Corea del Sur y para otros pa\u00edses asi\u00e1ticos es la quinua, porque puede convertirse en sustituto del arroz. Por eso, aunque la quinua tendr\u00e1 una desgravaci\u00f3n, el arancel no va a llegar a 0%.<\/p>\n<p><iframe id=\"datawrapper-chart-DltAG\" style=\"width: 0px; border: none; min-width: 100% !important; height: 440px;\" title=\"Productos con potencial para exportaci\u00f3n a Corea\" src=\"https:\/\/datawrapper.dwcdn.net\/DltAG\/2\/\" height=\"374\" frameborder=\"0\" scrolling=\"no\" aria-label=\"Tabla\" data-external=\"1\"><\/iframe><script type=\"text\/javascript\" src=\"data:text\/javascript;base64,IWZ1bmN0aW9uKCl7InVzZSBzdHJpY3QiO3dpbmRvdy5hZGRFdmVudExpc3RlbmVyKCJtZXNzYWdlIiwoZnVuY3Rpb24oYSl7aWYodm9pZCAwIT09YS5kYXRhWyJkYXRhd3JhcHBlci1oZWlnaHQiXSl7dmFyIGU9ZG9jdW1lbnQucXVlcnlTZWxlY3RvckFsbCgiaWZyYW1lIik7Zm9yKHZhciB0IGluIGEuZGF0YVsiZGF0YXdyYXBwZXItaGVpZ2h0Il0pZm9yKHZhciByPTA7cjxlLmxlbmd0aDtyKyspaWYoZVtyXS5jb250ZW50V2luZG93PT09YS5zb3VyY2Upe3ZhciBpPWEuZGF0YVsiZGF0YXdyYXBwZXItaGVpZ2h0Il1bdF0rInB4IjtlW3JdLnN0eWxlLmhlaWdodD1pfX19KSl9KCk7\" data-rocket-status=\"executed\">!function(){\"use strict\";window.addEventListener(\"message\",(function(a){if(void 0!==a.data[\"datawrapper-height\"]){var e=document.querySelectorAll(\"iframe\");for(var t in a.data[\"datawrapper-height\"])for(var r=0;r<e.length;r++)if(e[r].contentWindow===a.source){var i=a.data[\"datawrapper-height\"][t]+\"px\";e[r].style.height=i}}}))}();<\/script><\/p>\n<h3>\u00bfCu\u00e1nto esperan que crezcan las exportaciones a Corea del Sur tras el acuerdo comercial?<\/h3>\n<p class=\"selectionShareable\">Es muy preliminar, pero esperamos un crecimiento de 27% en las exportaciones, desde que entre en vigencia el acuerdo, en el primer a\u00f1o.<\/p>\n<div class=\"flourish-embed flourish-chart\" data-src=\"visualisation\/13381198\">\n<p><script src=\"https:\/\/public.flourish.studio\/resources\/embed.js\" data-rocket-status=\"executed\"><\/script><iframe style=\"width: 100%; height: 574.991px;\" title=\"Interactive or visual content\" src=\"https:\/\/flo.uri.sh\/visualisation\/13381198\/embed?auto=1\" frameborder=\"0\" scrolling=\"no\" sandbox=\"allow-same-origin allow-forms allow-scripts allow-downloads allow-popups allow-popups-to-escape-sandbox allow-top-navigation-by-user-activation\"><\/iframe><\/p>\n<div class=\"flourish-credit\" style=\"width: 100%!important; margin: 0 0 4px!important; text-align: right!important; font-family: Helvetica,sans-serif!important; color: #888!important; font-size: 11px!important; font-weight: bold!important; font-style: normal!important; -webkit-font-smoothing: antialiased!important; box-shadow: none!important;\"><a style=\"display: inline-block!important; text-decoration: none!important; font: inherit!important; color: inherit!important; border: none!important; margin: 0 5px!important; box-shadow: none!important;\" href=\"https:\/\/public.flourish.studio\/visualisation\/13381198\/?utm_source=showcase&amp;utm_campaign=visualisation\/13381198\" target=\"_top\" rel=\"noopener\"><img style=\"font: inherit!important; width: auto!important; height: 12px!important; border: none!important; margin: 0 2px 0!important; vertical-align: middle!important; display: inline-block!important; box-shadow: none!important;\" src=\"https:\/\/public.flourish.studio\/resources\/bosh.svg\" alt=\"Flourish logo\" \/><span style=\"font: inherit!important; color: #888!important; vertical-align: middle!important; display: inline-block!important; box-shadow: none!important;\">A Flourish chart<\/span><\/a><\/div>\n<\/div>\n<h3>L\u00ednea blanca, autos y televisores eran los sectores sensibles para Ecuador, \u00bfC\u00f3mo qued\u00f3 el acuerdo en esas \u00e1reas?<\/h3>\n<p class=\"selectionShareable\">Las importaciones de Corea del Sur no compiten en gran medida con lo que nosotros producimos, somos complementarios.<\/p>\n<p class=\"selectionShareable\">La desgravaci\u00f3n en importaciones tambi\u00e9n ser\u00e1 inmediata en algunos casos, y en otros casos espec\u00edficos habr\u00e1 una transici\u00f3n de hasta 10 a\u00f1os.<\/p>\n<p class=\"selectionShareable\">Hay competencia solo en ciertos productos de l\u00ednea blanca, como cocinas, refrigeradoras y algunas televisiones. Pero, en general, la l\u00ednea blanca que ellos fabrican es de muy alta gama, no compite con los productos de Ecuador.<\/p>\n<p class=\"selectionShareable\">Sin embargo, como ciertos productos s\u00ed son sensibles, quedaron excluidas algunas partidas de l\u00ednea blanca, metalmec\u00e1nica y textiles coreanos a los que no aplicaremos una reducci\u00f3n de aranceles.<\/p>\n<p class=\"selectionShareable\">Las exclusiones son para unos 550 productos, equivalentes al 6% de las partidas arancelarias de Ecuador.<\/p>\n<p class=\"selectionShareable\">Los televisores y los autos no fueron excluidos, por lo que las importaciones de estos bienes desde Corea del Sur s\u00ed tendr\u00e1n reducci\u00f3n de aranceles hasta llegar a 0%.<\/p>\n<p class=\"selectionShareable\">En el caso de los autos, hay dos opciones, podemos tener una reducci\u00f3n por cuotas o una desgravaci\u00f3n gradual.<\/p>\n<h3>\u00bfCu\u00e1ndo entrar\u00e1 en vigencia el acuerdo?<\/h3>\n<p class=\"selectionShareable\">La firma del acuerdo ser\u00e1 en Se\u00fal, en julio de 2023. Luego tiene que pasar por la revisi\u00f3n de la Corte Constitucional y de la Asamblea Nacional. Esperamos que entre en vigencia en los primeros meses de 2024.<\/p>\n<h3>El presidente Lasso prometi\u00f3 m\u00e1s Ecuador en el mundo y viceversa. Tras dos a\u00f1os de Gobierno, \u00bfconsidera usted que la meta se est\u00e1 logrando?<\/h3>\n<p class=\"selectionShareable\">S\u00ed, estamos m\u00e1s abiertos al mundo. Hoy el 40% de nuestros productos exportables tiene preferencias arancelarias o est\u00e1 cubierto por un Tratado de Libre Comercio. Nuestra meta es llegar a 80% al final del Gobierno, con acuerdos comerciales.<\/p>\n<p class=\"selectionShareable\">Llegamos con una agenda de 10 acuerdos comerciales en la mira y en ese grupo estaban Costa Rica, China y Corea, con los que ya cerramos negociaciones en mesas t\u00e9cnicas.<\/p>\n<p class=\"selectionShareable\">Con estos acuerdos, el 60% de los productos de exportaci\u00f3n de Ecuador tendr\u00e1n beneficios arancelarios.<\/p>\n<p class=\"selectionShareable\">Mientras que los acuerdos con Rusia, Israel y la Alianza del Pac\u00edfico est\u00e1n descartados por ahora. En el caso de M\u00e9xico, el acuerdo est\u00e1 en 'stand by' por una decisi\u00f3n pol\u00edtica del gobierno de ese pa\u00eds.<\/p>\n<h3>Pero la gente a\u00fan no percibe que esto se traduzca en productos m\u00e1s baratos y m\u00e1s variedad.<\/h3>\n<p class=\"selectionShareable\">Todav\u00eda hay mucho por hacer si nos comparamos con otros pa\u00edses. Colombia tiene cerca de un 82% de apertura comercial, Chile tiene 97% y Per\u00fa tiene un 92%.<\/p>\n<p class=\"selectionShareable\">Si Ecuador hubiera comenzado negociaciones comerciales antes y con la fuerza con la que lo estamos haciendo nosotros, hoy el consumidor ya estuviera viendo precios menores y m\u00e1s variedad de productos.<\/p>\n<p class=\"selectionShareable\">M\u00e1s adelante, otros cosechar\u00e1n los frutos de los esfuerzos que est\u00e1 haciendo este Gobierno. Lo mismo sucedi\u00f3 con el acuerdo con la Uni\u00f3n Europea, del que reci\u00e9n se est\u00e1n sintiendo las mayores reducciones arancelarias.<\/p>\n<p class=\"selectionShareable\">Sin importar los tiempos, impulsamos los acuerdos comerciales porque as\u00ed se cambia la perspectiva del consumidor y de las industrias, es un cambio del modelo de desarrollo de Ecuador a largo plazo.<\/p>\n<h3>\u00bfQu\u00e9 m\u00e1s se har\u00e1 para que la ciudadan\u00eda no tenga que esperar tanto para que los precios bajen?<\/h3>\n<p class=\"selectionShareable\">Ya hicimos la reforma arancelaria m\u00e1s importante de los \u00faltimos 10 a\u00f1os, hace 15 meses, reduciendo aranceles para 667 subpartidas arancelarias, lo que represent\u00f3 un costo fiscal de USD 180 millones.<\/p>\n<p class=\"selectionShareable\">Adem\u00e1s, estamos reduciendo el Impuesto a la Salida de Divisas (ISD).<\/p>\n<p class=\"selectionShareable\">Pero en el tema de los acuerdos comerciales, es un cambio que se va a ver en los pr\u00f3ximos 10 a\u00f1os. Lo que hemos alcanzado es relevante.<\/p>\n<p class=\"selectionShareable\">Nunca antes Ecuador hab\u00eda tenido una agenda comercial tan intensiva y tan r\u00e1pida. Llevamos a cabo cuatro negociaciones comerciales simult\u00e1neas de acuerdos: M\u00e9xico, Costa Rica, China y Corea del Sur.<\/p>\n<p class=\"selectionShareable\">Tres de ellas cerraron en menos de 12 meses. Con China lo logramos en ocho meses, ning\u00fan otro pa\u00eds lo ha logrado.<\/p>\n<h3>\u00bfQu\u00e9 pas\u00f3 con una nueva reducci\u00f3n de aranceles que se hab\u00eda prometido por USD 80 millones?<\/h3>\n<p class=\"selectionShareable\">Estuvimos analizando una segunda reducci\u00f3n arancelaria, pero buena parte de los aranceles que se podr\u00edan bajar est\u00e1n dentro de las negociaciones comerciales que tenemos en agenda.<\/p>\n<p class=\"selectionShareable\">Por eso decidimos no hacer esa reducci\u00f3n, para tener algo para negociar y que los aranceles bajen definitivamente a trav\u00e9s de acuerdos comerciales.<\/p>\n<p class=\"selectionShareable\">Las reducciones arancelarias unilaterales son buenas, pero pueden ser revertidas por un pr\u00f3ximo gobierno.<\/p>\n<p class=\"selectionShareable\">En cambio, con un acuerdo comercial blindamos los cambios, no se pueden revertir en cada gobierno.<\/p>\n<div class=\"noticia__single__enlaces\"><\/div>\n<\/div>\n<p><a href=\"https:\/\/www.primicias.ec\/noticias\/economia\/autos-acuerdo-comercial-corea-sur-ecuador\/\">https:\/\/www.primicias.ec\/noticias\/economia\/autos-acuerdo-comercial-corea-sur-ecuador\/<\/a><\/p>\n","protected":false},"excerpt":{"rendered":"<p>El Gobierno de Guillermo Lasso se plante\u00f3 alcanzar al menos nueve acuerdos comerciales en cuatro a\u00f1os de gesti\u00f3n, entre ellos uno con Corea del Sur. Tras casi dos a\u00f1os, el Gobierno ha cerrado negociaciones de tres acuerdos: Costa Rica, China y Corea del Sur, que entrar\u00e1n en vigencia reci\u00e9n a finales de 2023 y 2024. En entrevista con PRIMICIAS, el ministro de Producci\u00f3n, Julio Jos\u00e9 Prado, reconoce que la ciudadan\u00eda tendr\u00e1 que esperar varios a\u00f1os antes de tener acceso a una mayor variedad de productos y m\u00e1s baratos. \u201cLos frutos (de los acuerdos comerciales, ndr) los cosechar\u00e1n los siguientes gobiernos\u201d, explica Prado. Otros acuerdos se han quedado en el camino por trabas pol\u00edticas, como los de Rusia, Israel, M\u00e9xico y la Alianza del Pac\u00edfico. Se acaba de cerrar la negociaci\u00f3n del acuerdo comercial con Corea del Sur. \u00bfCu\u00e1les son los beneficios para Ecuador? El 100% de las exportaciones ecuatorianas que tiene como destino a Corea del Sur tendr\u00e1 un beneficio arancelario, en la mayor\u00eda de los productos tradicionales el impuesto de importaci\u00f3n bajar\u00e1 a 0%. Pero mientras no se concrete el proceso de ratificaci\u00f3n interna, tras el cierre de las mesas de negociaci\u00f3n, todav\u00eda no se puede decir en cu\u00e1nto tiempo se ir\u00e1n reduciendo los aranceles para los productos ecuatorianos en Corea del Sur. Entre los productos m\u00e1s beneficiados est\u00e1n el camar\u00f3n, las rosas, el br\u00f3coli, el banano, la pi\u00f1a y el mango. Estos productos tendr\u00e1n un 0% de arancel. En la mayor\u00eda de los casos, la desgravaci\u00f3n ser\u00e1 inmediata y, en otros casos, en per\u00edodos de cinco y 10 a\u00f1os. Para algunas exportaciones potenciales futuras podr\u00e1 haber plazos superiores a 10 a\u00f1os. \u00bfQu\u00e9 otros productos nuevos tendr\u00edan potencial de ganar mercado en Corea? Entre los nuevos productos ecuatorianos que tienen oportunidad de ganar mercado est\u00e1n el aguacate, la papaya, la guayusa, los chifles, los confites, los chochos y jugos. El arancel de la mayor\u00eda de estos productos bajar\u00e1 a 0%. El \u00fanico producto sensible para Corea del Sur y para otros pa\u00edses asi\u00e1ticos es la quinua, porque puede convertirse en sustituto del arroz. Por eso, aunque la quinua tendr\u00e1 una desgravaci\u00f3n, el arancel no va a llegar a 0%. \u00bfCu\u00e1nto esperan que crezcan las exportaciones a Corea del Sur tras el acuerdo comercial? Es muy preliminar, pero esperamos un crecimiento de 27% en las exportaciones, desde que entre en vigencia el acuerdo, en el primer a\u00f1o. A Flourish chart L\u00ednea blanca, autos y televisores eran los sectores sensibles para Ecuador, \u00bfC\u00f3mo qued\u00f3 el acuerdo en esas \u00e1reas? Las importaciones de Corea del Sur no compiten en gran medida con lo que nosotros producimos, somos complementarios. La desgravaci\u00f3n en importaciones tambi\u00e9n ser\u00e1 inmediata en algunos casos, y en otros casos espec\u00edficos habr\u00e1 una transici\u00f3n de hasta 10 a\u00f1os. Hay competencia solo en ciertos productos de l\u00ednea blanca, como cocinas, refrigeradoras y algunas televisiones. Pero, en general, la l\u00ednea blanca que ellos fabrican es de muy alta gama, no compite con los productos de Ecuador. Sin embargo, como ciertos productos s\u00ed son sensibles, quedaron excluidas algunas partidas de l\u00ednea blanca, metalmec\u00e1nica y textiles coreanos a los que no aplicaremos una reducci\u00f3n de aranceles. Las exclusiones son para unos 550 productos, equivalentes al 6% de las partidas arancelarias de Ecuador. Los televisores y los autos no fueron excluidos, por lo que las importaciones de estos bienes desde Corea del Sur s\u00ed tendr\u00e1n reducci\u00f3n de aranceles hasta llegar a 0%. En el caso de los autos, hay dos opciones, podemos tener una reducci\u00f3n por cuotas o una desgravaci\u00f3n gradual. \u00bfCu\u00e1ndo entrar\u00e1 en vigencia el acuerdo? La firma del acuerdo ser\u00e1 en Se\u00fal, en julio de 2023. Luego tiene que pasar por la revisi\u00f3n de la Corte Constitucional y de la Asamblea Nacional. Esperamos que entre en vigencia en los primeros meses de 2024. El presidente Lasso prometi\u00f3 m\u00e1s Ecuador en el mundo y viceversa. Tras dos a\u00f1os de Gobierno, \u00bfconsidera usted que la meta se est\u00e1 logrando? S\u00ed, estamos m\u00e1s abiertos al mundo. Hoy el 40% de nuestros productos exportables tiene preferencias arancelarias o est\u00e1 cubierto por un Tratado de Libre Comercio. Nuestra meta es llegar a 80% al final del Gobierno, con acuerdos comerciales. Llegamos con una agenda de 10 acuerdos comerciales en la mira y en ese grupo estaban Costa Rica, China y Corea, con los que ya cerramos negociaciones en mesas t\u00e9cnicas. Con estos acuerdos, el 60% de los productos de exportaci\u00f3n de Ecuador tendr\u00e1n beneficios arancelarios. Mientras que los acuerdos con Rusia, Israel y la Alianza del Pac\u00edfico est\u00e1n descartados por ahora. En el caso de M\u00e9xico, el acuerdo est\u00e1 en &#8216;stand by&#8217; por una decisi\u00f3n pol\u00edtica del gobierno de ese pa\u00eds. Pero la gente a\u00fan no percibe que esto se traduzca en productos m\u00e1s baratos y m\u00e1s variedad. Todav\u00eda hay mucho por hacer si nos comparamos con otros pa\u00edses. Colombia tiene cerca de un 82% de apertura comercial, Chile tiene 97% y Per\u00fa tiene un 92%. Si Ecuador hubiera comenzado negociaciones comerciales antes y con la fuerza con la que lo estamos haciendo nosotros, hoy el consumidor ya estuviera viendo precios menores y m\u00e1s variedad de productos. M\u00e1s adelante, otros cosechar\u00e1n los frutos de los esfuerzos que est\u00e1 haciendo este Gobierno. Lo mismo sucedi\u00f3 con el acuerdo con la Uni\u00f3n Europea, del que reci\u00e9n se est\u00e1n sintiendo las mayores reducciones arancelarias. Sin importar los tiempos, impulsamos los acuerdos comerciales porque as\u00ed se cambia la perspectiva del consumidor y de las industrias, es un cambio del modelo de desarrollo de Ecuador a largo plazo. \u00bfQu\u00e9 m\u00e1s se har\u00e1 para que la ciudadan\u00eda no tenga que esperar tanto para que los precios bajen? Ya hicimos la reforma arancelaria m\u00e1s importante de los \u00faltimos 10 a\u00f1os, hace 15 meses, reduciendo aranceles para 667 subpartidas arancelarias, lo que represent\u00f3 un costo fiscal de USD 180 millones. Adem\u00e1s, estamos reduciendo el Impuesto a la Salida de Divisas (ISD). Pero en el tema de los acuerdos comerciales, es un cambio que se va a ver en los pr\u00f3ximos 10 a\u00f1os. Lo que hemos alcanzado [&hellip;]<\/p>\n","protected":false},"author":1,"featured_media":261627,"comment_status":"closed","ping_status":"closed","sticky":false,"template":"","format":"standard","meta":[],"categories":[43,23],"tags":[],"_links":{"self":[{"href":"https:\/\/www.ecuadortimes.net\/es\/wp-json\/wp\/v2\/posts\/261626"}],"collection":[{"href":"https:\/\/www.ecuadortimes.net\/es\/wp-json\/wp\/v2\/posts"}],"about":[{"href":"https:\/\/www.ecuadortimes.net\/es\/wp-json\/wp\/v2\/types\/post"}],"author":[{"embeddable":true,"href":"https:\/\/www.ecuadortimes.net\/es\/wp-json\/wp\/v2\/users\/1"}],"replies":[{"embeddable":true,"href":"https:\/\/www.ecuadortimes.net\/es\/wp-json\/wp\/v2\/comments?post=261626"}],"version-history":[{"count":1,"href":"https:\/\/www.ecuadortimes.net\/es\/wp-json\/wp\/v2\/posts\/261626\/revisions"}],"predecessor-version":[{"id":261628,"href":"https:\/\/www.ecuadortimes.net\/es\/wp-json\/wp\/v2\/posts\/261626\/revisions\/261628"}],"wp:featuredmedia":[{"embeddable":true,"href":"https:\/\/www.ecuadortimes.net\/es\/wp-json\/wp\/v2\/media\/261627"}],"wp:attachment":[{"href":"https:\/\/www.ecuadortimes.net\/es\/wp-json\/wp\/v2\/media?parent=261626"}],"wp:term":[{"taxonomy":"category","embeddable":true,"href":"https:\/\/www.ecuadortimes.net\/es\/wp-json\/wp\/v2\/categories?post=261626"},{"taxonomy":"post_tag","embeddable":true,"href":"https:\/\/www.ecuadortimes.net\/es\/wp-json\/wp\/v2\/tags?post=261626"}],"curies":[{"name":"wp","href":"https:\/\/api.w.org\/{rel}","templated":true}]}}