{"id":261629,"date":"2023-04-13T01:17:31","date_gmt":"2023-04-13T01:17:31","guid":{"rendered":"https:\/\/www.ecuadortimes.net\/es\/?p=261629"},"modified":"2023-04-13T01:17:31","modified_gmt":"2023-04-13T01:17:31","slug":"estos-son-los-paises-de-latinoamerica-con-mas-y-menos-feriados","status":"publish","type":"post","link":"https:\/\/www.ecuadortimes.net\/es\/estos-son-los-paises-de-latinoamerica-con-mas-y-menos-feriados\/","title":{"rendered":"Estos son los pa\u00edses de Latinoam\u00e9rica con m\u00e1s y menos feriados"},"content":{"rendered":"<div id=\"entry-content-inarticle\" class=\"entry-content\">\n<h3 class=\"noticia__entradilla\">Ecuador registra 11 d\u00edas de feriados nacionales al a\u00f1o. Los pr\u00f3ximos son el D\u00eda del Trabajo y la Batalla de Pichincha, que se celebran el 1 y el 24 de mayo, respectivamente.<\/h3>\n<div id=\"attachment_261630\" style=\"width: 1034px\" class=\"wp-caption alignnone\"><img aria-describedby=\"caption-attachment-261630\" loading=\"lazy\" class=\"size-full wp-image-261630\" src=\"https:\/\/www.ecuadortimes.net\/es\/wp-content\/uploads\/2023\/04\/ecuador-times-ecuador-news-these-are-the-latin-american-countries-with-more-and-less-holidays.jpg\" alt=\"\" width=\"1024\" height=\"574\" \/><p id=\"caption-attachment-261630\" class=\"wp-caption-text\">Turistas en Ecuador, en abril de 2023.<\/p><\/div>\n<p class=\"selectionShareable\">El \u00faltimo feriado por la Semana Santa ha llevado a los latinoamericanos a buscar las fechas de los <strong>pr\u00f3ximos festivos del a\u00f1o.<\/strong><\/p>\n<p class=\"selectionShareable\">Ya sea por historia, tradici\u00f3n o religi\u00f3n, los\u00a0calendarios latinoamericanos\u00a0cuentan con un <strong>m\u00ednimo de nueve <\/strong>y un <strong>m\u00e1ximo de 19 festivos nacionales<\/strong> en los que no se trabaja, seg\u00fan el portal <a href=\"https:\/\/publicholidays.com\/\" target=\"_blank\" rel=\"noreferrer noopener\">Public Holidays Global<\/a>.<\/p>\n<p class=\"selectionShareable\"><strong>Argentina<\/strong> es el pa\u00eds latinoamericano con m\u00e1s festivos al a\u00f1o, mientras que<strong> Nicaragua <\/strong>es el que menos tiene.<\/p>\n<p><iframe id=\"datawrapper-chart-iXxjh\" style=\"width: 0; min-width: 100% !important; border: none;\" title=\"Feriados en Latinoam\u00e9rica\" src=\"https:\/\/datawrapper.dwcdn.net\/iXxjh\/1\/\" height=\"801\" frameborder=\"0\" scrolling=\"no\" aria-label=\"Mapa\" data-external=\"1\"><\/iframe><script type=\"text\/javascript\" src=\"data:text\/javascript;base64,IWZ1bmN0aW9uKCl7InVzZSBzdHJpY3QiO3dpbmRvdy5hZGRFdmVudExpc3RlbmVyKCJtZXNzYWdlIiwoZnVuY3Rpb24oYSl7aWYodm9pZCAwIT09YS5kYXRhWyJkYXRhd3JhcHBlci1oZWlnaHQiXSl7dmFyIGU9ZG9jdW1lbnQucXVlcnlTZWxlY3RvckFsbCgiaWZyYW1lIik7Zm9yKHZhciB0IGluIGEuZGF0YVsiZGF0YXdyYXBwZXItaGVpZ2h0Il0pZm9yKHZhciByPTA7cjxlLmxlbmd0aDtyKyspaWYoZVtyXS5jb250ZW50V2luZG93PT09YS5zb3VyY2Upe3ZhciBpPWEuZGF0YVsiZGF0YXdyYXBwZXItaGVpZ2h0Il1bdF0rInB4IjtlW3JdLnN0eWxlLmhlaWdodD1pfX19KSl9KCk7Cg==\" data-rocket-status=\"executed\">!function(){\"use strict\";window.addEventListener(\"message\",(function(a){if(void 0!==a.data[\"datawrapper-height\"]){var e=document.querySelectorAll(\"iframe\");for(var t in a.data[\"datawrapper-height\"])for(var r=0;r<e.length;r++)if(e[r].contentWindow===a.source){var i=a.data[\"datawrapper-height\"][t]+\"px\";e[r].style.height=i}}}))}();\n<\/script><\/p>\n<h2>Feriados en Ecuador<\/h2>\n<p class=\"selectionShareable\">En Ecuador hay 11 d\u00edas festivos nacionales anuales: A\u00f1o Nuevo (1 de enero), Carnaval (dos d\u00edas de fecha variable), Viernes Santo (fecha variable), D\u00eda del Trabajo (1 de mayo) y Batalla del Pichincha (24 de mayo).<\/p>\n<p class=\"selectionShareable\">As\u00ed como Primer Grito de Independencia (10 de agosto), Independencia de Guayaquil (9 de octubre), D\u00eda de los Difuntos (2 de noviembre), Independencia de Cuenca (3 de noviembre) y Navidad (25 de diciembre).<\/p>\n<p class=\"selectionShareable\">\"Cuando los d\u00edas feriados de descanso obligatorio a escala nacional o local establecidos en esta Ley, correspondan a los <strong>d\u00edas s\u00e1bados o domingos,<\/strong> el descanso se trasladar\u00e1, respectivamente, al anterior d\u00eda viernes o al posterior d\u00eda lunes\".<\/p>\n<p class=\"selectionShareable\">As\u00ed lo establece la Ley Reformatoria a la Ley Org\u00e1nica del Servicio P\u00fablico y al C\u00f3digo de Trabajo.<\/p>\n<p class=\"selectionShareable\">Estos son <a href=\"https:\/\/www.turismo.gob.ec\/wp-content\/uploads\/2022\/12\/CALENDARIO-FERIADOS-2023-2025-06-12-2022-.pdf\" target=\"_blank\" rel=\"noreferrer noopener\">los calendarios<\/a> de festivos para los pr\u00f3ximos tres a\u00f1os:<\/p>\n<p class=\"selectionShareable\"><strong>Feriados de 2023<\/strong><\/p>\n<div class=\"flourish-embed flourish-cards\" data-src=\"visualisation\/12085615\">\n<p><script src=\"https:\/\/public.flourish.studio\/resources\/embed.js\" data-rocket-status=\"executed\"><\/script><iframe style=\"width: 100%; height: 1147.84px;\" title=\"Interactive or visual content\" src=\"https:\/\/flo.uri.sh\/visualisation\/12085615\/embed?auto=1\" frameborder=\"0\" scrolling=\"no\" sandbox=\"allow-same-origin allow-forms allow-scripts allow-downloads allow-popups allow-popups-to-escape-sandbox allow-top-navigation-by-user-activation\"><\/iframe><\/p>\n<div class=\"flourish-credit\" style=\"width: 100%!important; margin: 0 0 4px!important; text-align: right!important; font-family: Helvetica,sans-serif!important; color: #888!important; font-size: 11px!important; font-weight: bold!important; font-style: normal!important; -webkit-font-smoothing: antialiased!important; box-shadow: none!important;\"><a style=\"display: inline-block!important; text-decoration: none!important; font: inherit!important; color: inherit!important; border: none!important; margin: 0 5px!important; box-shadow: none!important;\" href=\"https:\/\/public.flourish.studio\/visualisation\/12085615\/?utm_source=showcase&amp;utm_campaign=visualisation\/12085615\" target=\"_top\" rel=\"noopener\"><img style=\"font: inherit!important; width: auto!important; height: 12px!important; border: none!important; margin: 0 2px 0!important; vertical-align: middle!important; display: inline-block!important; box-shadow: none!important;\" src=\"https:\/\/public.flourish.studio\/resources\/bosh.svg\" alt=\"Flourish logo\" \/><span style=\"font: inherit!important; color: #888!important; vertical-align: middle!important; display: inline-block!important; box-shadow: none!important;\">Interactive content by Flourish<\/span><\/a><\/div>\n<\/div>\n<p class=\"selectionShareable\"><strong>Feriados de 2024<\/strong><\/p>\n<div class=\"flourish-embed flourish-cards\" data-src=\"visualisation\/12085875\">\n<p><script src=\"https:\/\/public.flourish.studio\/resources\/embed.js\" data-rocket-status=\"executed\"><\/script><iframe style=\"width: 100%; height: 1147.84px;\" title=\"Interactive or visual content\" src=\"https:\/\/flo.uri.sh\/visualisation\/12085875\/embed?auto=1\" frameborder=\"0\" scrolling=\"no\" sandbox=\"allow-same-origin allow-forms allow-scripts allow-downloads allow-popups allow-popups-to-escape-sandbox allow-top-navigation-by-user-activation\"><\/iframe><\/p>\n<div class=\"flourish-credit\" style=\"width: 100%!important; margin: 0 0 4px!important; text-align: right!important; font-family: Helvetica,sans-serif!important; color: #888!important; font-size: 11px!important; font-weight: bold!important; font-style: normal!important; -webkit-font-smoothing: antialiased!important; box-shadow: none!important;\"><a style=\"display: inline-block!important; text-decoration: none!important; font: inherit!important; color: inherit!important; border: none!important; margin: 0 5px!important; box-shadow: none!important;\" href=\"https:\/\/public.flourish.studio\/visualisation\/12085875\/?utm_source=showcase&amp;utm_campaign=visualisation\/12085875\" target=\"_top\" rel=\"noopener\"><img style=\"font: inherit!important; width: auto!important; height: 12px!important; border: none!important; margin: 0 2px 0!important; vertical-align: middle!important; display: inline-block!important; box-shadow: none!important;\" src=\"https:\/\/public.flourish.studio\/resources\/bosh.svg\" alt=\"Flourish logo\" \/><span style=\"font: inherit!important; color: #888!important; vertical-align: middle!important; display: inline-block!important; box-shadow: none!important;\">Interactive content by Flourish<\/span><\/a><\/div>\n<\/div>\n<p class=\"selectionShareable\"><strong>Feriados de 2025<\/strong><\/p>\n<div class=\"flourish-embed flourish-cards\" data-src=\"visualisation\/12085940\">\n<p><script src=\"https:\/\/public.flourish.studio\/resources\/embed.js\" data-rocket-status=\"executed\"><\/script><iframe style=\"width: 100%; height: 1147.84px;\" title=\"Interactive or visual content\" src=\"https:\/\/flo.uri.sh\/visualisation\/12085940\/embed?auto=1\" frameborder=\"0\" scrolling=\"no\" sandbox=\"allow-same-origin allow-forms allow-scripts allow-downloads allow-popups allow-popups-to-escape-sandbox allow-top-navigation-by-user-activation\"><\/iframe><\/p>\n<div class=\"flourish-credit\" style=\"width: 100%!important; margin: 0 0 4px!important; text-align: right!important; font-family: Helvetica,sans-serif!important; color: #888!important; font-size: 11px!important; font-weight: bold!important; font-style: normal!important; -webkit-font-smoothing: antialiased!important; box-shadow: none!important;\"><a style=\"display: inline-block!important; text-decoration: none!important; font: inherit!important; color: inherit!important; border: none!important; margin: 0 5px!important; box-shadow: none!important;\" href=\"https:\/\/public.flourish.studio\/visualisation\/12085940\/?utm_source=showcase&amp;utm_campaign=visualisation\/12085940\" target=\"_top\" rel=\"noopener\"><img style=\"font: inherit!important; width: auto!important; height: 12px!important; border: none!important; margin: 0 2px 0!important; vertical-align: middle!important; display: inline-block!important; box-shadow: none!important;\" src=\"https:\/\/public.flourish.studio\/resources\/bosh.svg\" alt=\"Flourish logo\" \/><span style=\"font: inherit!important; color: #888!important; vertical-align: middle!important; display: inline-block!important; box-shadow: none!important;\">Interactive content by Flourish<\/span><\/a><\/div>\n<\/div>\n<div class=\"noticia__single__enlaces\"><\/div>\n<\/div>\n<p><a href=\"https:\/\/www.primicias.ec\/noticias\/sociedad\/feriados-paises-ecuador-latinoamerica\/\">https:\/\/www.primicias.ec\/noticias\/sociedad\/feriados-paises-ecuador-latinoamerica\/<\/a><\/p>\n","protected":false},"excerpt":{"rendered":"<p>Ecuador registra 11 d\u00edas de feriados nacionales al a\u00f1o. Los pr\u00f3ximos son el D\u00eda del Trabajo y la Batalla de Pichincha, que se celebran el 1 y el 24 de mayo, respectivamente. El \u00faltimo feriado por la Semana Santa ha llevado a los latinoamericanos a buscar las fechas de los pr\u00f3ximos festivos del a\u00f1o. Ya sea por historia, tradici\u00f3n o religi\u00f3n, los\u00a0calendarios latinoamericanos\u00a0cuentan con un m\u00ednimo de nueve y un m\u00e1ximo de 19 festivos nacionales en los que no se trabaja, seg\u00fan el portal Public Holidays Global. Argentina es el pa\u00eds latinoamericano con m\u00e1s festivos al a\u00f1o, mientras que Nicaragua es el que menos tiene. Feriados en Ecuador En Ecuador hay 11 d\u00edas festivos nacionales anuales: A\u00f1o Nuevo (1 de enero), Carnaval (dos d\u00edas de fecha variable), Viernes Santo (fecha variable), D\u00eda del Trabajo (1 de mayo) y Batalla del Pichincha (24 de mayo). As\u00ed como Primer Grito de Independencia (10 de agosto), Independencia de Guayaquil (9 de octubre), D\u00eda de los Difuntos (2 de noviembre), Independencia de Cuenca (3 de noviembre) y Navidad (25 de diciembre). &#8220;Cuando los d\u00edas feriados de descanso obligatorio a escala nacional o local establecidos en esta Ley, correspondan a los d\u00edas s\u00e1bados o domingos, el descanso se trasladar\u00e1, respectivamente, al anterior d\u00eda viernes o al posterior d\u00eda lunes&#8221;. As\u00ed lo establece la Ley Reformatoria a la Ley Org\u00e1nica del Servicio P\u00fablico y al C\u00f3digo de Trabajo. Estos son los calendarios de festivos para los pr\u00f3ximos tres a\u00f1os: Feriados de 2023 Interactive content by Flourish Feriados de 2024 Interactive content by Flourish Feriados de 2025 Interactive content by Flourish https:\/\/www.primicias.ec\/noticias\/sociedad\/feriados-paises-ecuador-latinoamerica\/<\/p>\n","protected":false},"author":1,"featured_media":261630,"comment_status":"closed","ping_status":"closed","sticky":false,"template":"","format":"standard","meta":[],"categories":[35,24],"tags":[],"_links":{"self":[{"href":"https:\/\/www.ecuadortimes.net\/es\/wp-json\/wp\/v2\/posts\/261629"}],"collection":[{"href":"https:\/\/www.ecuadortimes.net\/es\/wp-json\/wp\/v2\/posts"}],"about":[{"href":"https:\/\/www.ecuadortimes.net\/es\/wp-json\/wp\/v2\/types\/post"}],"author":[{"embeddable":true,"href":"https:\/\/www.ecuadortimes.net\/es\/wp-json\/wp\/v2\/users\/1"}],"replies":[{"embeddable":true,"href":"https:\/\/www.ecuadortimes.net\/es\/wp-json\/wp\/v2\/comments?post=261629"}],"version-history":[{"count":1,"href":"https:\/\/www.ecuadortimes.net\/es\/wp-json\/wp\/v2\/posts\/261629\/revisions"}],"predecessor-version":[{"id":261631,"href":"https:\/\/www.ecuadortimes.net\/es\/wp-json\/wp\/v2\/posts\/261629\/revisions\/261631"}],"wp:featuredmedia":[{"embeddable":true,"href":"https:\/\/www.ecuadortimes.net\/es\/wp-json\/wp\/v2\/media\/261630"}],"wp:attachment":[{"href":"https:\/\/www.ecuadortimes.net\/es\/wp-json\/wp\/v2\/media?parent=261629"}],"wp:term":[{"taxonomy":"category","embeddable":true,"href":"https:\/\/www.ecuadortimes.net\/es\/wp-json\/wp\/v2\/categories?post=261629"},{"taxonomy":"post_tag","embeddable":true,"href":"https:\/\/www.ecuadortimes.net\/es\/wp-json\/wp\/v2\/tags?post=261629"}],"curies":[{"name":"wp","href":"https:\/\/api.w.org\/{rel}","templated":true}]}}