{"id":261632,"date":"2023-04-14T01:59:23","date_gmt":"2023-04-14T01:59:23","guid":{"rendered":"https:\/\/www.ecuadortimes.net\/es\/?p=261632"},"modified":"2023-04-14T01:59:23","modified_gmt":"2023-04-14T01:59:23","slug":"comercio-ecuador-pone-en-marcha-un-plan-b-con-estados-unidos","status":"publish","type":"post","link":"https:\/\/www.ecuadortimes.net\/es\/comercio-ecuador-pone-en-marcha-un-plan-b-con-estados-unidos\/","title":{"rendered":"Comercio: Ecuador pone en marcha un plan B con Estados Unidos"},"content":{"rendered":"<div id=\"entry-content-inarticle\" class=\"entry-content\">\n<h3 class=\"noticia__entradilla\">Se aleja cada vez m\u00e1s la posibilidad de que Ecuador logre un Tratado de Libre Comercio con su principal socio comercial, por eso el Gobierno acude a un plan alternativo.<\/h3>\n<div id=\"attachment_261633\" style=\"width: 1034px\" class=\"wp-caption alignnone\"><img aria-describedby=\"caption-attachment-261633\" loading=\"lazy\" class=\"size-full wp-image-261633\" src=\"https:\/\/www.ecuadortimes.net\/es\/wp-content\/uploads\/2023\/04\/ecuador-times-ecuador-news-trade-ecuador-launches-a-plan-b-with-the-united-states.jpg\" alt=\"\" width=\"1024\" height=\"574\" \/><p id=\"caption-attachment-261633\" class=\"wp-caption-text\">Planta de producci\u00f3n de Eurofish, empresa exportadora de conservas y lomos de at\u00fan. Junio de 2021.<\/p><\/div>\n<p class=\"selectionShareable\">Una posible inclusi\u00f3n de Ecuador en el<strong> sistema de preferencias arancelarias<\/strong> que ofrece <strong>Estados Unidos<\/strong> a los pa\u00edses del Caribe es el <strong>plan B<\/strong> del Gobierno para conseguir mayor acceso de su oferta exportable a ese pa\u00eds.<\/p>\n<p class=\"selectionShareable\">Esta posibilidad se abri\u00f3 con un <strong>proyecto de ley<\/strong> presentado por los senadores estadounidenses <strong>Bob Men\u00e9ndez y Jim Rish<\/strong>, en marzo de 2023.<\/p>\n<p class=\"selectionShareable\">El objetivo de la iniciativa legal es que Ecuador pueda ser beneficiario de la Ley de Recuperaci\u00f3n Econ\u00f3mica de la Cuenca del Caribe, vigente desde 1983.<\/p>\n<p class=\"selectionShareable\">Representantes del Gobierno y del sector privado viajar\u00e1n a Washington en junio para delinear una <strong>hoja de ruta<\/strong> que le permita acceder a esta ley, dijo a PRIMICIAS el ministro de Comercio Exterior, Inversiones y Pesca, Julio Jos\u00e9 Prado.<\/p>\n<p class=\"selectionShareable\">Prado calcula que por esta v\u00eda se podr\u00eda dar acceso a <strong>entre 50% y 70%<\/strong> de la oferta exportable de Ecuador a Estados Unidos, con un arancel del 0%.<\/p>\n<h2>Los beneficiarios<\/h2>\n<p class=\"selectionShareable\">Entre los productos beneficiados, dice Prado, estar\u00edan <strong>br\u00f3coli<\/strong>, banano, camar\u00f3n, y frutas tropicales. Adem\u00e1s de <strong>at\u00fan <\/strong>y textiles.<\/p>\n<div class=\"flourish-embed flourish-chart\" data-src=\"visualisation\/13394870\">\n<p><script src=\"https:\/\/public.flourish.studio\/resources\/embed.js\" data-rocket-status=\"executed\"><\/script><iframe style=\"width: 100%; height: 531.736px;\" title=\"Interactive or visual content\" src=\"https:\/\/flo.uri.sh\/visualisation\/13394870\/embed?auto=1\" frameborder=\"0\" scrolling=\"no\" sandbox=\"allow-same-origin allow-forms allow-scripts allow-downloads allow-popups allow-popups-to-escape-sandbox allow-top-navigation-by-user-activation\"><\/iframe><\/p>\n<div class=\"flourish-credit\" style=\"width: 100%!important; margin: 0 0 4px!important; text-align: right!important; font-family: Helvetica,sans-serif!important; color: #888!important; font-size: 11px!important; font-weight: bold!important; font-style: normal!important; -webkit-font-smoothing: antialiased!important; box-shadow: none!important;\"><a style=\"display: inline-block!important; text-decoration: none!important; font: inherit!important; color: inherit!important; border: none!important; margin: 0 5px!important; box-shadow: none!important;\" href=\"https:\/\/public.flourish.studio\/visualisation\/13394870\/?utm_source=showcase&amp;utm_campaign=visualisation\/13394870\" target=\"_top\" rel=\"noopener\"><img style=\"font: inherit!important; width: auto!important; height: 12px!important; border: none!important; margin: 0 2px 0!important; vertical-align: middle!important; display: inline-block!important; box-shadow: none!important;\" src=\"https:\/\/public.flourish.studio\/resources\/bosh.svg\" alt=\"Flourish logo\" \/><span style=\"font: inherit!important; color: #888!important; vertical-align: middle!important; display: inline-block!important; box-shadow: none!important;\">A Flourish chart<\/span><\/a><\/div>\n<\/div>\n<p class=\"selectionShareable\">El vicepresidente de la Federaci\u00f3n Ecuatoriana de Exportadores (Fedexpor), Xavier Rosero, dice que cada a\u00f1o que Ecuador sigue pagando aranceles por ingresar sus productos a Estados Unidos<strong> pierde USD 200 millones<\/strong> en crecimiento de exportaciones a ese mercado.<\/p>\n<h2>\u00bfDe cu\u00e1nto son los aranceles?<\/h2>\n<p class=\"selectionShareable\"><strong>Camar\u00f3n y banano<\/strong>, los principales productos no petroleros de exportaci\u00f3n pagan 0% de arancel en Estados Unidos porque forman de los productos de importaci\u00f3n que tienen preferencias desde cualquier pa\u00eds.<\/p>\n<p class=\"selectionShareable\">Otros, en cambio, est\u00e1n protegidos con el <strong><a href=\"http:\/\/www.sice.oas.org\/tpd\/gsp\/gsp_schemes_s.asp\" target=\"_blank\" rel=\"noreferrer noopener\">Sistema Generalizado de Preferencias<\/a><\/strong> (SGP), que tambi\u00e9n ofrece rebajas arancelarias. Pero este sistema est\u00e1 parado desde 2020.<\/p>\n<p class=\"selectionShareable\">Algunos productos que forman parte de este esquema son <strong>flores<\/strong>, mango, cables. Adem\u00e1s, ciertos \u00edtems de madera y manufacturas, conservas de frutas y vegetales, y hortalizas frescas. Los aranceles de estos productos <strong>van desde el 1% hasta el 17,9%<\/strong>.<\/p>\n<h2>Los que m\u00e1s arancel pagan<\/h2>\n<p class=\"selectionShareable\">Los productos que m\u00e1s pagan impuestos de importaci\u00f3n al llegar a Estados Unidos y que no est\u00e1n incluidos en ning\u00fan sistema de preferencias son: <strong>br\u00f3coli<\/strong>, con 15%, y <strong>conservas de at\u00fan<\/strong>, entre 12% y 35%.<\/p>\n<p><iframe id=\"datawrapper-chart-mI8Su\" style=\"width: 0px; border: none; min-width: 100% !important; height: 676px;\" title=\"Aranceles para exportaciones de Ecuador \" src=\"https:\/\/datawrapper.dwcdn.net\/mI8Su\/1\/\" height=\"677\" frameborder=\"0\" scrolling=\"no\" aria-label=\"Tabla\" data-external=\"1\"><\/iframe><script type=\"text\/javascript\" src=\"data:text\/javascript;base64,IWZ1bmN0aW9uKCl7InVzZSBzdHJpY3QiO3dpbmRvdy5hZGRFdmVudExpc3RlbmVyKCJtZXNzYWdlIiwoZnVuY3Rpb24oYSl7aWYodm9pZCAwIT09YS5kYXRhWyJkYXRhd3JhcHBlci1oZWlnaHQiXSl7dmFyIGU9ZG9jdW1lbnQucXVlcnlTZWxlY3RvckFsbCgiaWZyYW1lIik7Zm9yKHZhciB0IGluIGEuZGF0YVsiZGF0YXdyYXBwZXItaGVpZ2h0Il0pZm9yKHZhciByPTA7cjxlLmxlbmd0aDtyKyspaWYoZVtyXS5jb250ZW50V2luZG93PT09YS5zb3VyY2Upe3ZhciBpPWEuZGF0YVsiZGF0YXdyYXBwZXItaGVpZ2h0Il1bdF0rInB4IjtlW3JdLnN0eWxlLmhlaWdodD1pfX19KSl9KCk7\" data-rocket-status=\"executed\">!function(){\"use strict\";window.addEventListener(\"message\",(function(a){if(void 0!==a.data[\"datawrapper-height\"]){var e=document.querySelectorAll(\"iframe\");for(var t in a.data[\"datawrapper-height\"])for(var r=0;r<e.length;r++)if(e[r].contentWindow===a.source){var i=a.data[\"datawrapper-height\"][t]+\"px\";e[r].style.height=i}}}))}();<\/script><\/p>\n<h2>\u00bfQu\u00e9 deber\u00e1 cumplir Ecuador?<\/h2>\n<p class=\"selectionShareable\">El director del Centro de Negocios de la C\u00e1mara de Comercio Ecuatoriano Americana (Amcham), Iv\u00e1n Ortiz, explica que entre los <strong>requisitos<\/strong> que exige la <strong>Ley de Recuperaci\u00f3n Econ\u00f3mica de la Cuenca del Caribe<\/strong> a los pa\u00edses beneficiaros est\u00e1n:<\/p>\n<ul>\n<li>No ser un pa\u00eds de r\u00e9gimen comunista.<\/li>\n<li>Respetar los derechos de <strong>propiedad intelectual.<\/strong><\/li>\n<li>No nacionalizar ni expropiar compa\u00f1\u00edas estadounidenses.<\/li>\n<li>Acatar las normativas internacionales.<\/li>\n<\/ul>\n<p class=\"selectionShareable\">A diferencia de la Ley de Preferencias Arancelarias Andinas y Erradicaci\u00f3n de la Droga (Atpdea), por sus siglas en ingl\u00e9s), esta norma <strong>no exige una cooperaci\u00f3n del pa\u00eds <\/strong>beneficiario en materia de lucha contra las drogas.<\/p>\n<h2>Beneficio para las pymes<\/h2>\n<p class=\"selectionShareable\">La aprobaci\u00f3n de este proyecto de ley por parte del Senado de Estados Unidos traer\u00eda ox\u00edgeno a las empresas que exportan a ese pa\u00eds, d\u00e1ndoles la posibilidad de <strong>incrementar sus env\u00edos<\/strong>, dice Ortiz.<\/p>\n<div class=\"flourish-embed flourish-chart\" data-src=\"visualisation\/13392480\">\n<p><script src=\"https:\/\/public.flourish.studio\/resources\/embed.js\" data-rocket-status=\"executed\"><\/script><iframe style=\"width: 100%; height: 574.991px;\" title=\"Interactive or visual content\" src=\"https:\/\/flo.uri.sh\/visualisation\/13392480\/embed?auto=1\" frameborder=\"0\" scrolling=\"no\" sandbox=\"allow-same-origin allow-forms allow-scripts allow-downloads allow-popups allow-popups-to-escape-sandbox allow-top-navigation-by-user-activation\"><\/iframe><\/p>\n<div class=\"flourish-credit\" style=\"width: 100%!important; margin: 0 0 4px!important; text-align: right!important; font-family: Helvetica,sans-serif!important; color: #888!important; font-size: 11px!important; font-weight: bold!important; font-style: normal!important; -webkit-font-smoothing: antialiased!important; box-shadow: none!important;\"><a style=\"display: inline-block!important; text-decoration: none!important; font: inherit!important; color: inherit!important; border: none!important; margin: 0 5px!important; box-shadow: none!important;\" href=\"https:\/\/public.flourish.studio\/visualisation\/13392480\/?utm_source=showcase&amp;utm_campaign=visualisation\/13392480\" target=\"_top\" rel=\"noopener\"><img style=\"font: inherit!important; width: auto!important; height: 12px!important; border: none!important; margin: 0 2px 0!important; vertical-align: middle!important; display: inline-block!important; box-shadow: none!important;\" src=\"https:\/\/public.flourish.studio\/resources\/bosh.svg\" alt=\"Flourish logo\" \/><span style=\"font: inherit!important; color: #888!important; vertical-align: middle!important; display: inline-block!important; box-shadow: none!important;\">A Flourish chart<\/span><\/a><\/div>\n<\/div>\n<p class=\"selectionShareable\">\"M\u00e1s del <strong>90% de las empresas<\/strong> que exportan a Estados Unidos son peque\u00f1as y medianas. Cualquier incremento en sus ventas tiene impacto en el empleo y estas compa\u00f1\u00edas son las mayores generadoras de plazas de trabajo\", agrega Ortiz.<\/p>\n<p class=\"selectionShareable\">Ortiz explica que avanzar en la agenda comercial con Estados Unidos no solo es importante para<strong> generar m\u00e1s empleo<\/strong>, sino tambi\u00e9n para evitar la <strong>inmigraci\u00f3n<\/strong> ilegal a Estados Unidos y evitar la vinculaci\u00f3n de j\u00f3venes a bandas criminales.<\/p>\n<div class=\"noticia__single__enlaces\"><\/div>\n<\/div>\n<p><a href=\"https:\/\/www.primicias.ec\/noticias\/economia\/estadosunidos-aranceles-exportaciones-ecuador-plan\/\">https:\/\/www.primicias.ec\/noticias\/economia\/estadosunidos-aranceles-exportaciones-ecuador-plan\/<\/a><\/p>\n","protected":false},"excerpt":{"rendered":"<p>Se aleja cada vez m\u00e1s la posibilidad de que Ecuador logre un Tratado de Libre Comercio con su principal socio comercial, por eso el Gobierno acude a un plan alternativo. Una posible inclusi\u00f3n de Ecuador en el sistema de preferencias arancelarias que ofrece Estados Unidos a los pa\u00edses del Caribe es el plan B del Gobierno para conseguir mayor acceso de su oferta exportable a ese pa\u00eds. Esta posibilidad se abri\u00f3 con un proyecto de ley presentado por los senadores estadounidenses Bob Men\u00e9ndez y Jim Rish, en marzo de 2023. El objetivo de la iniciativa legal es que Ecuador pueda ser beneficiario de la Ley de Recuperaci\u00f3n Econ\u00f3mica de la Cuenca del Caribe, vigente desde 1983. Representantes del Gobierno y del sector privado viajar\u00e1n a Washington en junio para delinear una hoja de ruta que le permita acceder a esta ley, dijo a PRIMICIAS el ministro de Comercio Exterior, Inversiones y Pesca, Julio Jos\u00e9 Prado. Prado calcula que por esta v\u00eda se podr\u00eda dar acceso a entre 50% y 70% de la oferta exportable de Ecuador a Estados Unidos, con un arancel del 0%. Los beneficiarios Entre los productos beneficiados, dice Prado, estar\u00edan br\u00f3coli, banano, camar\u00f3n, y frutas tropicales. Adem\u00e1s de at\u00fan y textiles. A Flourish chart El vicepresidente de la Federaci\u00f3n Ecuatoriana de Exportadores (Fedexpor), Xavier Rosero, dice que cada a\u00f1o que Ecuador sigue pagando aranceles por ingresar sus productos a Estados Unidos pierde USD 200 millones en crecimiento de exportaciones a ese mercado. \u00bfDe cu\u00e1nto son los aranceles? Camar\u00f3n y banano, los principales productos no petroleros de exportaci\u00f3n pagan 0% de arancel en Estados Unidos porque forman de los productos de importaci\u00f3n que tienen preferencias desde cualquier pa\u00eds. Otros, en cambio, est\u00e1n protegidos con el Sistema Generalizado de Preferencias (SGP), que tambi\u00e9n ofrece rebajas arancelarias. Pero este sistema est\u00e1 parado desde 2020. Algunos productos que forman parte de este esquema son flores, mango, cables. Adem\u00e1s, ciertos \u00edtems de madera y manufacturas, conservas de frutas y vegetales, y hortalizas frescas. Los aranceles de estos productos van desde el 1% hasta el 17,9%. Los que m\u00e1s arancel pagan Los productos que m\u00e1s pagan impuestos de importaci\u00f3n al llegar a Estados Unidos y que no est\u00e1n incluidos en ning\u00fan sistema de preferencias son: br\u00f3coli, con 15%, y conservas de at\u00fan, entre 12% y 35%. \u00bfQu\u00e9 deber\u00e1 cumplir Ecuador? El director del Centro de Negocios de la C\u00e1mara de Comercio Ecuatoriano Americana (Amcham), Iv\u00e1n Ortiz, explica que entre los requisitos que exige la Ley de Recuperaci\u00f3n Econ\u00f3mica de la Cuenca del Caribe a los pa\u00edses beneficiaros est\u00e1n: No ser un pa\u00eds de r\u00e9gimen comunista. Respetar los derechos de propiedad intelectual. No nacionalizar ni expropiar compa\u00f1\u00edas estadounidenses. Acatar las normativas internacionales. A diferencia de la Ley de Preferencias Arancelarias Andinas y Erradicaci\u00f3n de la Droga (Atpdea), por sus siglas en ingl\u00e9s), esta norma no exige una cooperaci\u00f3n del pa\u00eds beneficiario en materia de lucha contra las drogas. Beneficio para las pymes La aprobaci\u00f3n de este proyecto de ley por parte del Senado de Estados Unidos traer\u00eda ox\u00edgeno a las empresas que exportan a ese pa\u00eds, d\u00e1ndoles la posibilidad de incrementar sus env\u00edos, dice Ortiz. A Flourish chart &#8220;M\u00e1s del 90% de las empresas que exportan a Estados Unidos son peque\u00f1as y medianas. Cualquier incremento en sus ventas tiene impacto en el empleo y estas compa\u00f1\u00edas son las mayores generadoras de plazas de trabajo&#8221;, agrega Ortiz. Ortiz explica que avanzar en la agenda comercial con Estados Unidos no solo es importante para generar m\u00e1s empleo, sino tambi\u00e9n para evitar la inmigraci\u00f3n ilegal a Estados Unidos y evitar la vinculaci\u00f3n de j\u00f3venes a bandas criminales. https:\/\/www.primicias.ec\/noticias\/economia\/estadosunidos-aranceles-exportaciones-ecuador-plan\/<\/p>\n","protected":false},"author":1,"featured_media":261633,"comment_status":"closed","ping_status":"closed","sticky":false,"template":"","format":"standard","meta":[],"categories":[43,23],"tags":[],"_links":{"self":[{"href":"https:\/\/www.ecuadortimes.net\/es\/wp-json\/wp\/v2\/posts\/261632"}],"collection":[{"href":"https:\/\/www.ecuadortimes.net\/es\/wp-json\/wp\/v2\/posts"}],"about":[{"href":"https:\/\/www.ecuadortimes.net\/es\/wp-json\/wp\/v2\/types\/post"}],"author":[{"embeddable":true,"href":"https:\/\/www.ecuadortimes.net\/es\/wp-json\/wp\/v2\/users\/1"}],"replies":[{"embeddable":true,"href":"https:\/\/www.ecuadortimes.net\/es\/wp-json\/wp\/v2\/comments?post=261632"}],"version-history":[{"count":1,"href":"https:\/\/www.ecuadortimes.net\/es\/wp-json\/wp\/v2\/posts\/261632\/revisions"}],"predecessor-version":[{"id":261634,"href":"https:\/\/www.ecuadortimes.net\/es\/wp-json\/wp\/v2\/posts\/261632\/revisions\/261634"}],"wp:featuredmedia":[{"embeddable":true,"href":"https:\/\/www.ecuadortimes.net\/es\/wp-json\/wp\/v2\/media\/261633"}],"wp:attachment":[{"href":"https:\/\/www.ecuadortimes.net\/es\/wp-json\/wp\/v2\/media?parent=261632"}],"wp:term":[{"taxonomy":"category","embeddable":true,"href":"https:\/\/www.ecuadortimes.net\/es\/wp-json\/wp\/v2\/categories?post=261632"},{"taxonomy":"post_tag","embeddable":true,"href":"https:\/\/www.ecuadortimes.net\/es\/wp-json\/wp\/v2\/tags?post=261632"}],"curies":[{"name":"wp","href":"https:\/\/api.w.org\/{rel}","templated":true}]}}