{"id":261638,"date":"2023-04-14T21:00:03","date_gmt":"2023-04-14T21:00:03","guid":{"rendered":"https:\/\/www.ecuadortimes.net\/es\/?p=261638"},"modified":"2023-04-14T21:00:03","modified_gmt":"2023-04-14T21:00:03","slug":"empresa-de-brasil-abre-nueva-tienda-de-calzado-y-accesorios-en-ecuador","status":"publish","type":"post","link":"https:\/\/www.ecuadortimes.net\/es\/empresa-de-brasil-abre-nueva-tienda-de-calzado-y-accesorios-en-ecuador\/","title":{"rendered":"Empresa de Brasil abre nueva tienda de calzado y accesorios en Ecuador"},"content":{"rendered":"<div id=\"entry-content-inarticle\" class=\"entry-content\">\n<h3 class=\"noticia__entradilla\">La firma de Brasil tiene previsto abrir 20 tiendas en Ecuador en los pr\u00f3ximos cinco a\u00f1os. Dos de ellas se inaugurar\u00e1n en 2023.<\/h3>\n<div id=\"attachment_261639\" style=\"width: 1034px\" class=\"wp-caption alignnone\"><img aria-describedby=\"caption-attachment-261639\" loading=\"lazy\" class=\"size-full wp-image-261639\" src=\"https:\/\/www.ecuadortimes.net\/es\/wp-content\/uploads\/2023\/04\/ecuador-times-ecuador-news-brazilian-company-opens-new-shoe-and-accesories-store-in-ecuador.jpg\" alt=\"\" width=\"1024\" height=\"574\" \/><p id=\"caption-attachment-261639\" class=\"wp-caption-text\">Tienda de Jorge Bischoff, marca de Brasil, en el Valle de Cumbay\u00e1, el 12 de abril de 2023.<\/p><\/div>\n<p class=\"selectionShareable\">La marca <strong>Jorge Bischoff, de Brasil,<\/strong> inaugur\u00f3 una tienda en el <strong>Valle de Cumbay\u00e1<\/strong>, en Ecuador, el 12 de abril de 2023.<\/p>\n<p class=\"selectionShareable\">Se trata del segundo local de la empresa brasilera. El primero abri\u00f3 en el centro norte de Quito hace 10 meses.<\/p>\n<p class=\"selectionShareable\">El plan de la firma es inaugurar otras<strong> 20 tiendas<\/strong> en el pa\u00eds en los pr\u00f3ximos cinco a\u00f1os. En 2023 se abrir\u00e1n, por lo menos, <strong>dos de ellas<\/strong>.<\/p>\n<p class=\"selectionShareable\">&#8220;Estamos evaluando el pa\u00eds, pero <strong>apuntamos a Guayaquil&#8221;<\/strong>, dice Brun Schleder, representante de la marca en Ecuador.<\/p>\n<p class=\"selectionShareable\">Adem\u00e1s, la empresa habilitar\u00e1 la <strong>entrega de productos a domicilio<\/strong> en Ecuador, a partir del segundo semestre de 2023.<\/p>\n<p class=\"selectionShareable\">La marca prev\u00e9 invertir USD 500.000 en 2023 y proyecta<strong> duplicar su inyecci\u00f3n de capital <\/strong>en los pr\u00f3ximos dos a\u00f1os.<\/p>\n<p class=\"selectionShareable\">El portafolio de productos de la marca est\u00e1 conformado por <strong>calzado, carteras y accesorios<\/strong> para mujeres y hombres, detalla Jorge Bischoff, fundador de la empresa. Los precios de los art\u00edculos en Ecuador oscilan entre USD 100 y USD 350.<\/p>\n<p class=\"selectionShareable\">En Brasil, pa\u00eds de origen, la empresa tiene 64 tiendas, mientras que en el mundo suman <strong>120 locales. <\/strong><\/p>\n<p class=\"selectionShareable\">Otras marcas de Brasil, Uruguay, Turqu\u00eda y Estados Unidos han arribado a Ecuador, en los \u00faltimos meses. En la lista figuran Usaflex, BAS, Under Armour, H&amp;M, Old Navy, American Eagle, Vans, LC Waikiki, Victoria\u2019s Secret y Bath and Body Works.<\/p>\n<p class=\"selectionShareable\">Las empresas extranjeras sostienen que Ecuador es un mercado interesante para el comercio debido a una serie de factores, entre ellos<strong> el d\u00f3lar. <\/strong><\/p>\n<div class=\"noticia__single__enlaces\"><\/div>\n<\/div>\n<p><a href=\"https:\/\/www.primicias.ec\/noticias\/economia\/empresa-brasil-tienda-calzado-accesorios-ecuador\/\">https:\/\/www.primicias.ec\/noticias\/economia\/empresa-brasil-tienda-calzado-accesorios-ecuador\/<\/a><\/p>\n","protected":false},"excerpt":{"rendered":"<p>La firma de Brasil tiene previsto abrir 20 tiendas en Ecuador en los pr\u00f3ximos cinco a\u00f1os. Dos de ellas se inaugurar\u00e1n en 2023. La marca Jorge Bischoff, de Brasil, inaugur\u00f3 una tienda en el Valle de Cumbay\u00e1, en Ecuador, el 12 de abril de 2023. Se trata del segundo local de la empresa brasilera. El primero abri\u00f3 en el centro norte de Quito hace 10 meses. El plan de la firma es inaugurar otras 20 tiendas en el pa\u00eds en los pr\u00f3ximos cinco a\u00f1os. En 2023 se abrir\u00e1n, por lo menos, dos de ellas. &#8220;Estamos evaluando el pa\u00eds, pero apuntamos a Guayaquil&#8221;, dice Brun Schleder, representante de la marca en Ecuador. Adem\u00e1s, la empresa habilitar\u00e1 la entrega de productos a domicilio en Ecuador, a partir del segundo semestre de 2023. La marca prev\u00e9 invertir USD 500.000 en 2023 y proyecta duplicar su inyecci\u00f3n de capital en los pr\u00f3ximos dos a\u00f1os. El portafolio de productos de la marca est\u00e1 conformado por calzado, carteras y accesorios para mujeres y hombres, detalla Jorge Bischoff, fundador de la empresa. Los precios de los art\u00edculos en Ecuador oscilan entre USD 100 y USD 350. En Brasil, pa\u00eds de origen, la empresa tiene 64 tiendas, mientras que en el mundo suman 120 locales. Otras marcas de Brasil, Uruguay, Turqu\u00eda y Estados Unidos han arribado a Ecuador, en los \u00faltimos meses. En la lista figuran Usaflex, BAS, Under Armour, H&amp;M, Old Navy, American Eagle, Vans, LC Waikiki, Victoria\u2019s Secret y Bath and Body Works. Las empresas extranjeras sostienen que Ecuador es un mercado interesante para el comercio debido a una serie de factores, entre ellos el d\u00f3lar. https:\/\/www.primicias.ec\/noticias\/economia\/empresa-brasil-tienda-calzado-accesorios-ecuador\/<\/p>\n","protected":false},"author":1,"featured_media":261639,"comment_status":"closed","ping_status":"closed","sticky":false,"template":"","format":"standard","meta":[],"categories":[43,23],"tags":[],"_links":{"self":[{"href":"https:\/\/www.ecuadortimes.net\/es\/wp-json\/wp\/v2\/posts\/261638"}],"collection":[{"href":"https:\/\/www.ecuadortimes.net\/es\/wp-json\/wp\/v2\/posts"}],"about":[{"href":"https:\/\/www.ecuadortimes.net\/es\/wp-json\/wp\/v2\/types\/post"}],"author":[{"embeddable":true,"href":"https:\/\/www.ecuadortimes.net\/es\/wp-json\/wp\/v2\/users\/1"}],"replies":[{"embeddable":true,"href":"https:\/\/www.ecuadortimes.net\/es\/wp-json\/wp\/v2\/comments?post=261638"}],"version-history":[{"count":1,"href":"https:\/\/www.ecuadortimes.net\/es\/wp-json\/wp\/v2\/posts\/261638\/revisions"}],"predecessor-version":[{"id":261640,"href":"https:\/\/www.ecuadortimes.net\/es\/wp-json\/wp\/v2\/posts\/261638\/revisions\/261640"}],"wp:featuredmedia":[{"embeddable":true,"href":"https:\/\/www.ecuadortimes.net\/es\/wp-json\/wp\/v2\/media\/261639"}],"wp:attachment":[{"href":"https:\/\/www.ecuadortimes.net\/es\/wp-json\/wp\/v2\/media?parent=261638"}],"wp:term":[{"taxonomy":"category","embeddable":true,"href":"https:\/\/www.ecuadortimes.net\/es\/wp-json\/wp\/v2\/categories?post=261638"},{"taxonomy":"post_tag","embeddable":true,"href":"https:\/\/www.ecuadortimes.net\/es\/wp-json\/wp\/v2\/tags?post=261638"}],"curies":[{"name":"wp","href":"https:\/\/api.w.org\/{rel}","templated":true}]}}