{"id":261644,"date":"2023-04-18T01:40:36","date_gmt":"2023-04-18T01:40:36","guid":{"rendered":"https:\/\/www.ecuadortimes.net\/es\/?p=261644"},"modified":"2023-04-18T01:40:36","modified_gmt":"2023-04-18T01:40:36","slug":"asombro-mundial-por-el-hallazgo-de-un-antiguo-arrecife-de-coral-en-galapagos","status":"publish","type":"post","link":"https:\/\/www.ecuadortimes.net\/es\/asombro-mundial-por-el-hallazgo-de-un-antiguo-arrecife-de-coral-en-galapagos\/","title":{"rendered":"Asombro mundial por el hallazgo de un antiguo arrecife de coral en Gal\u00e1pagos"},"content":{"rendered":"<div id=\"entry-content-inarticle\" class=\"entry-content\">\n<h3 class=\"noticia__entradilla\">Cient\u00edficos brit\u00e1nicos, estadounidenses y ecuatorianos descubrieron un inmenso, antiguo y pr\u00edstino arrecife de coral en las profundidades de Gal\u00e1pagos.<\/h3>\n<div id=\"attachment_261645\" style=\"width: 1034px\" class=\"wp-caption alignnone\"><img aria-describedby=\"caption-attachment-261645\" loading=\"lazy\" class=\"size-full wp-image-261645\" src=\"https:\/\/www.ecuadortimes.net\/es\/wp-content\/uploads\/2023\/04\/ecuador-times-ecuador-news-world-amazement-at-the-discovery-of-an-ancient-coral-reef-in-the-galapagos.jpg\" alt=\"\" width=\"1024\" height=\"574\" \/><p id=\"caption-attachment-261645\" class=\"wp-caption-text\">Panor\u00e1mica de una parte del arrecife de coral reci\u00e9n descubierto en Gal\u00e1pagos, el 17 de abril de 2023.<\/p><\/div>\n<p class=\"selectionShareable\">La expedici\u00f3n \u201cGal\u00e1pagos Deep 2023\u201d ya tiene su primer gran descubrimiento: <strong>un inmenso y antiguo arrecife de coral<\/strong>, ubicado en las profundidades de la reserva marina de Gal\u00e1pagos.<\/p>\n<p class=\"selectionShareable\">El arrecife, localizado a una profundidad de entre <strong>400 y 600 metros<\/strong>, est\u00e1 en la cima de un monte submarino no cartografiado.<\/p>\n<p class=\"selectionShareable\">Se extiende por varios kil\u00f3metros entre las islas Santa Fe y San Crist\u00f3bal, en la parte central de la plataforma del archipi\u00e9lago de Gal\u00e1pagos.<\/p>\n<figure class=\"wp-block-embed is-type-video is-provider-youtube wp-block-embed-youtube wp-embed-aspect-16-9 wp-has-aspect-ratio\">\n<div class=\"wp-block-embed__wrapper\"><iframe loading=\"lazy\" title=\"Scientists Discover Pristine Deep-Sea\u00a0Coral Reefs\u00a0in the Gal\u00e1pagos Marine Reserve!\" src=\"https:\/\/www.youtube.com\/embed\/b__GAs3MvPs?feature=oembed\" width=\"500\" height=\"281\" frameborder=\"0\" allowfullscreen=\"allowfullscreen\"><\/iframe><\/div>\n<\/figure>\n<p class=\"selectionShareable\">&#8220;Los corales de los que est\u00e1 construido tienen probablemente<strong> miles de a\u00f1os de crecimiento&#8221;<\/strong>, dijo el ocean\u00f3grafo Stuart Banks, investigador marino principal de la <a href=\"https:\/\/twitter.com\/DarwinFound\/status\/1647982071023910913\" target=\"_blank\" rel=\"noreferrer noopener\">Fundaci\u00f3n Charles Darwin <\/a>(FCD).<\/p>\n<p class=\"selectionShareable\">Esta organizaci\u00f3n es parte del grupo internacional de cient\u00edficos a bordo del buque estadounidense de investigaci\u00f3n R\/V Atlantis.<\/p>\n<p class=\"selectionShareable\">La expedici\u00f3n, que comenz\u00f3 el pasado 27 de marzo y termina el 22 de abril, est\u00e1 financiada por la Fundaci\u00f3n Nacional de Ciencias (NSF, por sus siglas en ingl\u00e9s).<\/p>\n<h2><strong>Cacho de coral\u00a0<\/strong><\/h2>\n<p class=\"selectionShareable\">Hasta el momento, la expedici\u00f3n cient\u00edfica ha realizado unas 16 inmersiones de entre 6 y 8 horas cada una, gracias al submarino &#8220;Alvin&#8221;.<\/p>\n<p class=\"selectionShareable\">En una de ellas, encontraron el arrecife, al que se refieren como el &#8220;<strong>cacho de coral&#8221;<\/strong>, por su similitud con una <strong>media luna. <\/strong><\/p>\n<p class=\"selectionShareable\">Tras el fen\u00f3meno de El Ni\u00f1o de 1981-1982, y el de 1997-1998, &#8220;m\u00e1s del 97 % de los arrecifes estructurales de corales se perdieron en Gal\u00e1pagos&#8221;.<\/p>\n<figure class=\"wp-block-embed is-type-rich is-provider-twitter wp-block-embed-twitter\">\n<div class=\"wp-block-embed__wrapper\">\n<div class=\"twitter-tweet twitter-tweet-rendered\" style=\"display: flex; max-width: 500px; width: 100%; margin-top: 10px; margin-bottom: 10px;\"><iframe id=\"twitter-widget-0\" class=\"\" style=\"position: static; visibility: visible; width: 500px; height: 654px; display: block; flex-grow: 1;\" title=\"Twitter Tweet\" src=\"https:\/\/platform.twitter.com\/embed\/Tweet.html?dnt=true&amp;embedId=twitter-widget-0&amp;features=eyJ0ZndfdGltZWxpbmVfbGlzdCI6eyJidWNrZXQiOltdLCJ2ZXJzaW9uIjpudWxsfSwidGZ3X2ZvbGxvd2VyX2NvdW50X3N1bnNldCI6eyJidWNrZXQiOnRydWUsInZlcnNpb24iOm51bGx9LCJ0ZndfdHdlZXRfZWRpdF9iYWNrZW5kIjp7ImJ1Y2tldCI6Im9uIiwidmVyc2lvbiI6bnVsbH0sInRmd19yZWZzcmNfc2Vzc2lvbiI6eyJidWNrZXQiOiJvbiIsInZlcnNpb24iOm51bGx9LCJ0ZndfbWl4ZWRfbWVkaWFfMTU4OTciOnsiYnVja2V0IjoidHJlYXRtZW50IiwidmVyc2lvbiI6bnVsbH0sInRmd19leHBlcmltZW50c19jb29raWVfZXhwaXJhdGlvbiI6eyJidWNrZXQiOjEyMDk2MDAsInZlcnNpb24iOm51bGx9LCJ0ZndfZHVwbGljYXRlX3NjcmliZXNfdG9fc2V0dGluZ3MiOnsiYnVja2V0Ijoib24iLCJ2ZXJzaW9uIjpudWxsfSwidGZ3X3ZpZGVvX2hsc19keW5hbWljX21hbmlmZXN0c18xNTA4MiI6eyJidWNrZXQiOiJ0cnVlX2JpdHJhdGUiLCJ2ZXJzaW9uIjpudWxsfSwidGZ3X2xlZ2FjeV90aW1lbGluZV9zdW5zZXQiOnsiYnVja2V0Ijp0cnVlLCJ2ZXJzaW9uIjpudWxsfSwidGZ3X3R3ZWV0X2VkaXRfZnJvbnRlbmQiOnsiYnVja2V0Ijoib24iLCJ2ZXJzaW9uIjpudWxsfX0%3D&amp;frame=false&amp;hideCard=false&amp;hideThread=false&amp;id=1647982589452378112&amp;lang=es&amp;origin=https%3A%2F%2Fwww.primicias.ec%2Fnoticias%2Ftecnologia%2Fhallazgo-arrecife-coral-galapagos%2F&amp;sessionId=a91b5eb717b69bfaceae38a9365913756346ad03&amp;siteScreenName=primicias&amp;theme=light&amp;widgetsVersion=aaf4084522e3a%3A1674595607486&amp;width=500px\" frameborder=\"0\" scrolling=\"no\" allowfullscreen=\"allowfullscreen\" data-tweet-id=\"1647982589452378112\"><\/iframe><\/div>\n<p><script data-minify=\"1\" async=\"\" charset=\"utf-8\" src=\"https:\/\/www.primicias.ec\/wp-content\/cache\/min\/1\/widgets.js?ver=1681768869\" data-rocket-status=\"executed\"><\/script><\/p>\n<\/div>\n<\/figure>\n<p class=\"selectionShareable\">Ahora, los m\u00e1s extensos est\u00e1n en las islas de Wolf, Darwin y en algunos otros parches.<\/p>\n<p class=\"selectionShareable\">El \u201ccacho\u201d es el \u201cprimer registro de un<strong> arrecife de coral de aguas profundas<\/strong> (\u2026) que ha sobrevivido en estado pr\u00edstino por miles y miles de a\u00f1os\u201d, dijo el ocean\u00f3grafo Banks.<\/p>\n<p class=\"selectionShareable\">Aunque los cient\u00edficos lograron recorrer algo m\u00e1s de un kil\u00f3metro del arrecife, creen que es \u201cmucho m\u00e1s extenso\u201d, y que alberga una alta biodiversidad viva.<\/p>\n<p class=\"selectionShareable\">El hallazgo es tambi\u00e9n importante porque los corales f\u00f3siles son <strong>\u201cuna ventana al pasado\u201d<\/strong> y servir\u00e1n para estudiar las condiciones del mar \u201chace cientos de miles de a\u00f1os\u201d.<\/p>\n<div class=\"noticia__single__enlaces\"><\/div>\n<\/div>\n<p><a href=\"https:\/\/www.primicias.ec\/noticias\/tecnologia\/hallazgo-arrecife-coral-galapagos\/\">https:\/\/www.primicias.ec\/noticias\/tecnologia\/hallazgo-arrecife-coral-galapagos\/<\/a><\/p>\n","protected":false},"excerpt":{"rendered":"<p>Cient\u00edficos brit\u00e1nicos, estadounidenses y ecuatorianos descubrieron un inmenso, antiguo y pr\u00edstino arrecife de coral en las profundidades de Gal\u00e1pagos. La expedici\u00f3n \u201cGal\u00e1pagos Deep 2023\u201d ya tiene su primer gran descubrimiento: un inmenso y antiguo arrecife de coral, ubicado en las profundidades de la reserva marina de Gal\u00e1pagos. El arrecife, localizado a una profundidad de entre 400 y 600 metros, est\u00e1 en la cima de un monte submarino no cartografiado. Se extiende por varios kil\u00f3metros entre las islas Santa Fe y San Crist\u00f3bal, en la parte central de la plataforma del archipi\u00e9lago de Gal\u00e1pagos. &#8220;Los corales de los que est\u00e1 construido tienen probablemente miles de a\u00f1os de crecimiento&#8221;, dijo el ocean\u00f3grafo Stuart Banks, investigador marino principal de la Fundaci\u00f3n Charles Darwin (FCD). Esta organizaci\u00f3n es parte del grupo internacional de cient\u00edficos a bordo del buque estadounidense de investigaci\u00f3n R\/V Atlantis. La expedici\u00f3n, que comenz\u00f3 el pasado 27 de marzo y termina el 22 de abril, est\u00e1 financiada por la Fundaci\u00f3n Nacional de Ciencias (NSF, por sus siglas en ingl\u00e9s). Cacho de coral\u00a0 Hasta el momento, la expedici\u00f3n cient\u00edfica ha realizado unas 16 inmersiones de entre 6 y 8 horas cada una, gracias al submarino &#8220;Alvin&#8221;. En una de ellas, encontraron el arrecife, al que se refieren como el &#8220;cacho de coral&#8221;, por su similitud con una media luna. Tras el fen\u00f3meno de El Ni\u00f1o de 1981-1982, y el de 1997-1998, &#8220;m\u00e1s del 97 % de los arrecifes estructurales de corales se perdieron en Gal\u00e1pagos&#8221;. Ahora, los m\u00e1s extensos est\u00e1n en las islas de Wolf, Darwin y en algunos otros parches. El \u201ccacho\u201d es el \u201cprimer registro de un arrecife de coral de aguas profundas (\u2026) que ha sobrevivido en estado pr\u00edstino por miles y miles de a\u00f1os\u201d, dijo el ocean\u00f3grafo Banks. Aunque los cient\u00edficos lograron recorrer algo m\u00e1s de un kil\u00f3metro del arrecife, creen que es \u201cmucho m\u00e1s extenso\u201d, y que alberga una alta biodiversidad viva. El hallazgo es tambi\u00e9n importante porque los corales f\u00f3siles son \u201cuna ventana al pasado\u201d y servir\u00e1n para estudiar las condiciones del mar \u201chace cientos de miles de a\u00f1os\u201d. https:\/\/www.primicias.ec\/noticias\/tecnologia\/hallazgo-arrecife-coral-galapagos\/<\/p>\n","protected":false},"author":1,"featured_media":261645,"comment_status":"closed","ping_status":"closed","sticky":false,"template":"","format":"standard","meta":[],"categories":[35,23],"tags":[],"_links":{"self":[{"href":"https:\/\/www.ecuadortimes.net\/es\/wp-json\/wp\/v2\/posts\/261644"}],"collection":[{"href":"https:\/\/www.ecuadortimes.net\/es\/wp-json\/wp\/v2\/posts"}],"about":[{"href":"https:\/\/www.ecuadortimes.net\/es\/wp-json\/wp\/v2\/types\/post"}],"author":[{"embeddable":true,"href":"https:\/\/www.ecuadortimes.net\/es\/wp-json\/wp\/v2\/users\/1"}],"replies":[{"embeddable":true,"href":"https:\/\/www.ecuadortimes.net\/es\/wp-json\/wp\/v2\/comments?post=261644"}],"version-history":[{"count":1,"href":"https:\/\/www.ecuadortimes.net\/es\/wp-json\/wp\/v2\/posts\/261644\/revisions"}],"predecessor-version":[{"id":261646,"href":"https:\/\/www.ecuadortimes.net\/es\/wp-json\/wp\/v2\/posts\/261644\/revisions\/261646"}],"wp:featuredmedia":[{"embeddable":true,"href":"https:\/\/www.ecuadortimes.net\/es\/wp-json\/wp\/v2\/media\/261645"}],"wp:attachment":[{"href":"https:\/\/www.ecuadortimes.net\/es\/wp-json\/wp\/v2\/media?parent=261644"}],"wp:term":[{"taxonomy":"category","embeddable":true,"href":"https:\/\/www.ecuadortimes.net\/es\/wp-json\/wp\/v2\/categories?post=261644"},{"taxonomy":"post_tag","embeddable":true,"href":"https:\/\/www.ecuadortimes.net\/es\/wp-json\/wp\/v2\/tags?post=261644"}],"curies":[{"name":"wp","href":"https:\/\/api.w.org\/{rel}","templated":true}]}}