{"id":261656,"date":"2023-04-20T02:26:43","date_gmt":"2023-04-20T02:26:43","guid":{"rendered":"https:\/\/www.ecuadortimes.net\/es\/?p=261656"},"modified":"2023-04-20T02:26:43","modified_gmt":"2023-04-20T02:26:43","slug":"pension-de-jorge-glas-sera-retenida-por-deudas-de-las-sentencias-que-tiene","status":"publish","type":"post","link":"https:\/\/www.ecuadortimes.net\/es\/pension-de-jorge-glas-sera-retenida-por-deudas-de-las-sentencias-que-tiene\/","title":{"rendered":"Pensi\u00f3n de Jorge Glas ser\u00e1 retenida por deudas de las sentencias que tiene"},"content":{"rendered":"<div class=\"entry__content pw-ctt tbl-forkorts-article tbl-forkorts-article-active\">\n<p>Si finalmente el exvicepresidente <strong>Jorge Glas<\/strong> logra que la <strong>justicia<\/strong> ordene que le devuelvan la<strong> pensi\u00f3n vitalicia<\/strong> de USD 4 507 mensuales, finalmente no podr\u00e1 cobrarla.<\/p>\n<div id=\"attachment_261657\" style=\"width: 710px\" class=\"wp-caption alignnone\"><img aria-describedby=\"caption-attachment-261657\" loading=\"lazy\" class=\"size-full wp-image-261657\" src=\"https:\/\/www.ecuadortimes.net\/es\/wp-content\/uploads\/2023\/04\/ecuador-times-ecuador-news-jorge-glas-pension-will-be-withheld-due-to-debts-from-the-sentences-he-has.jpg\" alt=\"\" width=\"700\" height=\"391\" \/><p id=\"caption-attachment-261657\" class=\"wp-caption-text\">Jorge Glas fue vicepresidente durante el Gobierno de Rafael Correa.<\/p><\/div>\n<p>Al menos esa es la <strong>postura <\/strong>de la Procuradur\u00eda General del Estado, pues Jorge Glas <strong>debe miles<\/strong> de d\u00f3lares de\u00a0reparaci\u00f3n <strong>al Estado<\/strong>.<\/p>\n<p>Esas reparaciones al Estado est\u00e1n ordenadas en las<strong> sentencias<\/strong> que pesan en su contra por dos <strong>casos de corrupci\u00f3n<\/strong>.<\/p>\n<p>Glas <strong>est\u00e1 libre<\/strong>, pues un <strong>juez constitucional<\/strong> aprob\u00f3 su salida de la <strong>c\u00e1rcel <\/strong>en noviembre de 2022.<\/p>\n<p>Eleuterio Aguilar Heredia, <strong>juez <\/strong>del cant\u00f3n Balsas (El Oro), orden\u00f3 hace <strong>una semana<\/strong> que hasta el 28 de abril del 2023, el Estado le pague a Jorge Glas el retroactivo por sus <strong>pensiones vitalicias<\/strong> como exvicepresidente.<\/p>\n<p>Glas <strong>debe cobrar <\/strong>cerca de USD 140 000 <strong>acumulados<\/strong>.<\/p>\n<h2 id=\"h-lo-que-glas-debe-al-estado\">Lo que Glas debe al Estado<\/h2>\n<p>Procuradur\u00eda solicit\u00f3 que si el Gobierno paga, esos valores <strong>se retengan <\/strong>como parte de los USD 778 000 que Glas le debe al Estado por <strong>su sentencia <\/strong>como autor del <strong>delito de cohecho<\/strong>, por el denominado <strong>Caso Sobornos<\/strong>.<\/p>\n<p>Adem\u00e1s el exvicepresidente y otros siete exfuncionarios durante el gobierno de <strong>Rafael Correa<\/strong> deben al Estado USD 33,4 millones.<\/p>\n<p>Ese dinero es por la <strong>sentencia<\/strong> que tienen por asociaci\u00f3n il\u00edcita en el \u201c<strong>Caso Odebrecht<\/strong>\u201d.<\/p>\n<p>Lo que el Estado logr\u00f3 recuperar hasta este 19 de abril de 2023 son <strong>dos departamentos<\/strong> de Glas, que estaban a su nombre, en <strong>Quito<\/strong> y Tonsupa (Esmeraldas).<\/p>\n<p>Glas tiene <strong>dos sentencias<\/strong>, de ocho a\u00f1os de\u00a0c\u00e1rcel (por el delito de <strong>cohecho agravado<\/strong> en el caso Sobornos 2012-2016) y seis a\u00f1os (por el delito de <strong>asociaci\u00f3n il\u00edcita <\/strong>en el caso Odebrecht).<\/p>\n<div class=\"tbl-read-more-box\">\n<p>&nbsp;<\/p>\n<\/div>\n<\/div>\n<p><a href=\"https:\/\/www.elcomercio.com\/actualidad\/politica\/pension-jorge-glas-retenida-por-deudas.html\">https:\/\/www.elcomercio.com\/actualidad\/politica\/pension-jorge-glas-retenida-por-deudas.html<\/a><\/p>\n","protected":false},"excerpt":{"rendered":"<p>Si finalmente el exvicepresidente Jorge Glas logra que la justicia ordene que le devuelvan la pensi\u00f3n vitalicia de USD 4 507 mensuales, finalmente no podr\u00e1 cobrarla. Al menos esa es la postura de la Procuradur\u00eda General del Estado, pues Jorge Glas debe miles de d\u00f3lares de\u00a0reparaci\u00f3n al Estado. Esas reparaciones al Estado est\u00e1n ordenadas en las sentencias que pesan en su contra por dos casos de corrupci\u00f3n. Glas est\u00e1 libre, pues un juez constitucional aprob\u00f3 su salida de la c\u00e1rcel en noviembre de 2022. Eleuterio Aguilar Heredia, juez del cant\u00f3n Balsas (El Oro), orden\u00f3 hace una semana que hasta el 28 de abril del 2023, el Estado le pague a Jorge Glas el retroactivo por sus pensiones vitalicias como exvicepresidente. Glas debe cobrar cerca de USD 140 000 acumulados. Lo que Glas debe al Estado Procuradur\u00eda solicit\u00f3 que si el Gobierno paga, esos valores se retengan como parte de los USD 778 000 que Glas le debe al Estado por su sentencia como autor del delito de cohecho, por el denominado Caso Sobornos. Adem\u00e1s el exvicepresidente y otros siete exfuncionarios durante el gobierno de Rafael Correa deben al Estado USD 33,4 millones. Ese dinero es por la sentencia que tienen por asociaci\u00f3n il\u00edcita en el \u201cCaso Odebrecht\u201d. Lo que el Estado logr\u00f3 recuperar hasta este 19 de abril de 2023 son dos departamentos de Glas, que estaban a su nombre, en Quito y Tonsupa (Esmeraldas). Glas tiene dos sentencias, de ocho a\u00f1os de\u00a0c\u00e1rcel (por el delito de cohecho agravado en el caso Sobornos 2012-2016) y seis a\u00f1os (por el delito de asociaci\u00f3n il\u00edcita en el caso Odebrecht). &nbsp; https:\/\/www.elcomercio.com\/actualidad\/politica\/pension-jorge-glas-retenida-por-deudas.html<\/p>\n","protected":false},"author":1,"featured_media":261657,"comment_status":"closed","ping_status":"closed","sticky":false,"template":"","format":"standard","meta":[],"categories":[40,23],"tags":[],"_links":{"self":[{"href":"https:\/\/www.ecuadortimes.net\/es\/wp-json\/wp\/v2\/posts\/261656"}],"collection":[{"href":"https:\/\/www.ecuadortimes.net\/es\/wp-json\/wp\/v2\/posts"}],"about":[{"href":"https:\/\/www.ecuadortimes.net\/es\/wp-json\/wp\/v2\/types\/post"}],"author":[{"embeddable":true,"href":"https:\/\/www.ecuadortimes.net\/es\/wp-json\/wp\/v2\/users\/1"}],"replies":[{"embeddable":true,"href":"https:\/\/www.ecuadortimes.net\/es\/wp-json\/wp\/v2\/comments?post=261656"}],"version-history":[{"count":1,"href":"https:\/\/www.ecuadortimes.net\/es\/wp-json\/wp\/v2\/posts\/261656\/revisions"}],"predecessor-version":[{"id":261658,"href":"https:\/\/www.ecuadortimes.net\/es\/wp-json\/wp\/v2\/posts\/261656\/revisions\/261658"}],"wp:featuredmedia":[{"embeddable":true,"href":"https:\/\/www.ecuadortimes.net\/es\/wp-json\/wp\/v2\/media\/261657"}],"wp:attachment":[{"href":"https:\/\/www.ecuadortimes.net\/es\/wp-json\/wp\/v2\/media?parent=261656"}],"wp:term":[{"taxonomy":"category","embeddable":true,"href":"https:\/\/www.ecuadortimes.net\/es\/wp-json\/wp\/v2\/categories?post=261656"},{"taxonomy":"post_tag","embeddable":true,"href":"https:\/\/www.ecuadortimes.net\/es\/wp-json\/wp\/v2\/tags?post=261656"}],"curies":[{"name":"wp","href":"https:\/\/api.w.org\/{rel}","templated":true}]}}