{"id":261667,"date":"2023-04-20T23:10:53","date_gmt":"2023-04-20T23:10:53","guid":{"rendered":"https:\/\/www.ecuadortimes.net\/es\/?p=261667"},"modified":"2023-04-20T23:10:53","modified_gmt":"2023-04-20T23:10:53","slug":"en-2023-ecuador-crecera-el-mismo-ritmo-que-peru-y-bolivia","status":"publish","type":"post","link":"https:\/\/www.ecuadortimes.net\/es\/en-2023-ecuador-crecera-el-mismo-ritmo-que-peru-y-bolivia\/","title":{"rendered":"En 2023, Ecuador crecer\u00e1 el mismo ritmo que Per\u00fa y Bolivia"},"content":{"rendered":"<div id=\"entry-content-inarticle\" class=\"entry-content\">\n<h3 class=\"noticia__entradilla\">Cepal redujo levemente su proyecci\u00f3n de crecimiento del PIB de Am\u00e9rica Latina y el Caribe para 2023 del 1,3% estimado el pasado diciembre a un 1,2%.<\/h3>\n<div id=\"attachment_261668\" style=\"width: 1034px\" class=\"wp-caption alignnone\"><img aria-describedby=\"caption-attachment-261668\" loading=\"lazy\" class=\"size-full wp-image-261668\" src=\"https:\/\/www.ecuadortimes.net\/es\/wp-content\/uploads\/2023\/04\/ecuador-times-ecuador-news-in-2023-ecuador-will-grow-at-the-same-rate-as-peru-and-bolivia.jpg\" alt=\"\" width=\"1024\" height=\"574\" \/><p id=\"caption-attachment-261668\" class=\"wp-caption-text\">La industria atunero estuvo en riesgo de paralizar actividades durante el paro nacional de junio de 2022.<\/p><\/div>\n<p class=\"selectionShareable\">La reducci\u00f3n del crecimiento del PIB regional calculado por la Comisi\u00f3n Econ\u00f3mica para Am\u00e9rica Latina y el Caribe (Cepal) se explica principalmente a &#8220;<strong>crecientes incertidumbres externas y restricciones internas&#8221;<\/strong>.<\/p>\n<p class=\"selectionShareable\">El organismo de Naciones Unidas, con sede en Santiago de Chile, alert\u00f3 que el escenario es \u201ccomplejo\u201d porque, a las alzas en las tasas de inter\u00e9s a escala mundial, &#8220;se agregaron las <strong>turbulencias financieras observadas a comienzos de marzo&#8221;<\/strong>, como la quiebra de distintos bancos, entre ellos el Silicon Valley Bank, en Estados Unidos.<\/p>\n<p class=\"selectionShareable\">\u201cLa proyecci\u00f3n de crecimiento de 2023 est\u00e1 sujeta a riesgos a la baja ante la posibilidad de que resurjan y se acent\u00faen las turbulencias del sistema bancario global, lo que resultar\u00eda en un endurecimiento m\u00e1s persistente de las condiciones financieras mundiales\u201d, <a href=\"https:\/\/www.cepal.org\/es\/comunicados\/economias-america-latina-caribe-creceran-12-2023-un-contexto-crecientes-incertidumbres\" target=\"_blank\" rel=\"noreferrer noopener\">alert\u00f3 Cepal en un comunicado<\/a>.<\/p>\n<p class=\"selectionShareable\">Seg\u00fan la instituci\u00f3n, la regi\u00f3n vuelve a tener este a\u00f1o un<strong> espacio \u201climitado\u201d para la pol\u00edtica fiscal <\/strong>y \u201cno es de esperar que se generalice todav\u00eda un ciclo de relajamiento monetario en la regi\u00f3n\u201d.<\/p>\n<p class=\"selectionShareable\">\u201cLa<strong> inflaci\u00f3n en la regi\u00f3n muestra una tendencia a la baja<\/strong> y, si bien se espera que podr\u00eda estar pr\u00f3xima la conclusi\u00f3n del proceso de alzas de tasas de inter\u00e9s en varios pa\u00edses de la regi\u00f3n, los efectos de la pol\u00edtica restrictiva sobre el consumo privado y la inversi\u00f3n se har\u00e1n sentir con m\u00e1s fuerza este a\u00f1o\u201d, agreg\u00f3 en un comunicado.<\/p>\n<h2>Ecuador, en el medio de la tabla<\/h2>\n<p class=\"selectionShareable\">Venezuela (5 %), Panam\u00e1 (4,6 %) y Rep\u00fablica Dominicana (4,6 %) <strong>liderar\u00e1n el crecimiento econ\u00f3mico este a\u00f1o,<\/strong> seguidos de Paraguay (4,2 %), las islas del Caribe (3,5 %), Guatemala (3,2 %), Honduras (3 %), Costa Rica (2,7 %) y Nicaragua (2,3 %), de acuerdo al comunicado.<\/p>\n<p class=\"selectionShareable\">En el medio de la tabla se encuentran <strong>El Salvador, Uruguay, Per\u00fa, Ecuador y Bolivia<\/strong>, todos con un crecimiento estimado del<strong> 2 %,<\/strong> seguidos de Cuba y M\u00e9xico, ambos con un alza del 1,5 %.<\/p>\n<p class=\"selectionShareable\">En la cola, pero aun con cifras positivas, est\u00e1n Colombia (1,2 %) y Brasil (0,8 %).<\/p>\n<p class=\"selectionShareable\">Mientras que <strong>Chile (-0,3 %), Hait\u00ed (-0,7 %) y Argentina (-2 %)<\/strong> son los \u00fanicos que decrecer\u00e1n este a\u00f1o, seg\u00fan el organismo de Naciones Unidas.<\/p>\n<h2>Las cifras de la regi\u00f3n<\/h2>\n<p class=\"selectionShareable\">Latinoam\u00e9rica, la regi\u00f3n m\u00e1s desigual del mundo y la m\u00e1s afectada por la pandemia, creci\u00f3 un <strong>6,9 % en 2021, <\/strong>como rebote tras el desplome del 6,8 % registrado en 2020, la mayor recesi\u00f3n en 120 a\u00f1os.<\/p>\n<p class=\"selectionShareable\">La <strong>desaceleraci\u00f3n en la regi\u00f3n comenz\u00f3 en el segundo semestre de 2022,<\/strong> que cerr\u00f3 con un crecimiento estimado del 3,7 %, seg\u00fan la Cepal, que a\u00fan no ha entregado la cifra final.<\/p>\n<div class=\"noticia__single__enlaces\"><\/div>\n<\/div>\n<p><a href=\"https:\/\/www.primicias.ec\/noticias\/economia\/ecuador-crecemiento-economico-proyeccion-cepal\/\">https:\/\/www.primicias.ec\/noticias\/economia\/ecuador-crecemiento-economico-proyeccion-cepal\/<\/a><\/p>\n","protected":false},"excerpt":{"rendered":"<p>Cepal redujo levemente su proyecci\u00f3n de crecimiento del PIB de Am\u00e9rica Latina y el Caribe para 2023 del 1,3% estimado el pasado diciembre a un 1,2%. La reducci\u00f3n del crecimiento del PIB regional calculado por la Comisi\u00f3n Econ\u00f3mica para Am\u00e9rica Latina y el Caribe (Cepal) se explica principalmente a &#8220;crecientes incertidumbres externas y restricciones internas&#8221;. El organismo de Naciones Unidas, con sede en Santiago de Chile, alert\u00f3 que el escenario es \u201ccomplejo\u201d porque, a las alzas en las tasas de inter\u00e9s a escala mundial, &#8220;se agregaron las turbulencias financieras observadas a comienzos de marzo&#8221;, como la quiebra de distintos bancos, entre ellos el Silicon Valley Bank, en Estados Unidos. \u201cLa proyecci\u00f3n de crecimiento de 2023 est\u00e1 sujeta a riesgos a la baja ante la posibilidad de que resurjan y se acent\u00faen las turbulencias del sistema bancario global, lo que resultar\u00eda en un endurecimiento m\u00e1s persistente de las condiciones financieras mundiales\u201d, alert\u00f3 Cepal en un comunicado. Seg\u00fan la instituci\u00f3n, la regi\u00f3n vuelve a tener este a\u00f1o un espacio \u201climitado\u201d para la pol\u00edtica fiscal y \u201cno es de esperar que se generalice todav\u00eda un ciclo de relajamiento monetario en la regi\u00f3n\u201d. \u201cLa inflaci\u00f3n en la regi\u00f3n muestra una tendencia a la baja y, si bien se espera que podr\u00eda estar pr\u00f3xima la conclusi\u00f3n del proceso de alzas de tasas de inter\u00e9s en varios pa\u00edses de la regi\u00f3n, los efectos de la pol\u00edtica restrictiva sobre el consumo privado y la inversi\u00f3n se har\u00e1n sentir con m\u00e1s fuerza este a\u00f1o\u201d, agreg\u00f3 en un comunicado. Ecuador, en el medio de la tabla Venezuela (5 %), Panam\u00e1 (4,6 %) y Rep\u00fablica Dominicana (4,6 %) liderar\u00e1n el crecimiento econ\u00f3mico este a\u00f1o, seguidos de Paraguay (4,2 %), las islas del Caribe (3,5 %), Guatemala (3,2 %), Honduras (3 %), Costa Rica (2,7 %) y Nicaragua (2,3 %), de acuerdo al comunicado. En el medio de la tabla se encuentran El Salvador, Uruguay, Per\u00fa, Ecuador y Bolivia, todos con un crecimiento estimado del 2 %, seguidos de Cuba y M\u00e9xico, ambos con un alza del 1,5 %. En la cola, pero aun con cifras positivas, est\u00e1n Colombia (1,2 %) y Brasil (0,8 %). Mientras que Chile (-0,3 %), Hait\u00ed (-0,7 %) y Argentina (-2 %) son los \u00fanicos que decrecer\u00e1n este a\u00f1o, seg\u00fan el organismo de Naciones Unidas. Las cifras de la regi\u00f3n Latinoam\u00e9rica, la regi\u00f3n m\u00e1s desigual del mundo y la m\u00e1s afectada por la pandemia, creci\u00f3 un 6,9 % en 2021, como rebote tras el desplome del 6,8 % registrado en 2020, la mayor recesi\u00f3n en 120 a\u00f1os. La desaceleraci\u00f3n en la regi\u00f3n comenz\u00f3 en el segundo semestre de 2022, que cerr\u00f3 con un crecimiento estimado del 3,7 %, seg\u00fan la Cepal, que a\u00fan no ha entregado la cifra final. https:\/\/www.primicias.ec\/noticias\/economia\/ecuador-crecemiento-economico-proyeccion-cepal\/<\/p>\n","protected":false},"author":1,"featured_media":261668,"comment_status":"closed","ping_status":"closed","sticky":false,"template":"","format":"standard","meta":[],"categories":[43,24],"tags":[],"_links":{"self":[{"href":"https:\/\/www.ecuadortimes.net\/es\/wp-json\/wp\/v2\/posts\/261667"}],"collection":[{"href":"https:\/\/www.ecuadortimes.net\/es\/wp-json\/wp\/v2\/posts"}],"about":[{"href":"https:\/\/www.ecuadortimes.net\/es\/wp-json\/wp\/v2\/types\/post"}],"author":[{"embeddable":true,"href":"https:\/\/www.ecuadortimes.net\/es\/wp-json\/wp\/v2\/users\/1"}],"replies":[{"embeddable":true,"href":"https:\/\/www.ecuadortimes.net\/es\/wp-json\/wp\/v2\/comments?post=261667"}],"version-history":[{"count":1,"href":"https:\/\/www.ecuadortimes.net\/es\/wp-json\/wp\/v2\/posts\/261667\/revisions"}],"predecessor-version":[{"id":261669,"href":"https:\/\/www.ecuadortimes.net\/es\/wp-json\/wp\/v2\/posts\/261667\/revisions\/261669"}],"wp:featuredmedia":[{"embeddable":true,"href":"https:\/\/www.ecuadortimes.net\/es\/wp-json\/wp\/v2\/media\/261668"}],"wp:attachment":[{"href":"https:\/\/www.ecuadortimes.net\/es\/wp-json\/wp\/v2\/media?parent=261667"}],"wp:term":[{"taxonomy":"category","embeddable":true,"href":"https:\/\/www.ecuadortimes.net\/es\/wp-json\/wp\/v2\/categories?post=261667"},{"taxonomy":"post_tag","embeddable":true,"href":"https:\/\/www.ecuadortimes.net\/es\/wp-json\/wp\/v2\/tags?post=261667"}],"curies":[{"name":"wp","href":"https:\/\/api.w.org\/{rel}","templated":true}]}}