{"id":261676,"date":"2023-04-25T02:14:05","date_gmt":"2023-04-25T02:14:05","guid":{"rendered":"https:\/\/www.ecuadortimes.net\/es\/?p=261676"},"modified":"2023-04-25T02:14:05","modified_gmt":"2023-04-25T02:14:05","slug":"dos-ecuatorianas-brillan-por-su-impacto-positivo-en-la-tecnologia","status":"publish","type":"post","link":"https:\/\/www.ecuadortimes.net\/es\/dos-ecuatorianas-brillan-por-su-impacto-positivo-en-la-tecnologia\/","title":{"rendered":"Dos ecuatorianas brillan por su impacto positivo en la tecnolog\u00eda"},"content":{"rendered":"<div id=\"entry-content-inarticle\" class=\"entry-content\">\n<h3 class=\"noticia__entradilla\">Los premios \u2018Women that Build Awards\u2019 reconocieron a Janeth Bonilla y a Ana Gabriela Valdiviezo, por sus esfuerzos para empoderar tecnol\u00f3gicamente a m\u00e1s ni\u00f1as y mujeres en el pa\u00eds.<\/h3>\n<div id=\"attachment_261677\" style=\"width: 1034px\" class=\"wp-caption alignnone\"><img aria-describedby=\"caption-attachment-261677\" loading=\"lazy\" class=\"size-full wp-image-261677\" src=\"https:\/\/www.ecuadortimes.net\/es\/wp-content\/uploads\/2023\/04\/ecuador-times-ecuador-news-two-ecuadorians-shine-for-their-positive-impact-on-technology.jpg\" alt=\"\" width=\"1024\" height=\"574\" \/><p id=\"caption-attachment-261677\" class=\"wp-caption-text\">Las dos ecuatorianas ganadores del premio de Globant, Ana Valdiviezo y Janeth Bonilla.<\/p><\/div>\n<p class=\"selectionShareable\">Varios estudios publicados se\u00f1alan que las <strong>mujeres est\u00e1n \u2018subrepresentadas\u2019<\/strong> en las llamadas carreras STEM, pero dos ecuatorianas prueban lo contrario.<\/p>\n<p class=\"selectionShareable\">Las profesiones STEM se refieren a conocimientos de ciencia, tecnolog\u00eda, ingenier\u00eda y matem\u00e1ticas.<\/p>\n<p class=\"selectionShareable\">Y en abril, dos profesionales lograron que Ecuador sea el \u00fanico pa\u00eds ganador de dos premios en el evento<strong> \u2018Women that Build Awards\u2019.<\/strong><\/p>\n<p class=\"selectionShareable\">Se trata de las ecuatorianas <strong>Janeth Bonilla<\/strong>, cofundadora del <a href=\"https:\/\/kisth.org\/\" target=\"_blank\" rel=\"noreferrer noopener\">Instituto Kichwa<\/a> de Tecnolog\u00eda; y <strong>Ana Gabriela Valdiviezo<\/strong>, creadora del Foro Nacional de Ni\u00f1as y Mujeres TIC en el pa\u00eds.<\/p>\n<p class=\"selectionShareable\">Estos premios, organizados por la <a href=\"https:\/\/twitter.com\/Globant\" target=\"_blank\" rel=\"noreferrer noopener\">empresa Globant<\/a>, reconocen el desarrollo y la visibilidad de mujeres en la ciencia y la tecnolog\u00eda.<\/p>\n<p class=\"selectionShareable\">\u201cEstamos en una industria que genera un impacto significativo, y por eso necesitamos trabajar en hacerla m\u00e1s diversa e inclusiva\u201d, reconoci\u00f3 la jefa de operaciones de Globant, Patricia Pomies.<\/p>\n<p class=\"selectionShareable\">En 2023, los premios tuvieron m\u00e1s de <strong>1.800 nominaciones, 1.100 candidatas<\/strong>, 110.000 votos y 70 jueces internacionales.<\/p>\n<p class=\"selectionShareable\">PRIMICIAS dialog\u00f3 con las dos ecuatorianas ganadoras, y estas son sus historias de lucha y dedicaci\u00f3n.<\/p>\n<h2><strong>Janeth Bonilla<\/strong><\/h2>\n<p class=\"selectionShareable\">Nacida en la <strong>comunidad de Ashambuela<\/strong> (Cotacachi-Imbabura) hace 28 a\u00f1os, Bonilla aprendi\u00f3 desde ni\u00f1a lo importante que es romper estereotipos de g\u00e9nero.<\/p>\n<p class=\"selectionShareable\">Esto la llev\u00f3 a graduarse en <strong>Ingenier\u00eda Agropecuaria en 2020<\/strong>, una rama quiz\u00e1s destinada err\u00f3neamente solo a los hombres.<\/p>\n<p class=\"selectionShareable\">\u201cMe top\u00e9 con casos en lo que <strong>me preguntaban si pod\u00eda cargar peso<\/strong>, si ser\u00eda buena cambiando cables de luz, o instalando sistemas de riego, cosas que no ten\u00edan que ver con el perfil profesional\u201d, cuenta la joven.<\/p>\n<p class=\"selectionShareable\">Comenta que uno de sus grandes desaf\u00edos ha sido que agricultores varones logren confiar en su capacidad como ingeniera.<\/p>\n<p class=\"selectionShareable\">Su amor por el campo proviene de sus padres y de su cercan\u00eda con plantaciones y cultivos en su comunidad kichwa.<\/p>\n<p class=\"selectionShareable\">\u201cEstoy m\u00e1s que agradecida con mis padres porque fueron mentores, gu\u00edas y son quienes nos dicen, aunque hoy no fue un buen d\u00eda, ma\u00f1ana ser\u00e1 mejor\u201d, expresa Bonilla.<\/p>\n<p class=\"selectionShareable\">Bonilla logr\u00f3 el <strong>galard\u00f3n en la categor\u00eda Rising Star,<\/strong> debido a su trabajo como cofundadora y vicepresidenta del Instituto de Ciencia y Tecnolog\u00eda Kichwa.<\/p>\n<p class=\"selectionShareable\">Esta \u00faltima es una red de profesionales de diferentes culturas y nacionalidades ecuatorianas, enfocadas en resolver problemas de las comunidades rurales.<\/p>\n<p class=\"selectionShareable\">Desde la organizaci\u00f3n promueve que m\u00e1s mujeres y hombres ind\u00edgenas se <strong>interesen por las carreras STEM<\/strong>, como una forma de complementar sus saberes ancestrales en los campos agr\u00edcolas.<\/p>\n<figure class=\"wp-block-embed is-type-rich is-provider-twitter wp-block-embed-twitter\">\n<div class=\"wp-block-embed__wrapper\">\n<div class=\"twitter-tweet twitter-tweet-rendered\" style=\"display: flex; max-width: 500px; width: 100%; margin-top: 10px; margin-bottom: 10px;\"><iframe id=\"twitter-widget-0\" class=\"\" style=\"position: static; visibility: visible; width: 500px; height: 620px; display: block; flex-grow: 1;\" title=\"Twitter Tweet\" src=\"https:\/\/platform.twitter.com\/embed\/Tweet.html?dnt=true&amp;embedId=twitter-widget-0&amp;features=eyJ0ZndfdGltZWxpbmVfbGlzdCI6eyJidWNrZXQiOltdLCJ2ZXJzaW9uIjpudWxsfSwidGZ3X2ZvbGxvd2VyX2NvdW50X3N1bnNldCI6eyJidWNrZXQiOnRydWUsInZlcnNpb24iOm51bGx9LCJ0ZndfdHdlZXRfZWRpdF9iYWNrZW5kIjp7ImJ1Y2tldCI6Im9uIiwidmVyc2lvbiI6bnVsbH0sInRmd19yZWZzcmNfc2Vzc2lvbiI6eyJidWNrZXQiOiJvbiIsInZlcnNpb24iOm51bGx9LCJ0ZndfbWl4ZWRfbWVkaWFfMTU4OTciOnsiYnVja2V0IjoidHJlYXRtZW50IiwidmVyc2lvbiI6bnVsbH0sInRmd19leHBlcmltZW50c19jb29raWVfZXhwaXJhdGlvbiI6eyJidWNrZXQiOjEyMDk2MDAsInZlcnNpb24iOm51bGx9LCJ0ZndfZHVwbGljYXRlX3NjcmliZXNfdG9fc2V0dGluZ3MiOnsiYnVja2V0Ijoib24iLCJ2ZXJzaW9uIjpudWxsfSwidGZ3X3ZpZGVvX2hsc19keW5hbWljX21hbmlmZXN0c18xNTA4MiI6eyJidWNrZXQiOiJ0cnVlX2JpdHJhdGUiLCJ2ZXJzaW9uIjpudWxsfSwidGZ3X2xlZ2FjeV90aW1lbGluZV9zdW5zZXQiOnsiYnVja2V0Ijp0cnVlLCJ2ZXJzaW9uIjpudWxsfSwidGZ3X3R3ZWV0X2VkaXRfZnJvbnRlbmQiOnsiYnVja2V0Ijoib24iLCJ2ZXJzaW9uIjpudWxsfX0%3D&amp;frame=false&amp;hideCard=false&amp;hideThread=false&amp;id=1648296077257326592&amp;lang=es&amp;origin=https%3A%2F%2Fwww.primicias.ec%2Fnoticias%2Ftecnologia%2Fecuatorianas-ganadoras-impacto-tecnologia%2F&amp;sessionId=5674ccedce951fa8f04a2da3eeaa3aa7eb19f236&amp;siteScreenName=primicias&amp;theme=light&amp;widgetsVersion=aaf4084522e3a%3A1674595607486&amp;width=500px\" frameborder=\"0\" scrolling=\"no\" allowfullscreen=\"allowfullscreen\" data-tweet-id=\"1648296077257326592\"><\/iframe><\/div>\n<p><script data-minify=\"1\" async=\"\" charset=\"utf-8\" src=\"https:\/\/www.primicias.ec\/wp-content\/cache\/min\/1\/widgets.js?ver=1682112461\" data-rocket-status=\"executed\"><\/script><\/p>\n<\/div>\n<\/figure>\n<p class=\"selectionShareable\">Entre los proyectos que la joven ha impulsado est\u00e1n becas y talleres para ni\u00f1os en comunidades rurales sobre conocimientos STEM.<\/p>\n<p class=\"selectionShareable\">\u201cEn Runa Space llevamos el <strong>conocimiento de la astrof\u00edsica<\/strong> a las comunidades rurales\u201d, agrega la profesional.<\/p>\n<p class=\"selectionShareable\">Adem\u00e1s, con la organizaci\u00f3n elaboraron un proyecto de cohete espacial que particip\u00f3 en el Deep Space Challenge de la NASA.<\/p>\n<p class=\"selectionShareable\">Y la ambici\u00f3n de Bonilla es incluso <strong>desarrollar cultivos de microvegetales <\/strong>para la exploraci\u00f3n espacial.<\/p>\n<p class=\"selectionShareable\">En 2022, fue invitada por la red de j\u00f3venes l\u00edderes One Young World, para ser una de las embajadoras del encuentro en Manchester (Reino Unido).<\/p>\n<h2><strong>Ana Gabriela Valdiviezo\u00a0<\/strong><\/h2>\n<p class=\"selectionShareable\">Con <strong>19 a\u00f1os de experiencia<\/strong>, Ana Gabriel Valdiviezo conoce de cerca cu\u00e1n importante es que las ni\u00f1as se involucren a temprana edad en la tecnolog\u00eda.<\/p>\n<p class=\"selectionShareable\">Es <strong>ingeniera en Electr\u00f3nica y m\u00e1ster en Big Data<\/strong>, tambi\u00e9n ha sido consultora para programas que erradican la brecha digital de g\u00e9nero.<\/p>\n<p class=\"selectionShareable\">Debido a su trabajo en favor de la democratizaci\u00f3n de la tecnolog\u00eda, Valdiviezo gan\u00f3 el premio de Globant en la <strong>categor\u00eda de \u2018Digital Leader\u2019.\u00a0<\/strong><\/p>\n<figure class=\"wp-block-embed is-type-rich is-provider-twitter wp-block-embed-twitter\">\n<div class=\"wp-block-embed__wrapper\">\n<div class=\"twitter-tweet twitter-tweet-rendered\" style=\"display: flex; max-width: 500px; width: 100%; margin-top: 10px; margin-bottom: 10px;\"><iframe id=\"twitter-widget-1\" class=\"\" style=\"position: static; visibility: visible; width: 500px; height: 875px; display: block; flex-grow: 1;\" title=\"Twitter Tweet\" src=\"https:\/\/platform.twitter.com\/embed\/Tweet.html?dnt=true&amp;embedId=twitter-widget-1&amp;features=eyJ0ZndfdGltZWxpbmVfbGlzdCI6eyJidWNrZXQiOltdLCJ2ZXJzaW9uIjpudWxsfSwidGZ3X2ZvbGxvd2VyX2NvdW50X3N1bnNldCI6eyJidWNrZXQiOnRydWUsInZlcnNpb24iOm51bGx9LCJ0ZndfdHdlZXRfZWRpdF9iYWNrZW5kIjp7ImJ1Y2tldCI6Im9uIiwidmVyc2lvbiI6bnVsbH0sInRmd19yZWZzcmNfc2Vzc2lvbiI6eyJidWNrZXQiOiJvbiIsInZlcnNpb24iOm51bGx9LCJ0ZndfbWl4ZWRfbWVkaWFfMTU4OTciOnsiYnVja2V0IjoidHJlYXRtZW50IiwidmVyc2lvbiI6bnVsbH0sInRmd19leHBlcmltZW50c19jb29raWVfZXhwaXJhdGlvbiI6eyJidWNrZXQiOjEyMDk2MDAsInZlcnNpb24iOm51bGx9LCJ0ZndfZHVwbGljYXRlX3NjcmliZXNfdG9fc2V0dGluZ3MiOnsiYnVja2V0Ijoib24iLCJ2ZXJzaW9uIjpudWxsfSwidGZ3X3ZpZGVvX2hsc19keW5hbWljX21hbmlmZXN0c18xNTA4MiI6eyJidWNrZXQiOiJ0cnVlX2JpdHJhdGUiLCJ2ZXJzaW9uIjpudWxsfSwidGZ3X2xlZ2FjeV90aW1lbGluZV9zdW5zZXQiOnsiYnVja2V0Ijp0cnVlLCJ2ZXJzaW9uIjpudWxsfSwidGZ3X3R3ZWV0X2VkaXRfZnJvbnRlbmQiOnsiYnVja2V0Ijoib24iLCJ2ZXJzaW9uIjpudWxsfX0%3D&amp;frame=false&amp;hideCard=false&amp;hideThread=false&amp;id=1649216402228666369&amp;lang=es&amp;origin=https%3A%2F%2Fwww.primicias.ec%2Fnoticias%2Ftecnologia%2Fecuatorianas-ganadoras-impacto-tecnologia%2F&amp;sessionId=5674ccedce951fa8f04a2da3eeaa3aa7eb19f236&amp;siteScreenName=primicias&amp;theme=light&amp;widgetsVersion=aaf4084522e3a%3A1674595607486&amp;width=500px\" frameborder=\"0\" scrolling=\"no\" allowfullscreen=\"allowfullscreen\" data-tweet-id=\"1649216402228666369\"><\/iframe><\/div>\n<p><script data-minify=\"1\" async=\"\" charset=\"utf-8\" src=\"https:\/\/www.primicias.ec\/wp-content\/cache\/min\/1\/widgets.js?ver=1682112461\" data-rocket-status=\"executed\"><\/script><\/p>\n<\/div>\n<\/figure>\n<p class=\"selectionShareable\">La profesional ecuatoriana tuvo su paso por el Ministerio de Telecomunicaciones, donde logr\u00f3 impulsar varios proyectos para <strong>conectar a mujeres de zonas vulnerables<\/strong> y capacitar incluso a privadas de libertad.<\/p>\n<p class=\"selectionShareable\">\u201cTrabajamos en una pol\u00edtica p\u00fablica de asequibilidad de la tecnolog\u00eda, para que mujeres vulnerables puedan <strong>acceder a la tarifa social\u201d,<\/strong> de conexi\u00f3n a Internet, explica Valdiviezo.<\/p>\n<p class=\"selectionShareable\">Mientras que en el sector privado, la ingeniera Valdiviezo ha promovido innumerables campa\u00f1as para <strong>empoderar a ni\u00f1as y mujeres en las carreras STEM. <\/strong><\/p>\n<p class=\"selectionShareable\">Uno de estos proyectos es el <a href=\"https:\/\/openlab.ec\/ninastic2023#no-back\" target=\"_blank\" rel=\"noreferrer noopener\">Foro Nacional de Ni\u00f1as y Mujeres TIC<\/a>, que ya cumple cuatro a\u00f1os. \u201cSe trata de un intercambio de experiencias, donde visibilizamos a aquellas mujeres que est\u00e1n apostando por conocimiento y talento\u201d, dice Valdiviezo.<\/p>\n<p class=\"selectionShareable\">Adem\u00e1s, esta ingeniera se define a s\u00ed mismo como una <strong>\u2018Steminista\u2019,<\/strong> un t\u00e9rmino dedicado a quienes luchan por romper ese mito de que las profesiones tecnol\u00f3gicas son solo para hombres.<\/p>\n<p class=\"selectionShareable\">Por ello, tambi\u00e9n fund\u00f3 el programa \u2018Steministas\u2019, donde dos ni\u00f1as entrevistan a mujeres cient\u00edficas, astronautas o dise\u00f1adoras de software.<\/p>\n<\/div>\n<p><a href=\"https:\/\/www.primicias.ec\/noticias\/tecnologia\/ecuatorianas-ganadoras-impacto-tecnologia\/\">https:\/\/www.primicias.ec\/noticias\/tecnologia\/ecuatorianas-ganadoras-impacto-tecnologia\/<\/a><\/p>\n","protected":false},"excerpt":{"rendered":"<p>Los premios \u2018Women that Build Awards\u2019 reconocieron a Janeth Bonilla y a Ana Gabriela Valdiviezo, por sus esfuerzos para empoderar tecnol\u00f3gicamente a m\u00e1s ni\u00f1as y mujeres en el pa\u00eds. Varios estudios publicados se\u00f1alan que las mujeres est\u00e1n \u2018subrepresentadas\u2019 en las llamadas carreras STEM, pero dos ecuatorianas prueban lo contrario. Las profesiones STEM se refieren a conocimientos de ciencia, tecnolog\u00eda, ingenier\u00eda y matem\u00e1ticas. Y en abril, dos profesionales lograron que Ecuador sea el \u00fanico pa\u00eds ganador de dos premios en el evento \u2018Women that Build Awards\u2019. Se trata de las ecuatorianas Janeth Bonilla, cofundadora del Instituto Kichwa de Tecnolog\u00eda; y Ana Gabriela Valdiviezo, creadora del Foro Nacional de Ni\u00f1as y Mujeres TIC en el pa\u00eds. Estos premios, organizados por la empresa Globant, reconocen el desarrollo y la visibilidad de mujeres en la ciencia y la tecnolog\u00eda. \u201cEstamos en una industria que genera un impacto significativo, y por eso necesitamos trabajar en hacerla m\u00e1s diversa e inclusiva\u201d, reconoci\u00f3 la jefa de operaciones de Globant, Patricia Pomies. En 2023, los premios tuvieron m\u00e1s de 1.800 nominaciones, 1.100 candidatas, 110.000 votos y 70 jueces internacionales. PRIMICIAS dialog\u00f3 con las dos ecuatorianas ganadoras, y estas son sus historias de lucha y dedicaci\u00f3n. Janeth Bonilla Nacida en la comunidad de Ashambuela (Cotacachi-Imbabura) hace 28 a\u00f1os, Bonilla aprendi\u00f3 desde ni\u00f1a lo importante que es romper estereotipos de g\u00e9nero. Esto la llev\u00f3 a graduarse en Ingenier\u00eda Agropecuaria en 2020, una rama quiz\u00e1s destinada err\u00f3neamente solo a los hombres. \u201cMe top\u00e9 con casos en lo que me preguntaban si pod\u00eda cargar peso, si ser\u00eda buena cambiando cables de luz, o instalando sistemas de riego, cosas que no ten\u00edan que ver con el perfil profesional\u201d, cuenta la joven. Comenta que uno de sus grandes desaf\u00edos ha sido que agricultores varones logren confiar en su capacidad como ingeniera. Su amor por el campo proviene de sus padres y de su cercan\u00eda con plantaciones y cultivos en su comunidad kichwa. \u201cEstoy m\u00e1s que agradecida con mis padres porque fueron mentores, gu\u00edas y son quienes nos dicen, aunque hoy no fue un buen d\u00eda, ma\u00f1ana ser\u00e1 mejor\u201d, expresa Bonilla. Bonilla logr\u00f3 el galard\u00f3n en la categor\u00eda Rising Star, debido a su trabajo como cofundadora y vicepresidenta del Instituto de Ciencia y Tecnolog\u00eda Kichwa. Esta \u00faltima es una red de profesionales de diferentes culturas y nacionalidades ecuatorianas, enfocadas en resolver problemas de las comunidades rurales. Desde la organizaci\u00f3n promueve que m\u00e1s mujeres y hombres ind\u00edgenas se interesen por las carreras STEM, como una forma de complementar sus saberes ancestrales en los campos agr\u00edcolas. Entre los proyectos que la joven ha impulsado est\u00e1n becas y talleres para ni\u00f1os en comunidades rurales sobre conocimientos STEM. \u201cEn Runa Space llevamos el conocimiento de la astrof\u00edsica a las comunidades rurales\u201d, agrega la profesional. Adem\u00e1s, con la organizaci\u00f3n elaboraron un proyecto de cohete espacial que particip\u00f3 en el Deep Space Challenge de la NASA. Y la ambici\u00f3n de Bonilla es incluso desarrollar cultivos de microvegetales para la exploraci\u00f3n espacial. En 2022, fue invitada por la red de j\u00f3venes l\u00edderes One Young World, para ser una de las embajadoras del encuentro en Manchester (Reino Unido). Ana Gabriela Valdiviezo\u00a0 Con 19 a\u00f1os de experiencia, Ana Gabriel Valdiviezo conoce de cerca cu\u00e1n importante es que las ni\u00f1as se involucren a temprana edad en la tecnolog\u00eda. Es ingeniera en Electr\u00f3nica y m\u00e1ster en Big Data, tambi\u00e9n ha sido consultora para programas que erradican la brecha digital de g\u00e9nero. Debido a su trabajo en favor de la democratizaci\u00f3n de la tecnolog\u00eda, Valdiviezo gan\u00f3 el premio de Globant en la categor\u00eda de \u2018Digital Leader\u2019.\u00a0 La profesional ecuatoriana tuvo su paso por el Ministerio de Telecomunicaciones, donde logr\u00f3 impulsar varios proyectos para conectar a mujeres de zonas vulnerables y capacitar incluso a privadas de libertad. \u201cTrabajamos en una pol\u00edtica p\u00fablica de asequibilidad de la tecnolog\u00eda, para que mujeres vulnerables puedan acceder a la tarifa social\u201d, de conexi\u00f3n a Internet, explica Valdiviezo. Mientras que en el sector privado, la ingeniera Valdiviezo ha promovido innumerables campa\u00f1as para empoderar a ni\u00f1as y mujeres en las carreras STEM. Uno de estos proyectos es el Foro Nacional de Ni\u00f1as y Mujeres TIC, que ya cumple cuatro a\u00f1os. \u201cSe trata de un intercambio de experiencias, donde visibilizamos a aquellas mujeres que est\u00e1n apostando por conocimiento y talento\u201d, dice Valdiviezo. Adem\u00e1s, esta ingeniera se define a s\u00ed mismo como una \u2018Steminista\u2019, un t\u00e9rmino dedicado a quienes luchan por romper ese mito de que las profesiones tecnol\u00f3gicas son solo para hombres. Por ello, tambi\u00e9n fund\u00f3 el programa \u2018Steministas\u2019, donde dos ni\u00f1as entrevistan a mujeres cient\u00edficas, astronautas o dise\u00f1adoras de software. https:\/\/www.primicias.ec\/noticias\/tecnologia\/ecuatorianas-ganadoras-impacto-tecnologia\/<\/p>\n","protected":false},"author":1,"featured_media":261677,"comment_status":"closed","ping_status":"closed","sticky":false,"template":"","format":"standard","meta":[],"categories":[35,23],"tags":[],"_links":{"self":[{"href":"https:\/\/www.ecuadortimes.net\/es\/wp-json\/wp\/v2\/posts\/261676"}],"collection":[{"href":"https:\/\/www.ecuadortimes.net\/es\/wp-json\/wp\/v2\/posts"}],"about":[{"href":"https:\/\/www.ecuadortimes.net\/es\/wp-json\/wp\/v2\/types\/post"}],"author":[{"embeddable":true,"href":"https:\/\/www.ecuadortimes.net\/es\/wp-json\/wp\/v2\/users\/1"}],"replies":[{"embeddable":true,"href":"https:\/\/www.ecuadortimes.net\/es\/wp-json\/wp\/v2\/comments?post=261676"}],"version-history":[{"count":1,"href":"https:\/\/www.ecuadortimes.net\/es\/wp-json\/wp\/v2\/posts\/261676\/revisions"}],"predecessor-version":[{"id":261678,"href":"https:\/\/www.ecuadortimes.net\/es\/wp-json\/wp\/v2\/posts\/261676\/revisions\/261678"}],"wp:featuredmedia":[{"embeddable":true,"href":"https:\/\/www.ecuadortimes.net\/es\/wp-json\/wp\/v2\/media\/261677"}],"wp:attachment":[{"href":"https:\/\/www.ecuadortimes.net\/es\/wp-json\/wp\/v2\/media?parent=261676"}],"wp:term":[{"taxonomy":"category","embeddable":true,"href":"https:\/\/www.ecuadortimes.net\/es\/wp-json\/wp\/v2\/categories?post=261676"},{"taxonomy":"post_tag","embeddable":true,"href":"https:\/\/www.ecuadortimes.net\/es\/wp-json\/wp\/v2\/tags?post=261676"}],"curies":[{"name":"wp","href":"https:\/\/api.w.org\/{rel}","templated":true}]}}