{"id":261686,"date":"2023-04-27T00:37:31","date_gmt":"2023-04-27T00:37:31","guid":{"rendered":"https:\/\/www.ecuadortimes.net\/es\/?p=261686"},"modified":"2023-04-27T00:37:31","modified_gmt":"2023-04-27T00:37:31","slug":"estados-unidos-alerta-sobre-aumento-de-migrantes-ecuatorianos","status":"publish","type":"post","link":"https:\/\/www.ecuadortimes.net\/es\/estados-unidos-alerta-sobre-aumento-de-migrantes-ecuatorianos\/","title":{"rendered":"Estados Unidos alerta sobre aumento de migrantes ecuatorianos"},"content":{"rendered":"<div id=\"entry-content-inarticle\" class=\"entry-content\">\n<h3 class=\"noticia__entradilla\">El secretario de Seguridad Nacional de los Estados Unidos, Alejandro Mayorkas, mostr\u00f3 su preocupaci\u00f3n por el incremento de migrantes ecuatorianos.<\/h3>\n<div id=\"attachment_261687\" style=\"width: 1034px\" class=\"wp-caption alignnone\"><img aria-describedby=\"caption-attachment-261687\" loading=\"lazy\" class=\"size-full wp-image-261687\" src=\"https:\/\/www.ecuadortimes.net\/es\/wp-content\/uploads\/2023\/04\/ecuador-times-ecuador-news-the-united-states-warns-about-the-increase-in-ecuadorian-migrants.jpg\" alt=\"\" width=\"1024\" height=\"574\" \/><p id=\"caption-attachment-261687\" class=\"wp-caption-text\">Migrantes latinoamericanos esperan afuera de un paso en M\u00e9xico, ante el rumor de que Estados Unidos abrir\u00e1 la frontera, el 10 de abril de 2023.<\/p><\/div>\n<p class=\"selectionShareable\">A trav\u00e9s de un mensaje en la cuenta de Twitter de la Embajada estadounidense en Ecuador, el secretario de Seguridad Nacional de los Estados Unidos, Alejandro Mayorkas, asegur\u00f3 que se evidencia un <strong>aumento de la migraci\u00f3n ecuatoriana <\/strong>a su pa\u00eds.<\/p>\n<p class=\"selectionShareable\">Si bien no dio cifras exactas, Mayorkas, se\u00f1al\u00f3 que muchos de los ecuatorianos que emigran <strong>est\u00e1n siendo deportados<\/strong>, una vez que cruzan la frontera.<\/p>\n<p class=\"selectionShareable\">\u201cEs muy triste cuando la gente arriesga su vida y viaja grandes distancias, solo para darse cuenta de que no califican\u201d, dijo el <a href=\"https:\/\/twitter.com\/SecMayorkas\" target=\"_blank\" rel=\"noreferrer noopener\">funcionario estadounidense.<\/a><\/p>\n<figure class=\"wp-block-embed is-type-rich is-provider-twitter wp-block-embed-twitter\">\n<div class=\"wp-block-embed__wrapper\">\n<div class=\"twitter-tweet twitter-tweet-rendered\" style=\"display: flex; max-width: 500px; width: 100%; margin-top: 10px; margin-bottom: 10px;\"><iframe id=\"twitter-widget-0\" class=\"\" style=\"position: static; visibility: visible; width: 500px; height: 621px; display: block; flex-grow: 1;\" title=\"Twitter Tweet\" src=\"https:\/\/platform.twitter.com\/embed\/Tweet.html?dnt=true&amp;embedId=twitter-widget-0&amp;features=eyJ0ZndfdGltZWxpbmVfbGlzdCI6eyJidWNrZXQiOltdLCJ2ZXJzaW9uIjpudWxsfSwidGZ3X2ZvbGxvd2VyX2NvdW50X3N1bnNldCI6eyJidWNrZXQiOnRydWUsInZlcnNpb24iOm51bGx9LCJ0ZndfdHdlZXRfZWRpdF9iYWNrZW5kIjp7ImJ1Y2tldCI6Im9uIiwidmVyc2lvbiI6bnVsbH0sInRmd19yZWZzcmNfc2Vzc2lvbiI6eyJidWNrZXQiOiJvbiIsInZlcnNpb24iOm51bGx9LCJ0ZndfbWl4ZWRfbWVkaWFfMTU4OTciOnsiYnVja2V0IjoidHJlYXRtZW50IiwidmVyc2lvbiI6bnVsbH0sInRmd19leHBlcmltZW50c19jb29raWVfZXhwaXJhdGlvbiI6eyJidWNrZXQiOjEyMDk2MDAsInZlcnNpb24iOm51bGx9LCJ0ZndfZHVwbGljYXRlX3NjcmliZXNfdG9fc2V0dGluZ3MiOnsiYnVja2V0Ijoib24iLCJ2ZXJzaW9uIjpudWxsfSwidGZ3X3ZpZGVvX2hsc19keW5hbWljX21hbmlmZXN0c18xNTA4MiI6eyJidWNrZXQiOiJ0cnVlX2JpdHJhdGUiLCJ2ZXJzaW9uIjpudWxsfSwidGZ3X2xlZ2FjeV90aW1lbGluZV9zdW5zZXQiOnsiYnVja2V0Ijp0cnVlLCJ2ZXJzaW9uIjpudWxsfSwidGZ3X3R3ZWV0X2VkaXRfZnJvbnRlbmQiOnsiYnVja2V0Ijoib24iLCJ2ZXJzaW9uIjpudWxsfX0%3D&amp;frame=false&amp;hideCard=false&amp;hideThread=false&amp;id=1650979455169445890&amp;lang=es&amp;origin=https%3A%2F%2Fwww.primicias.ec%2Fnoticias%2Fsociedad%2Festados-unidos-aumento-migracion-ecuador%2F&amp;sessionId=ac2d7761b1b015fa243851b8ddc71267b7f99933&amp;siteScreenName=primicias&amp;theme=light&amp;widgetsVersion=aaf4084522e3a%3A1674595607486&amp;width=500px\" frameborder=\"0\" scrolling=\"no\" allowfullscreen=\"allowfullscreen\" data-tweet-id=\"1650979455169445890\"><\/iframe><\/div>\n<p><script data-minify=\"1\" async=\"\" charset=\"utf-8\" src=\"https:\/\/www.primicias.ec\/wp-content\/cache\/min\/1\/widgets.js?ver=1682547189\" data-rocket-status=\"executed\"><\/script><\/p>\n<\/div>\n<\/figure>\n<p class=\"selectionShareable\">Con su comentario, Mayorkas hace referencia a la nueva pol\u00edtica migratoria impuesta en Estados Unidos desde enero de 2023, y la cual no aplica para ecuatorianos.<\/p>\n<p class=\"selectionShareable\">Seg\u00fan la medida, la naci\u00f3n estadounidense puede acoger hasta 30.000 migrantes por mes de Venezuela, Cuba, Nicaragua y Hait\u00ed y solo por razones humanitarias.<\/p>\n<p class=\"selectionShareable\">M\u00e9xico tambi\u00e9n ha reportado un aumento de migrantes ecuatorianos en la frontera con Estados Unidos.<\/p>\n<p class=\"selectionShareable\">En enero de este 2023, se contabilizaron 5.808 capturas de compatriotas, un 2.260% m\u00e1s que en el mismo mes del a\u00f1o anterior.<\/p>\n<p class=\"selectionShareable\">Mientras que el a\u00f1o pasado, seg\u00fan datos de la patrulla fronteriza estadounidense, m\u00e1s de 10.527 ecuatorianos fueron detenidos en cruces irregulares.<\/p>\n<div class=\"noticia__single__enlaces\"><\/div>\n<\/div>\n<p><a href=\"https:\/\/www.primicias.ec\/noticias\/sociedad\/estados-unidos-aumento-migracion-ecuador\/\">https:\/\/www.primicias.ec\/noticias\/sociedad\/estados-unidos-aumento-migracion-ecuador\/<\/a><\/p>\n","protected":false},"excerpt":{"rendered":"<p>El secretario de Seguridad Nacional de los Estados Unidos, Alejandro Mayorkas, mostr\u00f3 su preocupaci\u00f3n por el incremento de migrantes ecuatorianos. A trav\u00e9s de un mensaje en la cuenta de Twitter de la Embajada estadounidense en Ecuador, el secretario de Seguridad Nacional de los Estados Unidos, Alejandro Mayorkas, asegur\u00f3 que se evidencia un aumento de la migraci\u00f3n ecuatoriana a su pa\u00eds. Si bien no dio cifras exactas, Mayorkas, se\u00f1al\u00f3 que muchos de los ecuatorianos que emigran est\u00e1n siendo deportados, una vez que cruzan la frontera. \u201cEs muy triste cuando la gente arriesga su vida y viaja grandes distancias, solo para darse cuenta de que no califican\u201d, dijo el funcionario estadounidense. Con su comentario, Mayorkas hace referencia a la nueva pol\u00edtica migratoria impuesta en Estados Unidos desde enero de 2023, y la cual no aplica para ecuatorianos. Seg\u00fan la medida, la naci\u00f3n estadounidense puede acoger hasta 30.000 migrantes por mes de Venezuela, Cuba, Nicaragua y Hait\u00ed y solo por razones humanitarias. M\u00e9xico tambi\u00e9n ha reportado un aumento de migrantes ecuatorianos en la frontera con Estados Unidos. En enero de este 2023, se contabilizaron 5.808 capturas de compatriotas, un 2.260% m\u00e1s que en el mismo mes del a\u00f1o anterior. Mientras que el a\u00f1o pasado, seg\u00fan datos de la patrulla fronteriza estadounidense, m\u00e1s de 10.527 ecuatorianos fueron detenidos en cruces irregulares. https:\/\/www.primicias.ec\/noticias\/sociedad\/estados-unidos-aumento-migracion-ecuador\/<\/p>\n","protected":false},"author":1,"featured_media":261687,"comment_status":"closed","ping_status":"closed","sticky":false,"template":"","format":"standard","meta":[],"categories":[35,23],"tags":[],"_links":{"self":[{"href":"https:\/\/www.ecuadortimes.net\/es\/wp-json\/wp\/v2\/posts\/261686"}],"collection":[{"href":"https:\/\/www.ecuadortimes.net\/es\/wp-json\/wp\/v2\/posts"}],"about":[{"href":"https:\/\/www.ecuadortimes.net\/es\/wp-json\/wp\/v2\/types\/post"}],"author":[{"embeddable":true,"href":"https:\/\/www.ecuadortimes.net\/es\/wp-json\/wp\/v2\/users\/1"}],"replies":[{"embeddable":true,"href":"https:\/\/www.ecuadortimes.net\/es\/wp-json\/wp\/v2\/comments?post=261686"}],"version-history":[{"count":1,"href":"https:\/\/www.ecuadortimes.net\/es\/wp-json\/wp\/v2\/posts\/261686\/revisions"}],"predecessor-version":[{"id":261688,"href":"https:\/\/www.ecuadortimes.net\/es\/wp-json\/wp\/v2\/posts\/261686\/revisions\/261688"}],"wp:featuredmedia":[{"embeddable":true,"href":"https:\/\/www.ecuadortimes.net\/es\/wp-json\/wp\/v2\/media\/261687"}],"wp:attachment":[{"href":"https:\/\/www.ecuadortimes.net\/es\/wp-json\/wp\/v2\/media?parent=261686"}],"wp:term":[{"taxonomy":"category","embeddable":true,"href":"https:\/\/www.ecuadortimes.net\/es\/wp-json\/wp\/v2\/categories?post=261686"},{"taxonomy":"post_tag","embeddable":true,"href":"https:\/\/www.ecuadortimes.net\/es\/wp-json\/wp\/v2\/tags?post=261686"}],"curies":[{"name":"wp","href":"https:\/\/api.w.org\/{rel}","templated":true}]}}