{"id":261695,"date":"2023-04-27T23:16:11","date_gmt":"2023-04-27T23:16:11","guid":{"rendered":"https:\/\/www.ecuadortimes.net\/es\/?p=261695"},"modified":"2023-04-27T23:16:11","modified_gmt":"2023-04-27T23:16:11","slug":"1061-emergencias-atendidas-en-ecuador-por-deslaves-e-inundaciones","status":"publish","type":"post","link":"https:\/\/www.ecuadortimes.net\/es\/1061-emergencias-atendidas-en-ecuador-por-deslaves-e-inundaciones\/","title":{"rendered":"1.061 emergencias atendidas en Ecuador por deslaves e inundaciones"},"content":{"rendered":"<div id=\"entry-content-inarticle\" class=\"entry-content\">\n<h3 class=\"noticia__entradilla\">Adem\u00e1s de las inundaciones, las fuertes lluvias tambi\u00e9n han ocasionado 359 derrumbes en las principales v\u00edas del pa\u00eds, reconoci\u00f3 el Ministerio de Transporte.<\/h3>\n<div id=\"attachment_261696\" style=\"width: 1034px\" class=\"wp-caption alignnone\"><img aria-describedby=\"caption-attachment-261696\" loading=\"lazy\" class=\"size-full wp-image-261696\" src=\"https:\/\/www.ecuadortimes.net\/es\/wp-content\/uploads\/2023\/04\/ecuador-times-ecuador-news-1061-emergencies-attended-in-ecuador-due-to-landslides-and-floods.jpeg\" alt=\"\" width=\"1024\" height=\"574\" \/><p id=\"caption-attachment-261696\" class=\"wp-caption-text\">Efectos del invierno en varias ciudades de Ecuador. 27 de abril de 2023.<\/p><\/div>\n<p class=\"selectionShareable\">La <strong>\u00e9poca invernal en Ecuador ha causado 1.061 emergencias<\/strong>, seg\u00fan el ECU-911. Ese n\u00famero corresponde a las alertas que ingresaron a trav\u00e9s de la l\u00ednea \u00fanica 911 o que fueron reportadas por el sistema de videovigilancia.<\/p>\n<p class=\"selectionShareable\">Las emergencias han sido:<\/p>\n<ul>\n<li>Inundaciones (por acumulaci\u00f3n de agua, lluvias, desborde de r\u00edos): 791 (75%)<\/li>\n<\/ul>\n<ul>\n<li>Derrumbes, deslizamientos, deslaves: 241 (22%)<\/li>\n<\/ul>\n<ul>\n<li>Apoyo inundaciones y deslizamientos: 29 (3%)<\/li>\n<\/ul>\n<div class=\"noticia__media fotos__slider\">\n<div class=\"imagen\">\n<div class=\"item\">Seg\u00fan el comunicado del ECU: en enero se reportaron 151 eventos, en febrero hubo 180, marzo registr\u00f3 398 alertas y, en lo que va de<strong> abril, estas emergencias por invierno suman ya 332.<\/strong><\/div>\n<\/div>\n<\/div>\n<h2><strong>\u201cV\u00edas no estaban preparadas\u201d\u00a0<\/strong><\/h2>\n<p class=\"selectionShareable\">Las prolongadas lluvias tambi\u00e9n han saturado las cuencas de r\u00edos y ocasionado deslaves de tierra sobre las principales v\u00edas.<\/p>\n<p class=\"selectionShareable\">El Ministerio de Transporte se\u00f1ala que en todo el pa\u00eds se han registrado <strong>359 derrumbes<\/strong>, lo que ha motivado el cierre constante de varias carreteras.<\/p>\n<p class=\"selectionShareable\">Solo en marzo de 2023, seg\u00fan el ministro del ramo, Diego Herrera, Ecuador recibi\u00f3<strong> 622 mil\u00edmetros de lluvia<\/strong>, \u201ceso es el doble que el promedio de los \u00faltimos 15 a\u00f1os\u201d.<\/p>\n<p class=\"selectionShareable\">Durante un evento p\u00fablico en Cuenca, Herrera se\u00f1al\u00f3 que las carreteras fueron hace 10 o 20 a\u00f1os, y debido a esto \u201c<strong>no estaban preparadas<\/strong> para recibir tal cantidad de agua\u201d.<\/p>\n<h2>Provincias con m\u00e1s problemas<\/h2>\n<p class=\"selectionShareable\">El director del ECU-911, Bol\u00edvar Tello, detall\u00f3 que las provincias donde se han registrado m\u00e1s alertas son <strong>Guayas y Pichincha:<\/strong><\/p>\n<ul>\n<li>Guayas: 164<\/li>\n<\/ul>\n<ul>\n<li>Pichincha: 163<\/li>\n<\/ul>\n<ul>\n<li>Azuay: 114<\/li>\n<\/ul>\n<ul>\n<li>Carchi: 98<\/li>\n<\/ul>\n<ul>\n<li>Resto de provincias: 522<\/li>\n<\/ul>\n<p class=\"selectionShareable\">Tello record\u00f3 que \u201ces necesario que ante cualquier novedad relacionada con las lluvias, las personas se comuniquen inmediatamente al 9-1-1 para coordinar la atenci\u00f3n oportuna\u201d.<\/p>\n<p class=\"selectionShareable\"><em>*Noticia publicada originalmente a las 12:35 del 27 de abril y actualizada a las 13:54 del mismo d\u00eda, con informaci\u00f3n del Ministerio de Transporte.<\/em><\/p>\n<div class=\"noticia__single__enlaces\"><\/div>\n<\/div>\n<p><a href=\"https:\/\/www.primicias.ec\/noticias\/sucesos\/emergencias-ecuador-deslaves-inundaciones\/\">https:\/\/www.primicias.ec\/noticias\/sucesos\/emergencias-ecuador-deslaves-inundaciones\/<\/a><\/p>\n","protected":false},"excerpt":{"rendered":"<p>Adem\u00e1s de las inundaciones, las fuertes lluvias tambi\u00e9n han ocasionado 359 derrumbes en las principales v\u00edas del pa\u00eds, reconoci\u00f3 el Ministerio de Transporte. La \u00e9poca invernal en Ecuador ha causado 1.061 emergencias, seg\u00fan el ECU-911. Ese n\u00famero corresponde a las alertas que ingresaron a trav\u00e9s de la l\u00ednea \u00fanica 911 o que fueron reportadas por el sistema de videovigilancia. Las emergencias han sido: Inundaciones (por acumulaci\u00f3n de agua, lluvias, desborde de r\u00edos): 791 (75%) Derrumbes, deslizamientos, deslaves: 241 (22%) Apoyo inundaciones y deslizamientos: 29 (3%) Seg\u00fan el comunicado del ECU: en enero se reportaron 151 eventos, en febrero hubo 180, marzo registr\u00f3 398 alertas y, en lo que va de abril, estas emergencias por invierno suman ya 332. \u201cV\u00edas no estaban preparadas\u201d\u00a0 Las prolongadas lluvias tambi\u00e9n han saturado las cuencas de r\u00edos y ocasionado deslaves de tierra sobre las principales v\u00edas. El Ministerio de Transporte se\u00f1ala que en todo el pa\u00eds se han registrado 359 derrumbes, lo que ha motivado el cierre constante de varias carreteras. Solo en marzo de 2023, seg\u00fan el ministro del ramo, Diego Herrera, Ecuador recibi\u00f3 622 mil\u00edmetros de lluvia, \u201ceso es el doble que el promedio de los \u00faltimos 15 a\u00f1os\u201d. Durante un evento p\u00fablico en Cuenca, Herrera se\u00f1al\u00f3 que las carreteras fueron hace 10 o 20 a\u00f1os, y debido a esto \u201cno estaban preparadas para recibir tal cantidad de agua\u201d. Provincias con m\u00e1s problemas El director del ECU-911, Bol\u00edvar Tello, detall\u00f3 que las provincias donde se han registrado m\u00e1s alertas son Guayas y Pichincha: Guayas: 164 Pichincha: 163 Azuay: 114 Carchi: 98 Resto de provincias: 522 Tello record\u00f3 que \u201ces necesario que ante cualquier novedad relacionada con las lluvias, las personas se comuniquen inmediatamente al 9-1-1 para coordinar la atenci\u00f3n oportuna\u201d. *Noticia publicada originalmente a las 12:35 del 27 de abril y actualizada a las 13:54 del mismo d\u00eda, con informaci\u00f3n del Ministerio de Transporte. https:\/\/www.primicias.ec\/noticias\/sucesos\/emergencias-ecuador-deslaves-inundaciones\/<\/p>\n","protected":false},"author":1,"featured_media":261696,"comment_status":"closed","ping_status":"closed","sticky":false,"template":"","format":"standard","meta":[],"categories":[35,24],"tags":[],"_links":{"self":[{"href":"https:\/\/www.ecuadortimes.net\/es\/wp-json\/wp\/v2\/posts\/261695"}],"collection":[{"href":"https:\/\/www.ecuadortimes.net\/es\/wp-json\/wp\/v2\/posts"}],"about":[{"href":"https:\/\/www.ecuadortimes.net\/es\/wp-json\/wp\/v2\/types\/post"}],"author":[{"embeddable":true,"href":"https:\/\/www.ecuadortimes.net\/es\/wp-json\/wp\/v2\/users\/1"}],"replies":[{"embeddable":true,"href":"https:\/\/www.ecuadortimes.net\/es\/wp-json\/wp\/v2\/comments?post=261695"}],"version-history":[{"count":1,"href":"https:\/\/www.ecuadortimes.net\/es\/wp-json\/wp\/v2\/posts\/261695\/revisions"}],"predecessor-version":[{"id":261697,"href":"https:\/\/www.ecuadortimes.net\/es\/wp-json\/wp\/v2\/posts\/261695\/revisions\/261697"}],"wp:featuredmedia":[{"embeddable":true,"href":"https:\/\/www.ecuadortimes.net\/es\/wp-json\/wp\/v2\/media\/261696"}],"wp:attachment":[{"href":"https:\/\/www.ecuadortimes.net\/es\/wp-json\/wp\/v2\/media?parent=261695"}],"wp:term":[{"taxonomy":"category","embeddable":true,"href":"https:\/\/www.ecuadortimes.net\/es\/wp-json\/wp\/v2\/categories?post=261695"},{"taxonomy":"post_tag","embeddable":true,"href":"https:\/\/www.ecuadortimes.net\/es\/wp-json\/wp\/v2\/tags?post=261695"}],"curies":[{"name":"wp","href":"https:\/\/api.w.org\/{rel}","templated":true}]}}